{"id":23982,"date":"2023-06-13T09:54:14","date_gmt":"2023-06-13T12:54:14","guid":{"rendered":"https:\/\/elfederalmendoza.com\/?p=23982"},"modified":"2023-06-13T09:54:15","modified_gmt":"2023-06-13T12:54:15","slug":"cayo-en-mendoza-una-banda-que-enganaba-a-ancianos-y-empleadas-domesticas-para-robar","status":"publish","type":"post","link":"https:\/\/elfederalmendoza.com.ar\/index.php\/2023\/06\/13\/cayo-en-mendoza-una-banda-que-enganaba-a-ancianos-y-empleadas-domesticas-para-robar\/","title":{"rendered":"Cay\u00f3 en Mendoza una banda que enga\u00f1aba a ancianos y empleadas dom\u00e9sticas para robar"},"content":{"rendered":"\n<p>Personal de la\u00a0Divisi\u00f3n Robos y Hurtos\u00a0de la Polic\u00eda de\u00a0<strong>Mendoza<\/strong>, luego de seis allanamientos, detuvo a una\u00a0<strong>banda de delincuentes<\/strong>\u00a0quienes enga\u00f1aban y distra\u00edan a personas de la tercera edad y a empleadas dom\u00e9sticas mientras el resto del equipo ingresaba a las casas para robar.<\/p>\n\n\n\n<p>En algunas oportunidades, solicitaban a trav\u00e9s de violencia y amenazas de \u201ccortar los dedos y electrocutar\u201d a las v\u00edctimas si estas no daban informaci\u00f3n sobre d\u00f3nde manten\u00edan escondido el dinero, joyas o elementos inform\u00e1ticos.\u00a0<\/p>\n\n\n\n<p>La metodolog\u00eda utilizada consist\u00eda en distraer a la v\u00edctima mientras limpiaba la vereda, luego de obligarla a ingresar al domicilio eran amenazadas y encerradas en el ba\u00f1o para poder registrar la casa. La\u00a0<strong>banda<\/strong>\u00a0se movilizaba por distintos departamentos del\u00a0<strong>Gran Mendoza<\/strong>: Luj\u00e1n, Maip\u00fa, Godoy Cruz y Guaymall\u00e9n. Utilizaban veh\u00edculos nuevos propios, robados o con patentes modificadas.<\/p>\n\n\n\n<p>En la serie de allanamientos realizados en Capital, Guaymall\u00e9n y Maip\u00fa se encontraron diferentes elementos denunciados por las v\u00edctimas como notebook, tablet, dinero en efectivo. Adem\u00e1s, se encontraron armas de fuego, cartuchos de distintos calibres, un Peugeot 208 con pedido de captura por robo en el 2022, ruedas y llantas, relojes, joyas y distintos estupefacientes.\u00a0<\/p>\n\n\n\n<p>Tras las investigaciones realizadas, se detuvo a Leonardo Gerbi de 37 a\u00f1os y conocido como \u201cEl Narig\u00f3n\u201d, a Jonathan \u201cEl Chino\u201d Arias de 31 a\u00f1os y a Brian \u201cEl Facha\u201d Casatte de 28 a\u00f1os. Las tres personas tienen antecedentes penales por\u00a0<strong>delitos<\/strong>\u00a0contra la propiedad; tambi\u00e9n es detenida una mujer, de quien no se comunic\u00f3 la identidad, con pedido de captura por delitos de robo.<\/p>\n","protected":false},"excerpt":{"rendered":"<p>Personal de la\u00a0Divisi\u00f3n Robos y Hurtos\u00a0de la Polic\u00eda de\u00a0Mendoza, luego de seis allanamientos, detuvo a una\u00a0banda de delincuentes\u00a0quienes enga\u00f1aban y distra\u00edan a personas de la tercera edad y a empleadas dom\u00e9sticas mientras el resto del equipo ingresaba a las casas para robar. En algunas oportunidades, solicitaban a trav\u00e9s de violencia y amenazas de \u201ccortar los<a class=\"read-more\" href=\"https:\/\/elfederalmendoza.com.ar\/index.php\/2023\/06\/13\/cayo-en-mendoza-una-banda-que-enganaba-a-ancianos-y-empleadas-domesticas-para-robar\/\"> [&hellip;]<\/a><\/p>\n","protected":false},"author":2,"featured_media":23983,"comment_status":"open","ping_status":"open","sticky":false,"template":"","format":"standard","meta":{"footnotes":""},"categories":[1],"tags":[],"class_list":["post-23982","post","type-post","status-publish","format-standard","has-post-thumbnail","hentry","category-mza"],"rttpg_featured_image_url":{"full":["https:\/\/elfederalmendoza.com.ar\/wp-content\/uploads\/2023\/06\/64885ecd3c618__700x430.webp",700,430,false],"landscape":["https:\/\/elfederalmendoza.com.ar\/wp-content\/uploads\/2023\/06\/64885ecd3c618__700x430.webp",700,430,false],"portraits":["https:\/\/elfederalmendoza.com.ar\/wp-content\/uploads\/2023\/06\/64885ecd3c618__700x430.webp",700,430,false],"thumbnail":["https:\/\/elfederalmendoza.com.ar\/wp-content\/uploads\/2023\/06\/64885ecd3c618__700x430-150x150.webp",150,150,true],"medium":["https:\/\/elfederalmendoza.com.ar\/wp-content\/uploads\/2023\/06\/64885ecd3c618__700x430-300x184.webp",300,184,true],"large":["https:\/\/elfederalmendoza.com.ar\/wp-content\/uploads\/2023\/06\/64885ecd3c618__700x430.webp",640,393,false],"1536x1536":["https:\/\/elfederalmendoza.com.ar\/wp-content\/uploads\/2023\/06\/64885ecd3c618__700x430.webp",700,430,false],"2048x2048":["https:\/\/elfederalmendoza.com.ar\/wp-content\/uploads\/2023\/06\/64885ecd3c618__700x430.webp",700,430,false],"ultp_layout_landscape_large":["https:\/\/elfederalmendoza.com.ar\/wp-content\/uploads\/2023\/06\/64885ecd3c618__700x430.webp",700,430,false],"ultp_layout_landscape":["https:\/\/elfederalmendoza.com.ar\/wp-content\/uploads\/2023\/06\/64885ecd3c618__700x430.webp",700,430,false],"ultp_layout_portrait":["https:\/\/elfederalmendoza.com.ar\/wp-content\/uploads\/2023\/06\/64885ecd3c618__700x430-600x430.webp",600,430,true],"ultp_layout_square":["https:\/\/elfederalmendoza.com.ar\/wp-content\/uploads\/2023\/06\/64885ecd3c618__700x430-600x430.webp",600,430,true],"rpwe-thumbnail":["https:\/\/elfederalmendoza.com.ar\/wp-content\/uploads\/2023\/06\/64885ecd3c618__700x430-45x45.webp",45,45,true],"advps-thumb-one":["https:\/\/elfederalmendoza.com.ar\/wp-content\/uploads\/2023\/06\/64885ecd3c618__700x430-700x420.webp",700,420,true]},"rttpg_author":{"display_name":"Redacci\u00f3n El Federal","author_link":"https:\/\/elfederalmendoza.com.ar\/index.php\/author\/angelflores\/"},"rttpg_comment":0,"rttpg_category":"<a href=\"https:\/\/elfederalmendoza.com.ar\/index.php\/category\/mza\/\" rel=\"category tag\">Mendoza<\/a>","rttpg_excerpt":"Personal de la\u00a0Divisi\u00f3n Robos y Hurtos\u00a0de la Polic\u00eda de\u00a0Mendoza, luego de seis allanamientos, detuvo a una\u00a0banda de delincuentes\u00a0quienes enga\u00f1aban y distra\u00edan a personas de la tercera edad y a empleadas dom\u00e9sticas mientras el resto del equipo ingresaba a las casas para robar. En algunas oportunidades, solicitaban a trav\u00e9s de violencia y amenazas de \u201ccortar los&hellip;","_links":{"self":[{"href":"https:\/\/elfederalmendoza.com.ar\/index.php\/wp-json\/wp\/v2\/posts\/23982","targetHints":{"allow":["GET"]}}],"collection":[{"href":"https:\/\/elfederalmendoza.com.ar\/index.php\/wp-json\/wp\/v2\/posts"}],"about":[{"href":"https:\/\/elfederalmendoza.com.ar\/index.php\/wp-json\/wp\/v2\/types\/post"}],"author":[{"embeddable":true,"href":"https:\/\/elfederalmendoza.com.ar\/index.php\/wp-json\/wp\/v2\/users\/2"}],"replies":[{"embeddable":true,"href":"https:\/\/elfederalmendoza.com.ar\/index.php\/wp-json\/wp\/v2\/comments?post=23982"}],"version-history":[{"count":1,"href":"https:\/\/elfederalmendoza.com.ar\/index.php\/wp-json\/wp\/v2\/posts\/23982\/revisions"}],"predecessor-version":[{"id":23985,"href":"https:\/\/elfederalmendoza.com.ar\/index.php\/wp-json\/wp\/v2\/posts\/23982\/revisions\/23985"}],"wp:featuredmedia":[{"embeddable":true,"href":"https:\/\/elfederalmendoza.com.ar\/index.php\/wp-json\/wp\/v2\/media\/23983"}],"wp:attachment":[{"href":"https:\/\/elfederalmendoza.com.ar\/index.php\/wp-json\/wp\/v2\/media?parent=23982"}],"wp:term":[{"taxonomy":"category","embeddable":true,"href":"https:\/\/elfederalmendoza.com.ar\/index.php\/wp-json\/wp\/v2\/categories?post=23982"},{"taxonomy":"post_tag","embeddable":true,"href":"https:\/\/elfederalmendoza.com.ar\/index.php\/wp-json\/wp\/v2\/tags?post=23982"}],"curies":[{"name":"wp","href":"https:\/\/api.w.org\/{rel}","templated":true}]}}