{"id":23987,"date":"2023-06-13T10:00:52","date_gmt":"2023-06-13T13:00:52","guid":{"rendered":"https:\/\/elfederalmendoza.com\/?p=23987"},"modified":"2023-06-13T10:00:53","modified_gmt":"2023-06-13T13:00:53","slug":"detuvieron-ni-bien-llego-a-mendoza-a-la-empleada-legislativa-denunciada-junto-a-cacho-garay","status":"publish","type":"post","link":"https:\/\/elfederalmendoza.com.ar\/index.php\/2023\/06\/13\/detuvieron-ni-bien-llego-a-mendoza-a-la-empleada-legislativa-denunciada-junto-a-cacho-garay\/","title":{"rendered":"Detuvieron ni bien lleg\u00f3 a Mendoza a la empleada legislativa denunciada junto a Cacho Garay"},"content":{"rendered":"\n<p>La empleada de la&nbsp;<strong>Legislatura<\/strong>&nbsp;provincial que fue denunciada por la ex pareja de<strong>&nbsp;Cacho Garay<\/strong>&nbsp;en la causa por&nbsp;<strong>abusos sexuales<\/strong>&nbsp;y amenazas, fue detenida la noche del lunes en el&nbsp;<strong>Aeropuerto Internacional Gobernador Francisco Gabrielli.<\/strong><\/p>\n\n\n\n<p>Fue luego de arribar a Mendoza desde Buenos Aires, luego de pasar unas vacaciones en el Caribe, que personal de la\u00a0<strong>Polic\u00eda de Seguridad Aeroportuaria\u00a0<\/strong>(<strong>PSA<\/strong>) la retuvo al verificar que se encontraba en la orden del d\u00eda.<\/p>\n\n\n\n<p>Por estas horas, el fiscal de<strong>&nbsp;Violencia de G\u00e9nero Daniel Carniello<\/strong>, quien lidera la instrucci\u00f3n, iba a ser formalmente notificado sobre la captura para que la mujer sea trasladada hacia el Polo Judicial, donde ser\u00e1 imputada.<\/p>\n\n\n\n<p>Adem\u00e1s, fuentes consultadas indicaron que\u00a0<mark>la mujer podr\u00eda declarar durante esta misma jornada, ya que le expres\u00f3 a su abogado defensor,\u00a0<strong>Carlos Moyano<\/strong>, la intenci\u00f3n de plasmar su versi\u00f3n en el expediente<\/mark>.<\/p>\n\n\n\n<p>En ese sentido, la acusada ya hab\u00eda hablado previamente con su representante legal y\u00a0<mark>neg\u00f3 haber conocido alguna vez a la ex de Garay, por ende tambi\u00e9n se deslig\u00f3 de las denuncias que la colocan como part\u00edcipe de los abusos sexuales<\/mark>.<\/p>\n\n\n\n<p>Lo cierto es que, luego de que se formalice la imputaci\u00f3n contra la trabajadora de la Casa de las Leyes,&nbsp;<mark>lo m\u00e1s probable es que se le otorgue la detenci\u00f3n domiciliaria, tal como lo solicit\u00f3 la defensa<\/mark>.<\/p>\n\n\n\n<p>En tanto, pasado el mediod\u00eda se realizar\u00e1 una audiencia en la que\u00a0<mark>se tratar\u00e1 el pedido de los querellantes\u00a0<strong>Agust\u00edn Magdalena\u00a0<\/strong>y<strong>\u00a0Cristian Vaira Leyton\u00a0<\/strong>para la revocaci\u00f3n de la domiciliaria a Garay<\/mark>, quien se encuentra alojado en la casa de su hermana desde hace varias semanas.<\/p>\n\n\n\n<p>La jueza\u00a0<strong>Alejandra Mauricio\u00a0<\/strong>escuchar\u00e1 los argumentos de los letrados, as\u00ed como tambi\u00e9n se espera a que la defensa del humorista haga diferentes planteos cuestionando la investigaci\u00f3n, en lo que se espera que sea una intensa y larga jornada.<\/p>\n","protected":false},"excerpt":{"rendered":"<p>La empleada de la&nbsp;Legislatura&nbsp;provincial que fue denunciada por la ex pareja de&nbsp;Cacho Garay&nbsp;en la causa por&nbsp;abusos sexuales&nbsp;y amenazas, fue detenida la noche del lunes en el&nbsp;Aeropuerto Internacional Gobernador Francisco Gabrielli. Fue luego de arribar a Mendoza desde Buenos Aires, luego de pasar unas vacaciones en el Caribe, que personal de la\u00a0Polic\u00eda de Seguridad Aeroportuaria\u00a0(PSA) la<a class=\"read-more\" href=\"https:\/\/elfederalmendoza.com.ar\/index.php\/2023\/06\/13\/detuvieron-ni-bien-llego-a-mendoza-a-la-empleada-legislativa-denunciada-junto-a-cacho-garay\/\"> [&hellip;]<\/a><\/p>\n","protected":false},"author":2,"featured_media":22362,"comment_status":"open","ping_status":"open","sticky":false,"template":"","format":"standard","meta":{"footnotes":""},"categories":[1],"tags":[],"class_list":["post-23987","post","type-post","status-publish","format-standard","has-post-thumbnail","hentry","category-mza"],"rttpg_featured_image_url":{"full":["https:\/\/elfederalmendoza.com.ar\/wp-content\/uploads\/2023\/04\/cacho-garay-nauseas.jpg",1034,643,false],"landscape":["https:\/\/elfederalmendoza.com.ar\/wp-content\/uploads\/2023\/04\/cacho-garay-nauseas.jpg",1034,643,false],"portraits":["https:\/\/elfederalmendoza.com.ar\/wp-content\/uploads\/2023\/04\/cacho-garay-nauseas.jpg",1034,643,false],"thumbnail":["https:\/\/elfederalmendoza.com.ar\/wp-content\/uploads\/2023\/04\/cacho-garay-nauseas-150x150.jpg",150,150,true],"medium":["https:\/\/elfederalmendoza.com.ar\/wp-content\/uploads\/2023\/04\/cacho-garay-nauseas-300x187.jpg",300,187,true],"large":["https:\/\/elfederalmendoza.com.ar\/wp-content\/uploads\/2023\/04\/cacho-garay-nauseas-1024x637.jpg",640,398,true],"1536x1536":["https:\/\/elfederalmendoza.com.ar\/wp-content\/uploads\/2023\/04\/cacho-garay-nauseas.jpg",1034,643,false],"2048x2048":["https:\/\/elfederalmendoza.com.ar\/wp-content\/uploads\/2023\/04\/cacho-garay-nauseas.jpg",1034,643,false],"ultp_layout_landscape_large":["https:\/\/elfederalmendoza.com.ar\/wp-content\/uploads\/2023\/04\/cacho-garay-nauseas.jpg",1034,643,false],"ultp_layout_landscape":["https:\/\/elfederalmendoza.com.ar\/wp-content\/uploads\/2023\/04\/cacho-garay-nauseas-870x570.jpg",870,570,true],"ultp_layout_portrait":["https:\/\/elfederalmendoza.com.ar\/wp-content\/uploads\/2023\/04\/cacho-garay-nauseas-600x643.jpg",600,643,true],"ultp_layout_square":["https:\/\/elfederalmendoza.com.ar\/wp-content\/uploads\/2023\/04\/cacho-garay-nauseas-600x600.jpg",600,600,true],"rpwe-thumbnail":["https:\/\/elfederalmendoza.com.ar\/wp-content\/uploads\/2023\/04\/cacho-garay-nauseas-45x45.jpg",45,45,true],"advps-thumb-one":["https:\/\/elfederalmendoza.com.ar\/wp-content\/uploads\/2023\/04\/cacho-garay-nauseas-1034x420.jpg",1034,420,true]},"rttpg_author":{"display_name":"Redacci\u00f3n El Federal","author_link":"https:\/\/elfederalmendoza.com.ar\/index.php\/author\/angelflores\/"},"rttpg_comment":0,"rttpg_category":"<a href=\"https:\/\/elfederalmendoza.com.ar\/index.php\/category\/mza\/\" rel=\"category tag\">Mendoza<\/a>","rttpg_excerpt":"La empleada de la&nbsp;Legislatura&nbsp;provincial que fue denunciada por la ex pareja de&nbsp;Cacho Garay&nbsp;en la causa por&nbsp;abusos sexuales&nbsp;y amenazas, fue detenida la noche del lunes en el&nbsp;Aeropuerto Internacional Gobernador Francisco Gabrielli. Fue luego de arribar a Mendoza desde Buenos Aires, luego de pasar unas vacaciones en el Caribe, que personal de la\u00a0Polic\u00eda de Seguridad Aeroportuaria\u00a0(PSA) la&hellip;","_links":{"self":[{"href":"https:\/\/elfederalmendoza.com.ar\/index.php\/wp-json\/wp\/v2\/posts\/23987","targetHints":{"allow":["GET"]}}],"collection":[{"href":"https:\/\/elfederalmendoza.com.ar\/index.php\/wp-json\/wp\/v2\/posts"}],"about":[{"href":"https:\/\/elfederalmendoza.com.ar\/index.php\/wp-json\/wp\/v2\/types\/post"}],"author":[{"embeddable":true,"href":"https:\/\/elfederalmendoza.com.ar\/index.php\/wp-json\/wp\/v2\/users\/2"}],"replies":[{"embeddable":true,"href":"https:\/\/elfederalmendoza.com.ar\/index.php\/wp-json\/wp\/v2\/comments?post=23987"}],"version-history":[{"count":2,"href":"https:\/\/elfederalmendoza.com.ar\/index.php\/wp-json\/wp\/v2\/posts\/23987\/revisions"}],"predecessor-version":[{"id":23991,"href":"https:\/\/elfederalmendoza.com.ar\/index.php\/wp-json\/wp\/v2\/posts\/23987\/revisions\/23991"}],"wp:featuredmedia":[{"embeddable":true,"href":"https:\/\/elfederalmendoza.com.ar\/index.php\/wp-json\/wp\/v2\/media\/22362"}],"wp:attachment":[{"href":"https:\/\/elfederalmendoza.com.ar\/index.php\/wp-json\/wp\/v2\/media?parent=23987"}],"wp:term":[{"taxonomy":"category","embeddable":true,"href":"https:\/\/elfederalmendoza.com.ar\/index.php\/wp-json\/wp\/v2\/categories?post=23987"},{"taxonomy":"post_tag","embeddable":true,"href":"https:\/\/elfederalmendoza.com.ar\/index.php\/wp-json\/wp\/v2\/tags?post=23987"}],"curies":[{"name":"wp","href":"https:\/\/api.w.org\/{rel}","templated":true}]}}