{"id":23995,"date":"2023-06-13T01:18:00","date_gmt":"2023-06-13T04:18:00","guid":{"rendered":"https:\/\/elfederalmendoza.com\/?p=23995"},"modified":"2023-06-13T12:08:03","modified_gmt":"2023-06-13T15:08:03","slug":"video-sensible-al-lector-una-mujer-desperto-en-el-ataud-mientras-la-velaban","status":"publish","type":"post","link":"https:\/\/elfederalmendoza.com.ar\/index.php\/2023\/06\/13\/video-sensible-al-lector-una-mujer-desperto-en-el-ataud-mientras-la-velaban\/","title":{"rendered":"Video sensible al lector: una mujer despert\u00f3 en el ata\u00fad mientras la velaban"},"content":{"rendered":"\n<p>Una historia incre\u00edble sacudi\u00f3 a&nbsp;<strong>Ecuador<\/strong>&nbsp;en las \u00faltimas horas.&nbsp;<strong>Una anciana de 76 a\u00f1os<\/strong>, identificada como Bella Montoya,&nbsp;<strong>despert\u00f3 dentro de un ata\u00fad tras cinco horas de velatorio<\/strong>&nbsp;y ahora permanece internada en un hospital estatal donde hab\u00eda sido declarada muerta.<\/p>\n\n\n\n<p>El ins\u00f3lito caso fue registrado en&nbsp;<strong>video<\/strong>&nbsp;y difundido en la red social&nbsp;<em>Twitter<\/em>, donde se puede ver a Montoya en su&nbsp;<strong>ata\u00fad ya abierto&nbsp;<\/strong>y respirando con dificultad tras el prolongado encierro, mientras dos hombres la asisten, seg\u00fan confirm\u00f3 la agencia&nbsp;<a href=\"https:\/\/www.afp.com\/es\" target=\"_blank\" rel=\"noreferrer noopener\"><em>AFP<\/em><\/a>.<\/p>\n\n\n\n<p>Seg\u00fan relat\u00f3 el hijo de la mujer, Gilbert Balber\u00e1n, en declaraciones a medios locales,<strong>&nbsp;su madre \u00abcon la mano izquierda golpeaba la caja y la mano lat\u00eda\u00bb<\/strong>. Adem\u00e1s, Balber\u00e1n cont\u00f3 que debi\u00f3 gestionar la donaci\u00f3n del ata\u00fad por falta de dinero y que incluso&nbsp;<strong>les dieron un certificado de defunci\u00f3n.<\/strong><\/p>\n\n\n\n<figure class=\"wp-block-video\"><video controls src=\"https:\/\/elfederalmendoza.com\/wp-content\/uploads\/2023\/06\/0040768854.mp4\"><\/video><\/figure>\n\n\n\n<p>La noticia de la \u00abresurrecci\u00f3n\u00bb de la anciana se hizo eco en la prensa local. \u00abMi mami est\u00e1 con ox\u00edgeno. Su coraz\u00f3n est\u00e1 estable. El m\u00e9dico pellizc\u00f3 su mano y ella reaccion\u00f3; me dicen que eso es bueno porque significa que est\u00e1 reaccionando de a poco\u00bb, afirm\u00f3 el hijo en declaraciones a&nbsp;<a href=\"https:\/\/www.eluniverso.com\/\" target=\"_blank\" rel=\"noreferrer noopener\"><em>El Universo<\/em><\/a>.<\/p>\n\n\n\n<p>El viernes Montoya fue declarada fallecida en el sanatorio p\u00fablico Mart\u00edn Icaza de la localidad costera de Babahoyo (suroeste). Ingres\u00f3 a ese hospital \u00abcon diagn\u00f3stico presuntivo de accidente cerebrovascular y tuvo un paro cardiorrespiratorio sin responder a las maniobras de reanimaci\u00f3n, por lo que el m\u00e9dico de turno confirm\u00f3 su deceso\u00bb, admiti\u00f3 el Ministerio de Salud en un comunicado.<\/p>\n\n\n\n<p>Ante esta situaci\u00f3n, la cartera sanitaria conform\u00f3 un Comit\u00e9 T\u00e9cnico Nacional para analizar el caso a profundidad e iniciar\u00e1 una auditor\u00eda m\u00e9dica para establecer responsabilidades ante la supuesta confirmaci\u00f3n de la muerte.<\/p>\n\n\n\n<p>La anciana, quien habr\u00eda sufrido una catalepsia seg\u00fan medios locales, permanece intubada y con diagn\u00f3stico reservado en la Unidad de Cuidados Intensivos (UCI) del hospital, mientras que el Ministerio de Salud supervisar\u00e1 la atenci\u00f3n a la paciente. Por su parte, Balber\u00e1n expres\u00f3 su deseo de que la salud de su madre mejore y afirm\u00f3 que la quiere con vida y a su lado.<\/p>\n\n\n\n<figure class=\"wp-block-image is-resized\"><img loading=\"lazy\" decoding=\"async\" src=\"https:\/\/www.mendozapost.com\/files\/image\/488\/488509\/64877f0fdfb9f_570_427!.jpg?s=f7a2ef92cd528cc1975684e05aecdb1c&amp;d=1686601491\" alt=\"\" width=\"834\" height=\"625\"\/><figcaption class=\"wp-element-caption\">As\u00ed sacaban a la anciana del ata\u00fad.<\/figcaption><\/figure>\n","protected":false},"excerpt":{"rendered":"<p>Una historia incre\u00edble sacudi\u00f3 a&nbsp;Ecuador&nbsp;en las \u00faltimas horas.&nbsp;Una anciana de 76 a\u00f1os, identificada como Bella Montoya,&nbsp;despert\u00f3 dentro de un ata\u00fad tras cinco horas de velatorio&nbsp;y ahora permanece internada en un hospital estatal donde hab\u00eda sido declarada muerta. El ins\u00f3lito caso fue registrado en&nbsp;video&nbsp;y difundido en la red social&nbsp;Twitter, donde se puede ver a Montoya en<a class=\"read-more\" href=\"https:\/\/elfederalmendoza.com.ar\/index.php\/2023\/06\/13\/video-sensible-al-lector-una-mujer-desperto-en-el-ataud-mientras-la-velaban\/\"> [&hellip;]<\/a><\/p>\n","protected":false},"author":2,"featured_media":23998,"comment_status":"open","ping_status":"open","sticky":false,"template":"","format":"standard","meta":{"footnotes":""},"categories":[5619],"tags":[],"class_list":["post-23995","post","type-post","status-publish","format-standard","has-post-thumbnail","hentry","category-mundo"],"rttpg_featured_image_url":{"full":["https:\/\/elfederalmendoza.com.ar\/wp-content\/uploads\/2023\/06\/en-el-cajon.jpg",1106,565,false],"landscape":["https:\/\/elfederalmendoza.com.ar\/wp-content\/uploads\/2023\/06\/en-el-cajon.jpg",1106,565,false],"portraits":["https:\/\/elfederalmendoza.com.ar\/wp-content\/uploads\/2023\/06\/en-el-cajon.jpg",1106,565,false],"thumbnail":["https:\/\/elfederalmendoza.com.ar\/wp-content\/uploads\/2023\/06\/en-el-cajon-150x150.jpg",150,150,true],"medium":["https:\/\/elfederalmendoza.com.ar\/wp-content\/uploads\/2023\/06\/en-el-cajon-300x153.jpg",300,153,true],"large":["https:\/\/elfederalmendoza.com.ar\/wp-content\/uploads\/2023\/06\/en-el-cajon-1024x523.jpg",640,327,true],"1536x1536":["https:\/\/elfederalmendoza.com.ar\/wp-content\/uploads\/2023\/06\/en-el-cajon.jpg",1106,565,false],"2048x2048":["https:\/\/elfederalmendoza.com.ar\/wp-content\/uploads\/2023\/06\/en-el-cajon.jpg",1106,565,false],"ultp_layout_landscape_large":["https:\/\/elfederalmendoza.com.ar\/wp-content\/uploads\/2023\/06\/en-el-cajon.jpg",1106,565,false],"ultp_layout_landscape":["https:\/\/elfederalmendoza.com.ar\/wp-content\/uploads\/2023\/06\/en-el-cajon-870x565.jpg",870,565,true],"ultp_layout_portrait":["https:\/\/elfederalmendoza.com.ar\/wp-content\/uploads\/2023\/06\/en-el-cajon-600x565.jpg",600,565,true],"ultp_layout_square":["https:\/\/elfederalmendoza.com.ar\/wp-content\/uploads\/2023\/06\/en-el-cajon-600x565.jpg",600,565,true],"rpwe-thumbnail":["https:\/\/elfederalmendoza.com.ar\/wp-content\/uploads\/2023\/06\/en-el-cajon-45x45.jpg",45,45,true],"advps-thumb-one":["https:\/\/elfederalmendoza.com.ar\/wp-content\/uploads\/2023\/06\/en-el-cajon-1106x420.jpg",1106,420,true]},"rttpg_author":{"display_name":"Redacci\u00f3n El Federal","author_link":"https:\/\/elfederalmendoza.com.ar\/index.php\/author\/angelflores\/"},"rttpg_comment":0,"rttpg_category":"<a href=\"https:\/\/elfederalmendoza.com.ar\/index.php\/category\/mundo\/\" rel=\"category tag\">El Mundo<\/a>","rttpg_excerpt":"Una historia incre\u00edble sacudi\u00f3 a&nbsp;Ecuador&nbsp;en las \u00faltimas horas.&nbsp;Una anciana de 76 a\u00f1os, identificada como Bella Montoya,&nbsp;despert\u00f3 dentro de un ata\u00fad tras cinco horas de velatorio&nbsp;y ahora permanece internada en un hospital estatal donde hab\u00eda sido declarada muerta. El ins\u00f3lito caso fue registrado en&nbsp;video&nbsp;y difundido en la red social&nbsp;Twitter, donde se puede ver a Montoya en&hellip;","_links":{"self":[{"href":"https:\/\/elfederalmendoza.com.ar\/index.php\/wp-json\/wp\/v2\/posts\/23995","targetHints":{"allow":["GET"]}}],"collection":[{"href":"https:\/\/elfederalmendoza.com.ar\/index.php\/wp-json\/wp\/v2\/posts"}],"about":[{"href":"https:\/\/elfederalmendoza.com.ar\/index.php\/wp-json\/wp\/v2\/types\/post"}],"author":[{"embeddable":true,"href":"https:\/\/elfederalmendoza.com.ar\/index.php\/wp-json\/wp\/v2\/users\/2"}],"replies":[{"embeddable":true,"href":"https:\/\/elfederalmendoza.com.ar\/index.php\/wp-json\/wp\/v2\/comments?post=23995"}],"version-history":[{"count":2,"href":"https:\/\/elfederalmendoza.com.ar\/index.php\/wp-json\/wp\/v2\/posts\/23995\/revisions"}],"predecessor-version":[{"id":24011,"href":"https:\/\/elfederalmendoza.com.ar\/index.php\/wp-json\/wp\/v2\/posts\/23995\/revisions\/24011"}],"wp:featuredmedia":[{"embeddable":true,"href":"https:\/\/elfederalmendoza.com.ar\/index.php\/wp-json\/wp\/v2\/media\/23998"}],"wp:attachment":[{"href":"https:\/\/elfederalmendoza.com.ar\/index.php\/wp-json\/wp\/v2\/media?parent=23995"}],"wp:term":[{"taxonomy":"category","embeddable":true,"href":"https:\/\/elfederalmendoza.com.ar\/index.php\/wp-json\/wp\/v2\/categories?post=23995"},{"taxonomy":"post_tag","embeddable":true,"href":"https:\/\/elfederalmendoza.com.ar\/index.php\/wp-json\/wp\/v2\/tags?post=23995"}],"curies":[{"name":"wp","href":"https:\/\/api.w.org\/{rel}","templated":true}]}}