{"id":24002,"date":"2023-06-13T04:31:00","date_gmt":"2023-06-13T07:31:00","guid":{"rendered":"https:\/\/elfederalmendoza.com\/?p=24002"},"modified":"2023-06-13T12:07:16","modified_gmt":"2023-06-13T15:07:16","slug":"detuvieron-en-el-aeropuerto-a-la-mujer-denunciada-por-la-ex-de-cacho-garay-y-nego-los-abusos","status":"publish","type":"post","link":"https:\/\/elfederalmendoza.com.ar\/index.php\/2023\/06\/13\/detuvieron-en-el-aeropuerto-a-la-mujer-denunciada-por-la-ex-de-cacho-garay-y-nego-los-abusos\/","title":{"rendered":"Detuvieron en el aeropuerto a la mujer denunciada por la ex de Cacho Garay y neg\u00f3 los abusos"},"content":{"rendered":"\n<p>La empleada de la&nbsp;<strong>Legislatura<\/strong>&nbsp;provincial que fue denunciada por la ex pareja de<strong>&nbsp;Cacho Garay<\/strong>&nbsp;en la causa por&nbsp;<strong>abusos sexuales<\/strong>&nbsp;y amenazas, fue detenida la noche del lunes en el&nbsp;<strong>Aeropuerto Internacional Gobernador Francisco Gabrielli.<\/strong><\/p>\n\n\n\n<p>Fue luego de arribar a Mendoza desde Buenos Aires, luego de pasar unas vacaciones en el Caribe, que personal de la&nbsp;<strong>Polic\u00eda de Seguridad Aeroportuaria&nbsp;<\/strong>(<strong>PSA<\/strong>) la retuvo al verificar que se encontraba en la orden del d\u00eda.<\/p>\n\n\n\n<p>Por estas horas, el fiscal de<strong>&nbsp;Violencia de G\u00e9nero Daniel Carniello<\/strong>, quien lidera la instrucci\u00f3n, iba a ser formalmente notificado sobre la captura para que la mujer sea trasladada hacia el Polo Judicial, donde ser\u00e1 imputada.<\/p>\n\n\n\n<figure class=\"wp-block-image size-full is-resized\"><img loading=\"lazy\" decoding=\"async\" src=\"https:\/\/elfederalmendoza.com\/wp-content\/uploads\/2023\/06\/cacho-garay-y-mujer1.jpg\" alt=\"\" class=\"wp-image-24008\" width=\"838\" height=\"499\" srcset=\"https:\/\/elfederalmendoza.com.ar\/wp-content\/uploads\/2023\/06\/cacho-garay-y-mujer1.jpg 591w, https:\/\/elfederalmendoza.com.ar\/wp-content\/uploads\/2023\/06\/cacho-garay-y-mujer1-300x179.jpg 300w\" sizes=\"auto, (max-width: 838px) 100vw, 838px\" \/><\/figure>\n\n\n\n<p>Adem\u00e1s, fuentes consultadas indicaron que&nbsp;<mark>la mujer podr\u00eda declarar durante esta misma jornada, ya que le expres\u00f3 a su abogado defensor,&nbsp;<strong>Carlos Moyano<\/strong>, la intenci\u00f3n de plasmar su versi\u00f3n en el expediente<\/mark>.<\/p>\n\n\n\n<p>En ese sentido, la acusada ya hab\u00eda hablado previamente con su representante legal y&nbsp;<mark>neg\u00f3 haber conocido alguna vez a la ex de Garay, por ende tambi\u00e9n se deslig\u00f3 de las denuncias que la colocan como part\u00edcipe de los abusos sexuales<\/mark>.<\/p>\n\n\n\n<p>Lo cierto es que, luego de que se formalice la imputaci\u00f3n contra la trabajadora de la Casa de las Leyes,&nbsp;<mark>lo m\u00e1s probable es que se le otorgue la detenci\u00f3n domiciliaria, tal como lo solicit\u00f3 la defensa<\/mark>.<\/p>\n\n\n\n<p>En tanto, pasado el mediod\u00eda se realizar\u00e1 una audiencia en la que&nbsp;<mark>se tratar\u00e1 el pedido de los querellantes&nbsp;<strong>Agust\u00edn Magdalena&nbsp;<\/strong>y<strong>&nbsp;Cristian Vaira Leyton&nbsp;<\/strong>para la revocaci\u00f3n de la domiciliaria a Garay<\/mark>, quien se encuentra alojado en la casa de su hermana desde hace varias semanas.<\/p>\n\n\n\n<p>La jueza&nbsp;<strong>Alejandra Mauricio&nbsp;<\/strong>escuchar\u00e1 los argumentos de los letrados, as\u00ed como tambi\u00e9n se espera a que la defensa del humorista haga diferentes planteos cuestionando la investigaci\u00f3n, en lo que se espera que sea una intensa y larga jornada.<\/p>\n\n\n\n<p><\/p>\n","protected":false},"excerpt":{"rendered":"<p>La empleada de la&nbsp;Legislatura&nbsp;provincial que fue denunciada por la ex pareja de&nbsp;Cacho Garay&nbsp;en la causa por&nbsp;abusos sexuales&nbsp;y amenazas, fue detenida la noche del lunes en el&nbsp;Aeropuerto Internacional Gobernador Francisco Gabrielli. Fue luego de arribar a Mendoza desde Buenos Aires, luego de pasar unas vacaciones en el Caribe, que personal de la&nbsp;Polic\u00eda de Seguridad Aeroportuaria&nbsp;(PSA) la<a class=\"read-more\" href=\"https:\/\/elfederalmendoza.com.ar\/index.php\/2023\/06\/13\/detuvieron-en-el-aeropuerto-a-la-mujer-denunciada-por-la-ex-de-cacho-garay-y-nego-los-abusos\/\"> [&hellip;]<\/a><\/p>\n","protected":false},"author":2,"featured_media":24004,"comment_status":"open","ping_status":"open","sticky":false,"template":"","format":"standard","meta":{"footnotes":""},"categories":[1],"tags":[],"class_list":["post-24002","post","type-post","status-publish","format-standard","has-post-thumbnail","hentry","category-mza"],"rttpg_featured_image_url":{"full":["https:\/\/elfederalmendoza.com.ar\/wp-content\/uploads\/2023\/06\/cacho-garay-y-mujer.jpg",1124,514,false],"landscape":["https:\/\/elfederalmendoza.com.ar\/wp-content\/uploads\/2023\/06\/cacho-garay-y-mujer.jpg",1124,514,false],"portraits":["https:\/\/elfederalmendoza.com.ar\/wp-content\/uploads\/2023\/06\/cacho-garay-y-mujer.jpg",1124,514,false],"thumbnail":["https:\/\/elfederalmendoza.com.ar\/wp-content\/uploads\/2023\/06\/cacho-garay-y-mujer-150x150.jpg",150,150,true],"medium":["https:\/\/elfederalmendoza.com.ar\/wp-content\/uploads\/2023\/06\/cacho-garay-y-mujer-300x137.jpg",300,137,true],"large":["https:\/\/elfederalmendoza.com.ar\/wp-content\/uploads\/2023\/06\/cacho-garay-y-mujer-1024x468.jpg",640,293,true],"1536x1536":["https:\/\/elfederalmendoza.com.ar\/wp-content\/uploads\/2023\/06\/cacho-garay-y-mujer.jpg",1124,514,false],"2048x2048":["https:\/\/elfederalmendoza.com.ar\/wp-content\/uploads\/2023\/06\/cacho-garay-y-mujer.jpg",1124,514,false],"ultp_layout_landscape_large":["https:\/\/elfederalmendoza.com.ar\/wp-content\/uploads\/2023\/06\/cacho-garay-y-mujer.jpg",1124,514,false],"ultp_layout_landscape":["https:\/\/elfederalmendoza.com.ar\/wp-content\/uploads\/2023\/06\/cacho-garay-y-mujer-870x514.jpg",870,514,true],"ultp_layout_portrait":["https:\/\/elfederalmendoza.com.ar\/wp-content\/uploads\/2023\/06\/cacho-garay-y-mujer-600x514.jpg",600,514,true],"ultp_layout_square":["https:\/\/elfederalmendoza.com.ar\/wp-content\/uploads\/2023\/06\/cacho-garay-y-mujer-600x514.jpg",600,514,true],"rpwe-thumbnail":["https:\/\/elfederalmendoza.com.ar\/wp-content\/uploads\/2023\/06\/cacho-garay-y-mujer-45x45.jpg",45,45,true],"advps-thumb-one":["https:\/\/elfederalmendoza.com.ar\/wp-content\/uploads\/2023\/06\/cacho-garay-y-mujer-1124x420.jpg",1124,420,true]},"rttpg_author":{"display_name":"Redacci\u00f3n El Federal","author_link":"https:\/\/elfederalmendoza.com.ar\/index.php\/author\/angelflores\/"},"rttpg_comment":0,"rttpg_category":"<a href=\"https:\/\/elfederalmendoza.com.ar\/index.php\/category\/mza\/\" rel=\"category tag\">Mendoza<\/a>","rttpg_excerpt":"La empleada de la&nbsp;Legislatura&nbsp;provincial que fue denunciada por la ex pareja de&nbsp;Cacho Garay&nbsp;en la causa por&nbsp;abusos sexuales&nbsp;y amenazas, fue detenida la noche del lunes en el&nbsp;Aeropuerto Internacional Gobernador Francisco Gabrielli. Fue luego de arribar a Mendoza desde Buenos Aires, luego de pasar unas vacaciones en el Caribe, que personal de la&nbsp;Polic\u00eda de Seguridad Aeroportuaria&nbsp;(PSA) la&hellip;","_links":{"self":[{"href":"https:\/\/elfederalmendoza.com.ar\/index.php\/wp-json\/wp\/v2\/posts\/24002","targetHints":{"allow":["GET"]}}],"collection":[{"href":"https:\/\/elfederalmendoza.com.ar\/index.php\/wp-json\/wp\/v2\/posts"}],"about":[{"href":"https:\/\/elfederalmendoza.com.ar\/index.php\/wp-json\/wp\/v2\/types\/post"}],"author":[{"embeddable":true,"href":"https:\/\/elfederalmendoza.com.ar\/index.php\/wp-json\/wp\/v2\/users\/2"}],"replies":[{"embeddable":true,"href":"https:\/\/elfederalmendoza.com.ar\/index.php\/wp-json\/wp\/v2\/comments?post=24002"}],"version-history":[{"count":3,"href":"https:\/\/elfederalmendoza.com.ar\/index.php\/wp-json\/wp\/v2\/posts\/24002\/revisions"}],"predecessor-version":[{"id":24010,"href":"https:\/\/elfederalmendoza.com.ar\/index.php\/wp-json\/wp\/v2\/posts\/24002\/revisions\/24010"}],"wp:featuredmedia":[{"embeddable":true,"href":"https:\/\/elfederalmendoza.com.ar\/index.php\/wp-json\/wp\/v2\/media\/24004"}],"wp:attachment":[{"href":"https:\/\/elfederalmendoza.com.ar\/index.php\/wp-json\/wp\/v2\/media?parent=24002"}],"wp:term":[{"taxonomy":"category","embeddable":true,"href":"https:\/\/elfederalmendoza.com.ar\/index.php\/wp-json\/wp\/v2\/categories?post=24002"},{"taxonomy":"post_tag","embeddable":true,"href":"https:\/\/elfederalmendoza.com.ar\/index.php\/wp-json\/wp\/v2\/tags?post=24002"}],"curies":[{"name":"wp","href":"https:\/\/api.w.org\/{rel}","templated":true}]}}