{"id":24028,"date":"2023-06-14T07:59:32","date_gmt":"2023-06-14T10:59:32","guid":{"rendered":"https:\/\/elfederalmendoza.com\/?p=24028"},"modified":"2023-06-14T07:59:32","modified_gmt":"2023-06-14T10:59:32","slug":"este-es-el-hombre-detenido-por-violar-a-una-turista-uruguaya-en-cacheuta","status":"publish","type":"post","link":"https:\/\/elfederalmendoza.com.ar\/index.php\/2023\/06\/14\/este-es-el-hombre-detenido-por-violar-a-una-turista-uruguaya-en-cacheuta\/","title":{"rendered":"Este es el hombre detenido por violar a una turista uruguaya en Cacheuta"},"content":{"rendered":"\n<p>Un<strong>\u00a0joven de 25 a\u00f1os fue detenid<\/strong>o este martes\u00a0<strong>acusado<\/strong>\u00a0de haber\u00a0<strong>abusado sexualmente de una turista<\/strong>\u00a0de nacionalidad\u00a0<strong>uruguaya<\/strong>\u00a0en\u00a0<strong>Cacheuta<\/strong>, el pasado s\u00e1bado 10 de junio. El\u00a0<strong>sospechoso<\/strong>\u00a0fue identificado como\u00a0<strong>Franco Javier Perciasepe.<\/strong><\/p>\n\n\n\n<p>Seg\u00fan la denuncia, el episodio sucedi\u00f3 en cercan\u00edas de un<strong>\u00a0complejo de caba\u00f1as\u00a0<\/strong>ubicadas en esa zona tur\u00edstica de\u00a0<strong>Luj\u00e1n de Cuyo<\/strong>.\u00a0<strong>La mujer, de 52 a\u00f1os, sali\u00f3\u00a0caminar<\/strong>\u00a0y fue interceptada por un\u00a0<strong>hombre<\/strong>, quien empu\u00f1ando un\u00a0<strong>cuchillo<\/strong>\u00a0intent\u00f3 asaltarla. Ante la resistencia de la v\u00edctima,<strong>\u00a0la tir\u00f3 al piso y abus\u00f3 sexualmente de ella.<\/strong><\/p>\n\n\n\n<figure class=\"wp-block-image is-resized\"><img loading=\"lazy\" decoding=\"async\" src=\"https:\/\/www.mendozapost.com\/files\/image\/488\/488817\/64890eb39b23c_570_321!.jpg?s=6bca0f0b8c0a57de94ea454fdcaabac2&amp;d=1686703799\" alt=\"\" width=\"837\" height=\"471\"\/><figcaption class=\"wp-element-caption\">Una empleada de las caba\u00f1as llam\u00f3 al 911 cuando la turista le pidi\u00f3 ayuda.<\/figcaption><\/figure>\n\n\n\n<p>La mujer regres\u00f3 a la caba\u00f1a donde se hospedaba y una empleada del complejo llam\u00f3 al 911 para denunciar el hecho.<\/p>\n\n\n\n<p>Seg\u00fan trascendi\u00f3, los investigadores lograron dar con el presunto autor del abuso en el departamento de Maip\u00fa, tras ser\u00a0<strong>sometido a un cotejo de ADN que dio positivo.<\/strong><\/p>\n\n\n\n<p>El&nbsp;<strong>sospechoso tiene antecedentes por robo, violencia de g\u00e9nero y amenazas, entre otros<\/strong>, y por ello su perfil estaba cargado en la base de datos del Registro Provincial de Huellas Gen\u00e9ticas Digitalizadas, dependiente del Ministerio P\u00fablico Fiscal, detallaron fuentes de la investigaci\u00f3n.<\/p>\n\n\n\n<figure class=\"wp-block-image is-resized\"><img loading=\"lazy\" decoding=\"async\" src=\"https:\/\/www.mendozapost.com\/files\/image\/396\/396185\/62d319e5d40fe_570_380!.jpg?s=57eab24b294ee3c09e9c97add0657eb7&amp;d=1658001897\" alt=\"\" width=\"834\" height=\"556\"\/><figcaption class=\"wp-element-caption\">Registro de Huellas Gen\u00e9ticas.<\/figcaption><\/figure>\n\n\n\n<p><\/p>\n","protected":false},"excerpt":{"rendered":"<p>Un\u00a0joven de 25 a\u00f1os fue detenido este martes\u00a0acusado\u00a0de haber\u00a0abusado sexualmente de una turista\u00a0de nacionalidad\u00a0uruguaya\u00a0en\u00a0Cacheuta, el pasado s\u00e1bado 10 de junio. El\u00a0sospechoso\u00a0fue identificado como\u00a0Franco Javier Perciasepe. Seg\u00fan la denuncia, el episodio sucedi\u00f3 en cercan\u00edas de un\u00a0complejo de caba\u00f1as\u00a0ubicadas en esa zona tur\u00edstica de\u00a0Luj\u00e1n de Cuyo.\u00a0La mujer, de 52 a\u00f1os, sali\u00f3\u00a0caminar\u00a0y fue interceptada por un\u00a0hombre, quien empu\u00f1ando<a class=\"read-more\" href=\"https:\/\/elfederalmendoza.com.ar\/index.php\/2023\/06\/14\/este-es-el-hombre-detenido-por-violar-a-una-turista-uruguaya-en-cacheuta\/\"> [&hellip;]<\/a><\/p>\n","protected":false},"author":2,"featured_media":24029,"comment_status":"open","ping_status":"open","sticky":false,"template":"","format":"standard","meta":{"footnotes":""},"categories":[1],"tags":[],"class_list":["post-24028","post","type-post","status-publish","format-standard","has-post-thumbnail","hentry","category-mza"],"rttpg_featured_image_url":{"full":["https:\/\/elfederalmendoza.com.ar\/wp-content\/uploads\/2023\/06\/violin-cacheuta.jpg",913,458,false],"landscape":["https:\/\/elfederalmendoza.com.ar\/wp-content\/uploads\/2023\/06\/violin-cacheuta.jpg",913,458,false],"portraits":["https:\/\/elfederalmendoza.com.ar\/wp-content\/uploads\/2023\/06\/violin-cacheuta.jpg",913,458,false],"thumbnail":["https:\/\/elfederalmendoza.com.ar\/wp-content\/uploads\/2023\/06\/violin-cacheuta-150x150.jpg",150,150,true],"medium":["https:\/\/elfederalmendoza.com.ar\/wp-content\/uploads\/2023\/06\/violin-cacheuta-300x150.jpg",300,150,true],"large":["https:\/\/elfederalmendoza.com.ar\/wp-content\/uploads\/2023\/06\/violin-cacheuta.jpg",640,321,false],"1536x1536":["https:\/\/elfederalmendoza.com.ar\/wp-content\/uploads\/2023\/06\/violin-cacheuta.jpg",913,458,false],"2048x2048":["https:\/\/elfederalmendoza.com.ar\/wp-content\/uploads\/2023\/06\/violin-cacheuta.jpg",913,458,false],"ultp_layout_landscape_large":["https:\/\/elfederalmendoza.com.ar\/wp-content\/uploads\/2023\/06\/violin-cacheuta.jpg",913,458,false],"ultp_layout_landscape":["https:\/\/elfederalmendoza.com.ar\/wp-content\/uploads\/2023\/06\/violin-cacheuta-870x458.jpg",870,458,true],"ultp_layout_portrait":["https:\/\/elfederalmendoza.com.ar\/wp-content\/uploads\/2023\/06\/violin-cacheuta-600x458.jpg",600,458,true],"ultp_layout_square":["https:\/\/elfederalmendoza.com.ar\/wp-content\/uploads\/2023\/06\/violin-cacheuta-600x458.jpg",600,458,true],"rpwe-thumbnail":["https:\/\/elfederalmendoza.com.ar\/wp-content\/uploads\/2023\/06\/violin-cacheuta-45x45.jpg",45,45,true],"advps-thumb-one":["https:\/\/elfederalmendoza.com.ar\/wp-content\/uploads\/2023\/06\/violin-cacheuta-913x420.jpg",913,420,true]},"rttpg_author":{"display_name":"Redacci\u00f3n El Federal","author_link":"https:\/\/elfederalmendoza.com.ar\/index.php\/author\/angelflores\/"},"rttpg_comment":0,"rttpg_category":"<a href=\"https:\/\/elfederalmendoza.com.ar\/index.php\/category\/mza\/\" rel=\"category tag\">Mendoza<\/a>","rttpg_excerpt":"Un\u00a0joven de 25 a\u00f1os fue detenido este martes\u00a0acusado\u00a0de haber\u00a0abusado sexualmente de una turista\u00a0de nacionalidad\u00a0uruguaya\u00a0en\u00a0Cacheuta, el pasado s\u00e1bado 10 de junio. El\u00a0sospechoso\u00a0fue identificado como\u00a0Franco Javier Perciasepe. Seg\u00fan la denuncia, el episodio sucedi\u00f3 en cercan\u00edas de un\u00a0complejo de caba\u00f1as\u00a0ubicadas en esa zona tur\u00edstica de\u00a0Luj\u00e1n de Cuyo.\u00a0La mujer, de 52 a\u00f1os, sali\u00f3\u00a0caminar\u00a0y fue interceptada por un\u00a0hombre, quien empu\u00f1ando&hellip;","_links":{"self":[{"href":"https:\/\/elfederalmendoza.com.ar\/index.php\/wp-json\/wp\/v2\/posts\/24028","targetHints":{"allow":["GET"]}}],"collection":[{"href":"https:\/\/elfederalmendoza.com.ar\/index.php\/wp-json\/wp\/v2\/posts"}],"about":[{"href":"https:\/\/elfederalmendoza.com.ar\/index.php\/wp-json\/wp\/v2\/types\/post"}],"author":[{"embeddable":true,"href":"https:\/\/elfederalmendoza.com.ar\/index.php\/wp-json\/wp\/v2\/users\/2"}],"replies":[{"embeddable":true,"href":"https:\/\/elfederalmendoza.com.ar\/index.php\/wp-json\/wp\/v2\/comments?post=24028"}],"version-history":[{"count":1,"href":"https:\/\/elfederalmendoza.com.ar\/index.php\/wp-json\/wp\/v2\/posts\/24028\/revisions"}],"predecessor-version":[{"id":24031,"href":"https:\/\/elfederalmendoza.com.ar\/index.php\/wp-json\/wp\/v2\/posts\/24028\/revisions\/24031"}],"wp:featuredmedia":[{"embeddable":true,"href":"https:\/\/elfederalmendoza.com.ar\/index.php\/wp-json\/wp\/v2\/media\/24029"}],"wp:attachment":[{"href":"https:\/\/elfederalmendoza.com.ar\/index.php\/wp-json\/wp\/v2\/media?parent=24028"}],"wp:term":[{"taxonomy":"category","embeddable":true,"href":"https:\/\/elfederalmendoza.com.ar\/index.php\/wp-json\/wp\/v2\/categories?post=24028"},{"taxonomy":"post_tag","embeddable":true,"href":"https:\/\/elfederalmendoza.com.ar\/index.php\/wp-json\/wp\/v2\/tags?post=24028"}],"curies":[{"name":"wp","href":"https:\/\/api.w.org\/{rel}","templated":true}]}}