{"id":24034,"date":"2023-06-14T05:20:00","date_gmt":"2023-06-14T08:20:00","guid":{"rendered":"https:\/\/elfederalmendoza.com\/?p=24034"},"modified":"2023-06-14T08:30:30","modified_gmt":"2023-06-14T11:30:30","slug":"para-el-fin-de-semana-largo-la-atrapante-serie-de-4-capitulos-que-arrasa-en-netflix-y-esta-basada-en-hechos-reales","status":"publish","type":"post","link":"https:\/\/elfederalmendoza.com.ar\/index.php\/2023\/06\/14\/para-el-fin-de-semana-largo-la-atrapante-serie-de-4-capitulos-que-arrasa-en-netflix-y-esta-basada-en-hechos-reales\/","title":{"rendered":"Para el fin de semana largo: La atrapante serie de 4 cap\u00edtulos que arrasa en Netflix y est\u00e1 basada en hechos reales"},"content":{"rendered":"\n<p>Entre todas las\u00a0<strong>series y pel\u00edculas<\/strong>\u00a0que tiene\u00a0<strong><a href=\"https:\/\/www.diariouno.com.ar\/series-y-peliculas\/la-atrapante-pelicula-netflix-que-no-te-dejara-levantarte-del-sillon-n1115975\" target=\"_blank\" rel=\"noreferrer noopener\">Netflix<\/a><\/strong>, hay una que fue estrenada hace no mucho tiempo que se distingue por sus actores y por estar basada en hechos reales. Nos referimos a\u00a0<strong>As\u00ed nos ven<\/strong>.<\/p>\n\n\n\n<p>Esta\u00a0<strong>serie\u00a0<\/strong>de\u00a0<strong>Netflix\u00a0<\/strong>tiene solamente 4 cap\u00edtulos y arras\u00f3 en toda la plataforma apenas fue estrenada. Cuenta la historia de una de las principales injusticias ocurridas en los \u00faltimos 50 a\u00f1os y es tan desgarradora que provoca la incredulidad de muchas personas.<\/p>\n\n\n\n<h2 class=\"wp-block-heading\">De qu\u00e9 se trata la serie As\u00ed Nos Ven, de Netflix<\/h2>\n\n\n\n<figure class=\"wp-block-image\"><img decoding=\"async\" src=\"https:\/\/media.diariouno.com.ar\/p\/0f1e099a70db0324faf4eb4eb42708af\/adjuntos\/298\/imagenes\/009\/172\/0009172084\/1200x0\/smart\/asi-nos-ven-netflixpng.png\" alt=\"\" title=\"\"\/><\/figure>\n\n\n\n<p>Esta&nbsp;<strong>serie&nbsp;<\/strong>de&nbsp;<strong>Netflix&nbsp;<\/strong>cuenta la historia de un grupo de j\u00f3venes, cuya mayor\u00eda no se conoce entre s\u00ed y que son acusados de la violaci\u00f3n y del intento de homicidio de una joven corredorera.<\/p>\n\n\n\n<p>Este hecho que cuenta la serie de&nbsp;<strong>Netflix&nbsp;<\/strong>ocurri\u00f3 a fines de los 80, cuando una joven corredora, blanca y rubia, fue abusada sexualmente en un parque. Por el hecho se acus\u00f3 a un grupo de j\u00f3venes de color que fueron coaccionados a confesar haber sido responsables del hecho y a acusarse entre s\u00ed, en medio de una pelea pol\u00edtica en la que conven\u00eda encontrar culpables.<\/p>\n\n\n\n<p>A pesar de que en el juicio se demostr\u00f3 que no hab\u00eda pruebas contra ellos, la presi\u00f3n medi\u00e1tica llev\u00f3 a que el jurado tomara una decisi\u00f3n sorprendente, declar\u00e1ndolos culpables. El tiempo redimi\u00f3 al grupo de j\u00f3venes, pero los da\u00f1os contra ellos fueron graves.<\/p>\n\n\n\n<h2 class=\"wp-block-heading\">Reparto de As\u00ed Nos Ven, la serie de Netflix<\/h2>\n\n\n\n<ul class=\"wp-block-list\">\n<li>Jharrel Jerome: Korey Wise<\/li>\n\n\n\n<li>Ethan Herisse: Young Yusef Salaam<\/li>\n\n\n\n<li>Marquis Rodriguez: Young Raymond Santana Jr.<\/li>\n\n\n\n<li>Asante Blackk: Young Kevin Richardson<\/li>\n\n\n\n<li>Caleel Harris: Young Antron McCray<\/li>\n\n\n\n<li>Marsha Stephanie Blake: Linda McCray<\/li>\n\n\n\n<li>Michael Kenneth Williams: Bobby McCray<\/li>\n\n\n\n<li>John Leguizamo: Raymond Santana Sr.<\/li>\n\n\n\n<li>Kylie Bunbury: Angie Richardson<\/li>\n\n\n\n<li>Joshua Jackson: Mickey Joseph<\/li>\n\n\n\n<li>Vera Farmiga: Elizabeth Lederer<\/li>\n<\/ul>\n\n\n\n<h2 class=\"wp-block-heading\">Trailer de As\u00ed Nos Ven, la serie de Netflix<\/h2>\n\n\n\n<figure class=\"wp-block-embed is-type-video is-provider-youtube wp-block-embed-youtube wp-embed-aspect-16-9 wp-has-aspect-ratio\"><div class=\"wp-block-embed__wrapper\">\n<iframe loading=\"lazy\" title=\"When They See Us | As\u00ed Nos Ven | Sub Espa\u00f1ol Official Trailer | Estrenos Netflix Mayo 2019\" width=\"640\" height=\"360\" src=\"https:\/\/www.youtube.com\/embed\/HG-nKG3G0o4?start=3&#038;feature=oembed\" frameborder=\"0\" allow=\"accelerometer; autoplay; clipboard-write; encrypted-media; gyroscope; picture-in-picture; web-share\" referrerpolicy=\"strict-origin-when-cross-origin\" allowfullscreen><\/iframe>\n<\/div><\/figure>\n","protected":false},"excerpt":{"rendered":"<p>Entre todas las\u00a0series y pel\u00edculas\u00a0que tiene\u00a0Netflix, hay una que fue estrenada hace no mucho tiempo que se distingue por sus actores y por estar basada en hechos reales. Nos referimos a\u00a0As\u00ed nos ven. Esta\u00a0serie\u00a0de\u00a0Netflix\u00a0tiene solamente 4 cap\u00edtulos y arras\u00f3 en toda la plataforma apenas fue estrenada. Cuenta la historia de una de las principales injusticias<a class=\"read-more\" href=\"https:\/\/elfederalmendoza.com.ar\/index.php\/2023\/06\/14\/para-el-fin-de-semana-largo-la-atrapante-serie-de-4-capitulos-que-arrasa-en-netflix-y-esta-basada-en-hechos-reales\/\"> [&hellip;]<\/a><\/p>\n","protected":false},"author":2,"featured_media":24037,"comment_status":"open","ping_status":"open","sticky":false,"template":"","format":"standard","meta":{"footnotes":""},"categories":[5618],"tags":[],"class_list":["post-24034","post","type-post","status-publish","format-standard","has-post-thumbnail","hentry","category-arg"],"rttpg_featured_image_url":{"full":["https:\/\/elfederalmendoza.com.ar\/wp-content\/uploads\/2023\/06\/asi-nos-ven.jpg",1600,900,false],"landscape":["https:\/\/elfederalmendoza.com.ar\/wp-content\/uploads\/2023\/06\/asi-nos-ven.jpg",1600,900,false],"portraits":["https:\/\/elfederalmendoza.com.ar\/wp-content\/uploads\/2023\/06\/asi-nos-ven.jpg",1600,900,false],"thumbnail":["https:\/\/elfederalmendoza.com.ar\/wp-content\/uploads\/2023\/06\/asi-nos-ven-150x150.jpg",150,150,true],"medium":["https:\/\/elfederalmendoza.com.ar\/wp-content\/uploads\/2023\/06\/asi-nos-ven-300x169.jpg",300,169,true],"large":["https:\/\/elfederalmendoza.com.ar\/wp-content\/uploads\/2023\/06\/asi-nos-ven-1024x576.jpg",640,360,true],"1536x1536":["https:\/\/elfederalmendoza.com.ar\/wp-content\/uploads\/2023\/06\/asi-nos-ven-1536x864.jpg",1536,864,true],"2048x2048":["https:\/\/elfederalmendoza.com.ar\/wp-content\/uploads\/2023\/06\/asi-nos-ven.jpg",1600,900,false],"ultp_layout_landscape_large":["https:\/\/elfederalmendoza.com.ar\/wp-content\/uploads\/2023\/06\/asi-nos-ven-1200x800.jpg",1200,800,true],"ultp_layout_landscape":["https:\/\/elfederalmendoza.com.ar\/wp-content\/uploads\/2023\/06\/asi-nos-ven-870x570.jpg",870,570,true],"ultp_layout_portrait":["https:\/\/elfederalmendoza.com.ar\/wp-content\/uploads\/2023\/06\/asi-nos-ven-600x900.jpg",600,900,true],"ultp_layout_square":["https:\/\/elfederalmendoza.com.ar\/wp-content\/uploads\/2023\/06\/asi-nos-ven-600x600.jpg",600,600,true],"rpwe-thumbnail":["https:\/\/elfederalmendoza.com.ar\/wp-content\/uploads\/2023\/06\/asi-nos-ven-45x45.jpg",45,45,true],"advps-thumb-one":["https:\/\/elfederalmendoza.com.ar\/wp-content\/uploads\/2023\/06\/asi-nos-ven-1200x420.jpg",1200,420,true]},"rttpg_author":{"display_name":"Redacci\u00f3n El Federal","author_link":"https:\/\/elfederalmendoza.com.ar\/index.php\/author\/angelflores\/"},"rttpg_comment":0,"rttpg_category":"<a href=\"https:\/\/elfederalmendoza.com.ar\/index.php\/category\/arg\/\" rel=\"category tag\">Argentina<\/a>","rttpg_excerpt":"Entre todas las\u00a0series y pel\u00edculas\u00a0que tiene\u00a0Netflix, hay una que fue estrenada hace no mucho tiempo que se distingue por sus actores y por estar basada en hechos reales. Nos referimos a\u00a0As\u00ed nos ven. Esta\u00a0serie\u00a0de\u00a0Netflix\u00a0tiene solamente 4 cap\u00edtulos y arras\u00f3 en toda la plataforma apenas fue estrenada. Cuenta la historia de una de las principales injusticias&hellip;","_links":{"self":[{"href":"https:\/\/elfederalmendoza.com.ar\/index.php\/wp-json\/wp\/v2\/posts\/24034","targetHints":{"allow":["GET"]}}],"collection":[{"href":"https:\/\/elfederalmendoza.com.ar\/index.php\/wp-json\/wp\/v2\/posts"}],"about":[{"href":"https:\/\/elfederalmendoza.com.ar\/index.php\/wp-json\/wp\/v2\/types\/post"}],"author":[{"embeddable":true,"href":"https:\/\/elfederalmendoza.com.ar\/index.php\/wp-json\/wp\/v2\/users\/2"}],"replies":[{"embeddable":true,"href":"https:\/\/elfederalmendoza.com.ar\/index.php\/wp-json\/wp\/v2\/comments?post=24034"}],"version-history":[{"count":1,"href":"https:\/\/elfederalmendoza.com.ar\/index.php\/wp-json\/wp\/v2\/posts\/24034\/revisions"}],"predecessor-version":[{"id":24038,"href":"https:\/\/elfederalmendoza.com.ar\/index.php\/wp-json\/wp\/v2\/posts\/24034\/revisions\/24038"}],"wp:featuredmedia":[{"embeddable":true,"href":"https:\/\/elfederalmendoza.com.ar\/index.php\/wp-json\/wp\/v2\/media\/24037"}],"wp:attachment":[{"href":"https:\/\/elfederalmendoza.com.ar\/index.php\/wp-json\/wp\/v2\/media?parent=24034"}],"wp:term":[{"taxonomy":"category","embeddable":true,"href":"https:\/\/elfederalmendoza.com.ar\/index.php\/wp-json\/wp\/v2\/categories?post=24034"},{"taxonomy":"post_tag","embeddable":true,"href":"https:\/\/elfederalmendoza.com.ar\/index.php\/wp-json\/wp\/v2\/tags?post=24034"}],"curies":[{"name":"wp","href":"https:\/\/api.w.org\/{rel}","templated":true}]}}