{"id":24041,"date":"2023-06-14T09:10:13","date_gmt":"2023-06-14T12:10:13","guid":{"rendered":"https:\/\/elfederalmendoza.com\/?p=24041"},"modified":"2023-06-14T09:10:13","modified_gmt":"2023-06-14T12:10:13","slug":"las-heras-un-hombre-murio-al-esquivar-a-un-perro-y-chocar-con-su-auto-a-un-colectivo","status":"publish","type":"post","link":"https:\/\/elfederalmendoza.com.ar\/index.php\/2023\/06\/14\/las-heras-un-hombre-murio-al-esquivar-a-un-perro-y-chocar-con-su-auto-a-un-colectivo\/","title":{"rendered":"Las Heras: un hombre muri\u00f3 al esquivar a un perro y chocar con su auto a un colectivo"},"content":{"rendered":"\n<p>Esta ma\u00f1ana, un hombre identificado como\u00a0<strong>Jorge Gonz\u00e1lez<\/strong>\u00a0choc\u00f3 a un colectivo mientras manejaba con su auto por la Ruta 52, de\u00a0<strong>Las Heras<\/strong>, y luego de ser trasladado al Hospital Central\u00a0<strong>falleci\u00f3<\/strong>.<\/p>\n\n\n\n<p>El\u00a0<strong>accidente vial\u00a0<\/strong>sucedi\u00f3 alrededor de las seis de la ma\u00f1ana de este lunes, a la altura de CA.TAC.POL. en esa v\u00eda del departamento. Seg\u00fan se inform\u00f3 desde el Ministerio de Seguridad, el veh\u00edculo menor circulaba de sur a norte y, frente al control de colectivos del grupo 600 perdi\u00f3 el dominio del auto.<\/p>\n\n\n\n<p>Tras esto, se cruz\u00f3 de carril y choc\u00f3 contra un micro que sal\u00eda del lugar. Gonz\u00e1lez fue llevado al&nbsp;<strong>Hospital Central<\/strong>, pero minutos despu\u00e9s y en el camino al centro asistencial se constat\u00f3 su deceso.<\/p>\n\n\n\n<figure class=\"wp-block-image is-resized\"><img loading=\"lazy\" decoding=\"async\" src=\"https:\/\/media.sitioandino.com.ar\/p\/f71b8a85a55325a1043ae352b6ce41ad\/adjuntos\/335\/imagenes\/000\/636\/0000636758\/790x0\/smart\/accidente-las-heras-1jpeg.jpeg\" alt=\"\" width=\"834\" height=\"627\" title=\"\"\/><\/figure>\n\n\n\n<p><strong>Al parecer, la v\u00edctima fatal habr\u00eda querido esquivar un perro que se cruz\u00f3 por el camino y, luego de realizar la maniobra, no pudo controlar su rodado.<\/strong><\/p>\n","protected":false},"excerpt":{"rendered":"<p>Esta ma\u00f1ana, un hombre identificado como\u00a0Jorge Gonz\u00e1lez\u00a0choc\u00f3 a un colectivo mientras manejaba con su auto por la Ruta 52, de\u00a0Las Heras, y luego de ser trasladado al Hospital Central\u00a0falleci\u00f3. El\u00a0accidente vial\u00a0sucedi\u00f3 alrededor de las seis de la ma\u00f1ana de este lunes, a la altura de CA.TAC.POL. en esa v\u00eda del departamento. Seg\u00fan se inform\u00f3 desde<a class=\"read-more\" href=\"https:\/\/elfederalmendoza.com.ar\/index.php\/2023\/06\/14\/las-heras-un-hombre-murio-al-esquivar-a-un-perro-y-chocar-con-su-auto-a-un-colectivo\/\"> [&hellip;]<\/a><\/p>\n","protected":false},"author":2,"featured_media":24043,"comment_status":"open","ping_status":"open","sticky":false,"template":"","format":"standard","meta":{"footnotes":""},"categories":[1],"tags":[],"class_list":["post-24041","post","type-post","status-publish","format-standard","has-post-thumbnail","hentry","category-mza"],"rttpg_featured_image_url":{"full":["https:\/\/elfederalmendoza.com.ar\/wp-content\/uploads\/2023\/06\/siniestro-.jpg",1122,628,false],"landscape":["https:\/\/elfederalmendoza.com.ar\/wp-content\/uploads\/2023\/06\/siniestro-.jpg",1122,628,false],"portraits":["https:\/\/elfederalmendoza.com.ar\/wp-content\/uploads\/2023\/06\/siniestro-.jpg",1122,628,false],"thumbnail":["https:\/\/elfederalmendoza.com.ar\/wp-content\/uploads\/2023\/06\/siniestro--150x150.jpg",150,150,true],"medium":["https:\/\/elfederalmendoza.com.ar\/wp-content\/uploads\/2023\/06\/siniestro--300x168.jpg",300,168,true],"large":["https:\/\/elfederalmendoza.com.ar\/wp-content\/uploads\/2023\/06\/siniestro--1024x573.jpg",640,358,true],"1536x1536":["https:\/\/elfederalmendoza.com.ar\/wp-content\/uploads\/2023\/06\/siniestro-.jpg",1122,628,false],"2048x2048":["https:\/\/elfederalmendoza.com.ar\/wp-content\/uploads\/2023\/06\/siniestro-.jpg",1122,628,false],"ultp_layout_landscape_large":["https:\/\/elfederalmendoza.com.ar\/wp-content\/uploads\/2023\/06\/siniestro-.jpg",1122,628,false],"ultp_layout_landscape":["https:\/\/elfederalmendoza.com.ar\/wp-content\/uploads\/2023\/06\/siniestro--870x570.jpg",870,570,true],"ultp_layout_portrait":["https:\/\/elfederalmendoza.com.ar\/wp-content\/uploads\/2023\/06\/siniestro--600x628.jpg",600,628,true],"ultp_layout_square":["https:\/\/elfederalmendoza.com.ar\/wp-content\/uploads\/2023\/06\/siniestro--600x600.jpg",600,600,true],"rpwe-thumbnail":["https:\/\/elfederalmendoza.com.ar\/wp-content\/uploads\/2023\/06\/siniestro--45x45.jpg",45,45,true],"advps-thumb-one":["https:\/\/elfederalmendoza.com.ar\/wp-content\/uploads\/2023\/06\/siniestro--1122x420.jpg",1122,420,true]},"rttpg_author":{"display_name":"Redacci\u00f3n El Federal","author_link":"https:\/\/elfederalmendoza.com.ar\/index.php\/author\/angelflores\/"},"rttpg_comment":0,"rttpg_category":"<a href=\"https:\/\/elfederalmendoza.com.ar\/index.php\/category\/mza\/\" rel=\"category tag\">Mendoza<\/a>","rttpg_excerpt":"Esta ma\u00f1ana, un hombre identificado como\u00a0Jorge Gonz\u00e1lez\u00a0choc\u00f3 a un colectivo mientras manejaba con su auto por la Ruta 52, de\u00a0Las Heras, y luego de ser trasladado al Hospital Central\u00a0falleci\u00f3. El\u00a0accidente vial\u00a0sucedi\u00f3 alrededor de las seis de la ma\u00f1ana de este lunes, a la altura de CA.TAC.POL. en esa v\u00eda del departamento. Seg\u00fan se inform\u00f3 desde&hellip;","_links":{"self":[{"href":"https:\/\/elfederalmendoza.com.ar\/index.php\/wp-json\/wp\/v2\/posts\/24041","targetHints":{"allow":["GET"]}}],"collection":[{"href":"https:\/\/elfederalmendoza.com.ar\/index.php\/wp-json\/wp\/v2\/posts"}],"about":[{"href":"https:\/\/elfederalmendoza.com.ar\/index.php\/wp-json\/wp\/v2\/types\/post"}],"author":[{"embeddable":true,"href":"https:\/\/elfederalmendoza.com.ar\/index.php\/wp-json\/wp\/v2\/users\/2"}],"replies":[{"embeddable":true,"href":"https:\/\/elfederalmendoza.com.ar\/index.php\/wp-json\/wp\/v2\/comments?post=24041"}],"version-history":[{"count":1,"href":"https:\/\/elfederalmendoza.com.ar\/index.php\/wp-json\/wp\/v2\/posts\/24041\/revisions"}],"predecessor-version":[{"id":24044,"href":"https:\/\/elfederalmendoza.com.ar\/index.php\/wp-json\/wp\/v2\/posts\/24041\/revisions\/24044"}],"wp:featuredmedia":[{"embeddable":true,"href":"https:\/\/elfederalmendoza.com.ar\/index.php\/wp-json\/wp\/v2\/media\/24043"}],"wp:attachment":[{"href":"https:\/\/elfederalmendoza.com.ar\/index.php\/wp-json\/wp\/v2\/media?parent=24041"}],"wp:term":[{"taxonomy":"category","embeddable":true,"href":"https:\/\/elfederalmendoza.com.ar\/index.php\/wp-json\/wp\/v2\/categories?post=24041"},{"taxonomy":"post_tag","embeddable":true,"href":"https:\/\/elfederalmendoza.com.ar\/index.php\/wp-json\/wp\/v2\/tags?post=24041"}],"curies":[{"name":"wp","href":"https:\/\/api.w.org\/{rel}","templated":true}]}}