{"id":24046,"date":"2023-06-14T05:31:00","date_gmt":"2023-06-14T08:31:00","guid":{"rendered":"https:\/\/elfederalmendoza.com\/?p=24046"},"modified":"2023-06-14T09:35:43","modified_gmt":"2023-06-14T12:35:43","slug":"anularon-por-un-tecnicismo-la-causa-contra-cfk-por-usar-los-aviones-presidenciales-para-llevar-muebles-a-sus-hoteles","status":"publish","type":"post","link":"https:\/\/elfederalmendoza.com.ar\/index.php\/2023\/06\/14\/anularon-por-un-tecnicismo-la-causa-contra-cfk-por-usar-los-aviones-presidenciales-para-llevar-muebles-a-sus-hoteles\/","title":{"rendered":"Anularon por un tecnicismo la causa contra CFK por usar los aviones presidenciales para llevar muebles a sus hoteles"},"content":{"rendered":"\n<p><strong>La C\u00e1mara de Casaci\u00f3n Federal, con los votos de los jueces Alejandro Slokar y \u00c1ngela Ledesma, anul\u00f3 la causa que investig\u00f3 el uso de aviones oficiales de la flota presidencial para transportar muebles y otros objetos para ser usados en la casa y tambi\u00e9n en los hoteles de la familia Kirchner durante la presidencia de Cristina Kirchner.<\/strong><\/p>\n\n\n\n<p>La decisi\u00f3n de los jueces de la Casaci\u00f3n&nbsp;<strong>se bas\u00f3 en que el juez de primera instancia, el fallecido Claudio Bonadio, no actu\u00f3 con la suficiente imparcialidad, ya que tambi\u00e9n fue uno de los denunciantes de esas irregularidades.<\/strong><\/p>\n\n\n\n<p><strong>Con este fallo, la investigaci\u00f3n deber\u00e1 volver a la primera instancia,<\/strong>&nbsp;y el juez federal Sebasti\u00e1n Casanello deber\u00e1 determinar c\u00f3mo sigue la causa.<\/p>\n\n\n\n<p>En septiembre del a\u00f1o pasado la Sala I de la C\u00e1mara federal porte\u00f1a hab\u00eda confirmado por unanimidad el procesamiento por peculado contra Cristina Kirchner por haber utilizado aviones de la flota presidencial, cuando era presidenta, para el traslado de muebles para sus hoteles en El Calafate.<\/p>\n\n\n\n<p>En aquella ocasi\u00f3n los magistrados hab\u00edan remarcaron que la vice \u00abutiliz\u00f3 en provecho propio un servicio pagado por la administraci\u00f3n p\u00fablica\u00bb.<\/p>\n\n\n\n<p>Como la decisi\u00f3n fue apelada por el abogado de la vicepresidenta, intervino la C\u00e1mara de Casaci\u00f3n en el caso y analiz\u00f3 las acusaciones que pesaban sobre ella.<\/p>\n\n\n\n<p><strong>Los camaristas Alejandro Slokar y \u00c1ngela Ledesma entendieron que \u00abno puede omitirse que el incumplimiento de apartarse por parte del juez denunciante (en su momento fue Bonadio) vio comprometer irremediablemente el deber de imparcialidad, condici\u00f3n indispensable para asegurar un proceso debido, a la par que atributo esencial de la funci\u00f3n a fin de procurar la confianza ciudadana en el Poder Judicial\u00bb.<\/strong><\/p>\n\n\n\n<p>En definitiva, se\u00f1alaron los magistrados en la resoluci\u00f3n a la que accedi\u00f3 Clar\u00edn, \u00abes en virtud del quebrantamiento a una garant\u00eda b\u00e1sica que afecta al orden justo, que debe fulminarse con la sanci\u00f3n de nulidad todo lo actuado por el juez denunciante y a la vez instructor en la causa\u00bb.<\/p>\n\n\n\n<p>De esta manera qued\u00f3 anulado el procesamiento en contra de Cristina Kirchner en este expediente conexo al conocido como los Cuadernos de las Coimas.<\/p>\n\n\n\n<p><strong>El expediente tuvo origen despu\u00e9s de que el fallecido juez le tom\u00f3 testimonio como arrepentido en el caso Cuadernos a Sergio \u00abEl Potro\u00bb Vel\u00e1zquez -ex piloto de la flota presidencial. Bonadi , con esas declaraciones, realiz\u00f3 lo que se conoce como \u00abExtracci\u00f3n de testimonio\u00bb para que se d\u00e9 inicio a una nueva causa.<\/strong><\/p>\n\n\n\n<p><strong>La vicepresidenta sostuvo en su reclamo que Bonadio no deb\u00eda investigar el caso sino que se ten\u00eda que sortear y quedar en manos de otro magistrado.<\/strong>&nbsp;En cambio, Bonadio se la qued\u00f3 por una cuesti\u00f3n de conexidad.<\/p>\n\n\n\n<p>Al analizar estos argumentos el a\u00f1o pasado, la Sala II de la C\u00e1mara de Casaci\u00f3n integrada por los jueces Alejandro Slokar, Carlos Mahiques y Guillermo Yacobucci, le dieron la raz\u00f3n a la vicepresidenta.<strong>&nbsp;Por ese motivo ordenaron \u00abanular la resoluci\u00f3n por arbitrariedad\u00bb, dejando sin vigencia el procesamiento por peculado.<\/strong><\/p>\n\n\n\n<p>Con la resoluci\u00f3n anulada, la C\u00e1mara de Apelaciones volvi\u00f3 a revisar el caso. No s\u00f3lo confirm\u00f3 que el fallecido juez Bonadio intervino correctamente en el expediente, sino que volvieron a se\u00f1alar que Cristina Kirchner era responsable del delito de peculado de uso, es decir, utiliz\u00f3 bienes del Estado para beneficio personal.<\/p>\n\n\n\n<p>As\u00ed fue que los jueces Bertuzzi, Llorens y Bruglia en septiembre de 2020, coincidieron al confirmar que \u00abhay elementos suficientes para corroborar que la ex Presidenta fue responsable del delito de peculado en car\u00e1cter de part\u00edcipe\u00bb, al haber \u00abutilizado con fines indebidos los aviones asignados a la Agrupaci\u00f3n A\u00e9rea presidencial\u00bb.<\/p>\n\n\n\n<p>Tras ese fallo, la vicepresidenta acudi\u00f3 nuevamente al m\u00e1ximo tribunal penal.&nbsp;<strong>Este martes dos de los jueces de dicha instancia, volvieron a darle la raz\u00f3n a la defensa a cargo de Carlos Beraldi respecto a este criterio, por ese motivo la investigaci\u00f3n volver\u00e1 a foja cero ahora en manos del juez Sebasti\u00e1n Casanello.<\/strong><\/p>\n\n\n\n<p>El voto en disidencia sobre esta postura fue del juez Guillermo Yacobucci quien sostuvo en sus argumentos que \u00abno se advierte, ni la defensa logra demostrar, atisbo alguno que permita apartarse de ese principio\u00bb, de imparcialidad, y record\u00f3 que el caso ya cuenta con \u00abdoble conformidad judicial, en tanto la c\u00e1mara de apelaciones del fuero\u00bb confirm\u00f3 las acusaciones del caso.<\/p>\n\n\n\n<p>Respecto al pronunciamiento de la C\u00e1mara de Apelaciones en septiembre del a\u00f1o pasado, en aquella oportunidad se dej\u00f3 firme la acusaci\u00f3n contra Cristina Kirchner como part\u00edcipe necesaria del delito peculado (es decir usar bienes del Estado para beneficio personal), al trasladar muebles al sur, de \u00abel T- 01, 02, 03, a partir de 2012 T- 04, y el T-10 de la Fuerza A\u00e9rea Argentina\u00bb.<\/p>\n\n\n\n<p>Los integrantes de la Sala I de la C\u00e1mara Federal porte\u00f1a, hab\u00edan dado por corroborado que de 2003 a 2015 ese movimiento de aviones oficiales, habr\u00eda costado unos 600.000 d\u00f3lares al Estado.<\/p>\n\n\n\n<p>\u00abLos testimonios y las pruebas conforman un cuadro probatorio s\u00f3lido y suficiente que, resultan suficientes para afirmar la utilizaci\u00f3n de los aviones pertenecientes a la flota presidencial, para fines privados y\/o particulares, vinculados al traslado de muebles, art\u00edculos de decoraci\u00f3n, cables y otros elementos, cuyo destino final era la ciudad de El Calafate, ciudad en la que se sit\u00faan los hoteles de propiedad de la familia Kirchner\u00bb, se dijo en aquella ocasi\u00f3n.<\/p>\n\n\n\n<p>La acusaci\u00f3n que reca\u00eda sobre la vice es que por su calidad de Jefe de Estado y Comandante en Jefe de las Fuerzas Armadas, Cristina Kirchner \u00abestaba por sobre cualquier autoridad para disponer de los bienes en cuesti\u00f3n. Tanto ella, como su familia, eran los beneficiarios directos de la utilizaci\u00f3n de los servicios pagados con el presupuesto nacional\u00bb ?y que tal comportamiento \u00abpermite tener por acreditados\u00bb los hechos investigados.<\/p>\n","protected":false},"excerpt":{"rendered":"<p>La C\u00e1mara de Casaci\u00f3n Federal, con los votos de los jueces Alejandro Slokar y \u00c1ngela Ledesma, anul\u00f3 la causa que investig\u00f3 el uso de aviones oficiales de la flota presidencial para transportar muebles y otros objetos para ser usados en la casa y tambi\u00e9n en los hoteles de la familia Kirchner durante la presidencia de<a class=\"read-more\" href=\"https:\/\/elfederalmendoza.com.ar\/index.php\/2023\/06\/14\/anularon-por-un-tecnicismo-la-causa-contra-cfk-por-usar-los-aviones-presidenciales-para-llevar-muebles-a-sus-hoteles\/\"> [&hellip;]<\/a><\/p>\n","protected":false},"author":2,"featured_media":24048,"comment_status":"open","ping_status":"open","sticky":false,"template":"","format":"standard","meta":{"footnotes":""},"categories":[5618],"tags":[],"class_list":["post-24046","post","type-post","status-publish","format-standard","has-post-thumbnail","hentry","category-arg"],"rttpg_featured_image_url":{"full":["https:\/\/elfederalmendoza.com.ar\/wp-content\/uploads\/2023\/06\/WhatsApp-Image-2023-06-13-at-18.30.04.jpeg",1440,806,false],"landscape":["https:\/\/elfederalmendoza.com.ar\/wp-content\/uploads\/2023\/06\/WhatsApp-Image-2023-06-13-at-18.30.04.jpeg",1440,806,false],"portraits":["https:\/\/elfederalmendoza.com.ar\/wp-content\/uploads\/2023\/06\/WhatsApp-Image-2023-06-13-at-18.30.04.jpeg",1440,806,false],"thumbnail":["https:\/\/elfederalmendoza.com.ar\/wp-content\/uploads\/2023\/06\/WhatsApp-Image-2023-06-13-at-18.30.04-150x150.jpeg",150,150,true],"medium":["https:\/\/elfederalmendoza.com.ar\/wp-content\/uploads\/2023\/06\/WhatsApp-Image-2023-06-13-at-18.30.04-300x168.jpeg",300,168,true],"large":["https:\/\/elfederalmendoza.com.ar\/wp-content\/uploads\/2023\/06\/WhatsApp-Image-2023-06-13-at-18.30.04-1024x573.jpeg",640,358,true],"1536x1536":["https:\/\/elfederalmendoza.com.ar\/wp-content\/uploads\/2023\/06\/WhatsApp-Image-2023-06-13-at-18.30.04.jpeg",1440,806,false],"2048x2048":["https:\/\/elfederalmendoza.com.ar\/wp-content\/uploads\/2023\/06\/WhatsApp-Image-2023-06-13-at-18.30.04.jpeg",1440,806,false],"ultp_layout_landscape_large":["https:\/\/elfederalmendoza.com.ar\/wp-content\/uploads\/2023\/06\/WhatsApp-Image-2023-06-13-at-18.30.04-1200x800.jpeg",1200,800,true],"ultp_layout_landscape":["https:\/\/elfederalmendoza.com.ar\/wp-content\/uploads\/2023\/06\/WhatsApp-Image-2023-06-13-at-18.30.04-870x570.jpeg",870,570,true],"ultp_layout_portrait":["https:\/\/elfederalmendoza.com.ar\/wp-content\/uploads\/2023\/06\/WhatsApp-Image-2023-06-13-at-18.30.04-600x806.jpeg",600,806,true],"ultp_layout_square":["https:\/\/elfederalmendoza.com.ar\/wp-content\/uploads\/2023\/06\/WhatsApp-Image-2023-06-13-at-18.30.04-600x600.jpeg",600,600,true],"rpwe-thumbnail":["https:\/\/elfederalmendoza.com.ar\/wp-content\/uploads\/2023\/06\/WhatsApp-Image-2023-06-13-at-18.30.04-45x45.jpeg",45,45,true],"advps-thumb-one":["https:\/\/elfederalmendoza.com.ar\/wp-content\/uploads\/2023\/06\/WhatsApp-Image-2023-06-13-at-18.30.04-1200x420.jpeg",1200,420,true]},"rttpg_author":{"display_name":"Redacci\u00f3n El Federal","author_link":"https:\/\/elfederalmendoza.com.ar\/index.php\/author\/angelflores\/"},"rttpg_comment":0,"rttpg_category":"<a href=\"https:\/\/elfederalmendoza.com.ar\/index.php\/category\/arg\/\" rel=\"category tag\">Argentina<\/a>","rttpg_excerpt":"La C\u00e1mara de Casaci\u00f3n Federal, con los votos de los jueces Alejandro Slokar y \u00c1ngela Ledesma, anul\u00f3 la causa que investig\u00f3 el uso de aviones oficiales de la flota presidencial para transportar muebles y otros objetos para ser usados en la casa y tambi\u00e9n en los hoteles de la familia Kirchner durante la presidencia de&hellip;","_links":{"self":[{"href":"https:\/\/elfederalmendoza.com.ar\/index.php\/wp-json\/wp\/v2\/posts\/24046","targetHints":{"allow":["GET"]}}],"collection":[{"href":"https:\/\/elfederalmendoza.com.ar\/index.php\/wp-json\/wp\/v2\/posts"}],"about":[{"href":"https:\/\/elfederalmendoza.com.ar\/index.php\/wp-json\/wp\/v2\/types\/post"}],"author":[{"embeddable":true,"href":"https:\/\/elfederalmendoza.com.ar\/index.php\/wp-json\/wp\/v2\/users\/2"}],"replies":[{"embeddable":true,"href":"https:\/\/elfederalmendoza.com.ar\/index.php\/wp-json\/wp\/v2\/comments?post=24046"}],"version-history":[{"count":2,"href":"https:\/\/elfederalmendoza.com.ar\/index.php\/wp-json\/wp\/v2\/posts\/24046\/revisions"}],"predecessor-version":[{"id":24052,"href":"https:\/\/elfederalmendoza.com.ar\/index.php\/wp-json\/wp\/v2\/posts\/24046\/revisions\/24052"}],"wp:featuredmedia":[{"embeddable":true,"href":"https:\/\/elfederalmendoza.com.ar\/index.php\/wp-json\/wp\/v2\/media\/24048"}],"wp:attachment":[{"href":"https:\/\/elfederalmendoza.com.ar\/index.php\/wp-json\/wp\/v2\/media?parent=24046"}],"wp:term":[{"taxonomy":"category","embeddable":true,"href":"https:\/\/elfederalmendoza.com.ar\/index.php\/wp-json\/wp\/v2\/categories?post=24046"},{"taxonomy":"post_tag","embeddable":true,"href":"https:\/\/elfederalmendoza.com.ar\/index.php\/wp-json\/wp\/v2\/tags?post=24046"}],"curies":[{"name":"wp","href":"https:\/\/api.w.org\/{rel}","templated":true}]}}