{"id":24053,"date":"2023-06-14T14:28:27","date_gmt":"2023-06-14T17:28:27","guid":{"rendered":"https:\/\/elfederalmendoza.com\/?p=24053"},"modified":"2023-06-14T14:33:51","modified_gmt":"2023-06-14T17:33:51","slug":"detuvieron-a-conductor-borracho-que-se-fugo-tras-atropellar-y-matar-a-un-motociclista-en-maipu","status":"publish","type":"post","link":"https:\/\/elfederalmendoza.com.ar\/index.php\/2023\/06\/14\/detuvieron-a-conductor-borracho-que-se-fugo-tras-atropellar-y-matar-a-un-motociclista-en-maipu\/","title":{"rendered":"Detuvieron a conductor borracho que se fug\u00f3 tras atropellar y matar a un motociclista en Maip\u00fa"},"content":{"rendered":"\n<p>Un fatal\u00a0accidente\u00a0ocurri\u00f3 en el departamento de\u00a0<strong>Maip\u00fa\u00a0<\/strong>durante la tarde de este martes, donde un conductor\u00a0<strong>ebrio\u00a0<\/strong>atropell\u00f3 a un\u00a0<strong>motociclista\u00a0<\/strong>que muri\u00f3 horas m\u00e1s tarde en el hospital.<\/p>\n\n\n\n<p>La informaci\u00f3n policial detalla que el hecho ocurri\u00f3 a las 17.05 en calle Ozamis Sur. Por all\u00ed circulaba F\u00e9lix Funes, de 55 a\u00f1os, a bordo de una moto Keller 110 cc, cuando por causas que se investigan, <strong>fue impactado por un autom\u00f3vil Fiat Palio, que luego se dio a la fuga.<\/strong><\/p>\n\n\n\n<p>Tras el accidente, personal policial realiz\u00f3 un amplio patrullaje por la zona y, <strong>el conductor de 32 a\u00f1os fue encontrado en el interior de una finca ubicada en calle Laprida, cuando cambiaba un neum\u00e1tico del rodado.<\/strong><\/p>\n\n\n\n<p>El sujeto fue <strong>aprehendido y traslado a la dependencia<\/strong>, donde se le realiz\u00f3 dosaje de alcohol en sangre, arrojando resultado positivo, con 0,90 gramos de alcohol en sangre.<\/p>\n\n\n\n<p>M\u00e9dicos del SEC asistieron a la v\u00edctima del accidente, quien sufri\u00f3 traumatismos y fue trasladado al Hospital Central, donde a las 1:24 horas falleci\u00f3.<\/p>\n","protected":false},"excerpt":{"rendered":"<p>Un fatal\u00a0accidente\u00a0ocurri\u00f3 en el departamento de\u00a0Maip\u00fa\u00a0durante la tarde de este martes, donde un conductor\u00a0ebrio\u00a0atropell\u00f3 a un\u00a0motociclista\u00a0que muri\u00f3 horas m\u00e1s tarde en el hospital. La informaci\u00f3n policial detalla que el hecho ocurri\u00f3 a las 17.05 en calle Ozamis Sur. Por all\u00ed circulaba F\u00e9lix Funes, de 55 a\u00f1os, a bordo de una moto Keller 110 cc, cuando<a class=\"read-more\" href=\"https:\/\/elfederalmendoza.com.ar\/index.php\/2023\/06\/14\/detuvieron-a-conductor-borracho-que-se-fugo-tras-atropellar-y-matar-a-un-motociclista-en-maipu\/\"> [&hellip;]<\/a><\/p>\n","protected":false},"author":2,"featured_media":24055,"comment_status":"open","ping_status":"open","sticky":false,"template":"","format":"standard","meta":{"footnotes":""},"categories":[1],"tags":[],"class_list":["post-24053","post","type-post","status-publish","format-standard","has-post-thumbnail","hentry","category-mza"],"rttpg_featured_image_url":{"full":["https:\/\/elfederalmendoza.com.ar\/wp-content\/uploads\/2023\/06\/6489b32980895_1024_440.webp",1024,440,false],"landscape":["https:\/\/elfederalmendoza.com.ar\/wp-content\/uploads\/2023\/06\/6489b32980895_1024_440.webp",1024,440,false],"portraits":["https:\/\/elfederalmendoza.com.ar\/wp-content\/uploads\/2023\/06\/6489b32980895_1024_440.webp",1024,440,false],"thumbnail":["https:\/\/elfederalmendoza.com.ar\/wp-content\/uploads\/2023\/06\/6489b32980895_1024_440-150x150.webp",150,150,true],"medium":["https:\/\/elfederalmendoza.com.ar\/wp-content\/uploads\/2023\/06\/6489b32980895_1024_440-300x129.webp",300,129,true],"large":["https:\/\/elfederalmendoza.com.ar\/wp-content\/uploads\/2023\/06\/6489b32980895_1024_440.webp",640,275,false],"1536x1536":["https:\/\/elfederalmendoza.com.ar\/wp-content\/uploads\/2023\/06\/6489b32980895_1024_440.webp",1024,440,false],"2048x2048":["https:\/\/elfederalmendoza.com.ar\/wp-content\/uploads\/2023\/06\/6489b32980895_1024_440.webp",1024,440,false],"ultp_layout_landscape_large":["https:\/\/elfederalmendoza.com.ar\/wp-content\/uploads\/2023\/06\/6489b32980895_1024_440.webp",1024,440,false],"ultp_layout_landscape":["https:\/\/elfederalmendoza.com.ar\/wp-content\/uploads\/2023\/06\/6489b32980895_1024_440-870x440.webp",870,440,true],"ultp_layout_portrait":["https:\/\/elfederalmendoza.com.ar\/wp-content\/uploads\/2023\/06\/6489b32980895_1024_440-600x440.webp",600,440,true],"ultp_layout_square":["https:\/\/elfederalmendoza.com.ar\/wp-content\/uploads\/2023\/06\/6489b32980895_1024_440-600x440.webp",600,440,true],"rpwe-thumbnail":["https:\/\/elfederalmendoza.com.ar\/wp-content\/uploads\/2023\/06\/6489b32980895_1024_440-45x45.webp",45,45,true],"advps-thumb-one":["https:\/\/elfederalmendoza.com.ar\/wp-content\/uploads\/2023\/06\/6489b32980895_1024_440-1024x420.webp",1024,420,true]},"rttpg_author":{"display_name":"Redacci\u00f3n El Federal","author_link":"https:\/\/elfederalmendoza.com.ar\/index.php\/author\/angelflores\/"},"rttpg_comment":0,"rttpg_category":"<a href=\"https:\/\/elfederalmendoza.com.ar\/index.php\/category\/mza\/\" rel=\"category tag\">Mendoza<\/a>","rttpg_excerpt":"Un fatal\u00a0accidente\u00a0ocurri\u00f3 en el departamento de\u00a0Maip\u00fa\u00a0durante la tarde de este martes, donde un conductor\u00a0ebrio\u00a0atropell\u00f3 a un\u00a0motociclista\u00a0que muri\u00f3 horas m\u00e1s tarde en el hospital. La informaci\u00f3n policial detalla que el hecho ocurri\u00f3 a las 17.05 en calle Ozamis Sur. Por all\u00ed circulaba F\u00e9lix Funes, de 55 a\u00f1os, a bordo de una moto Keller 110 cc, cuando&hellip;","_links":{"self":[{"href":"https:\/\/elfederalmendoza.com.ar\/index.php\/wp-json\/wp\/v2\/posts\/24053","targetHints":{"allow":["GET"]}}],"collection":[{"href":"https:\/\/elfederalmendoza.com.ar\/index.php\/wp-json\/wp\/v2\/posts"}],"about":[{"href":"https:\/\/elfederalmendoza.com.ar\/index.php\/wp-json\/wp\/v2\/types\/post"}],"author":[{"embeddable":true,"href":"https:\/\/elfederalmendoza.com.ar\/index.php\/wp-json\/wp\/v2\/users\/2"}],"replies":[{"embeddable":true,"href":"https:\/\/elfederalmendoza.com.ar\/index.php\/wp-json\/wp\/v2\/comments?post=24053"}],"version-history":[{"count":2,"href":"https:\/\/elfederalmendoza.com.ar\/index.php\/wp-json\/wp\/v2\/posts\/24053\/revisions"}],"predecessor-version":[{"id":24060,"href":"https:\/\/elfederalmendoza.com.ar\/index.php\/wp-json\/wp\/v2\/posts\/24053\/revisions\/24060"}],"wp:featuredmedia":[{"embeddable":true,"href":"https:\/\/elfederalmendoza.com.ar\/index.php\/wp-json\/wp\/v2\/media\/24055"}],"wp:attachment":[{"href":"https:\/\/elfederalmendoza.com.ar\/index.php\/wp-json\/wp\/v2\/media?parent=24053"}],"wp:term":[{"taxonomy":"category","embeddable":true,"href":"https:\/\/elfederalmendoza.com.ar\/index.php\/wp-json\/wp\/v2\/categories?post=24053"},{"taxonomy":"post_tag","embeddable":true,"href":"https:\/\/elfederalmendoza.com.ar\/index.php\/wp-json\/wp\/v2\/tags?post=24053"}],"curies":[{"name":"wp","href":"https:\/\/api.w.org\/{rel}","templated":true}]}}