{"id":24061,"date":"2023-06-14T14:42:40","date_gmt":"2023-06-14T17:42:40","guid":{"rendered":"https:\/\/elfederalmendoza.com\/?p=24061"},"modified":"2023-06-14T14:42:41","modified_gmt":"2023-06-14T17:42:41","slug":"hable-cacho-garay-cagate-la-ex-pareja-de-cacho-garay-declaro-hablo-con-los-medios-y-se-desmayo","status":"publish","type":"post","link":"https:\/\/elfederalmendoza.com.ar\/index.php\/2023\/06\/14\/hable-cacho-garay-cagate-la-ex-pareja-de-cacho-garay-declaro-hablo-con-los-medios-y-se-desmayo\/","title":{"rendered":"\u201cHabl\u00e9 Cacho Garay, cagate\u201d: la ex pareja de Cacho Garay declar\u00f3, habl\u00f3 con los medios y se desmay\u00f3"},"content":{"rendered":"\n<p>La cantante soprano<strong>&nbsp;Ver\u00f3nica \u201cBamby\u201d Mac\u00edas<\/strong>&nbsp;(36), ex pareja de<strong>&nbsp;Cacho Garay (68)<\/strong>, habl\u00f3 hoy ante la prensa tras salir de una audiencia por la causa que tiene como imputados al humorista y a la empleada legislativa<strong>&nbsp;Sandra Astudillo Staffolani (58)<\/strong>&nbsp;por presuntos abusos sexuales.<\/p>\n\n\n\n<p>La denunciante, en un evidente estado de inestabilidad emocional, realiz\u00f3<strong>\u00a0fuertes acusaciones\u00a0<\/strong>contra el popular humorista mendocino, ahora imputado y bajo prisi\u00f3n domiciliaria.<\/p>\n\n\n\n<p>\u201cYo no cuento cuentos como ese se\u00f1or (al referirse a Garay). La verdad duele, pero todo se va a demostrar\u201d, dijo antes de desmayarse ante las c\u00e1maras.<\/p>\n\n\n\n<p>\u201cLo \u00fanico que me interesa es que la justicia me escuche. Es demasiado doloroso lo que estoy viviendo\u201d, asegur\u00f3.<\/p>\n\n\n\n<p>Cuando le consultaron sobre la participaci\u00f3n de Astudillo en los supuestos abusos y fiestas sexuales donde Mac\u00edas denunci\u00f3 que era ultrajada dijo: \u201cEs una mentirosa, asquerosa, ojal\u00e1 se pudra en la c\u00e1rcel. Ella y el cerdo ese (por Garay)\u201d. Luego Mac\u00edas la trat\u00f3 de \u201cvioladora\u201d.<\/p>\n\n\n\n<p>Garay ha manifestado ante la justicia una serie de problemas m\u00e9dicos que lo han ayudado a mantener la prisi\u00f3n domiciliaria. Sobre esto, Ver\u00f3nica sentenci\u00f3: \u201cPara meterme droga y golpearme estaba normal\u201d. Acusaciones que apoyaron sus abogados.<\/p>\n\n\n\n<p>\u201cSino hac\u00eda lo que \u00e9l me dec\u00eda me castigaba. Me oblig\u00f3 a cambiar mi cuerpo, a alejarme de mi familia. Esta denuncia \u00e9l la tom\u00f3 como una traici\u00f3n\u201d, dijo y finaliz\u00f3: \u201cHabl\u00e9 Cacho Garay, cagaste\u201d. Segundos despu\u00e9s se desplom\u00f3.<\/p>\n\n\n\n<p><strong>MIR\u00c1 EL VIDEO:<\/strong><\/p>\n\n\n\n<figure class=\"wp-block-embed is-type-video is-provider-youtube wp-block-embed-youtube wp-embed-aspect-16-9 wp-has-aspect-ratio\"><div class=\"wp-block-embed__wrapper\">\n<iframe loading=\"lazy\" title=\"Video: La ex de Cacho Garay se desmay\u00f3 cuando sali\u00f3 de la pericia\" width=\"640\" height=\"360\" src=\"https:\/\/www.youtube.com\/embed\/fga_BvGCV4M?feature=oembed\" frameborder=\"0\" allow=\"accelerometer; autoplay; clipboard-write; encrypted-media; gyroscope; picture-in-picture; web-share\" referrerpolicy=\"strict-origin-when-cross-origin\" allowfullscreen><\/iframe>\n<\/div><\/figure>\n\n\n\n<h1 class=\"wp-block-heading\">Detuvieron e imputaron por abuso sexual a la empleada legislativa buscada como c\u00f3mplice de Cacho Garay<\/h1>\n\n\n\n<p>Detuvieron en el aeropuerto de Mendoza a\u00a0<strong>Sandra Astudillo Staffolani (58), la mujer que es buscada por la Fiscal\u00eda de Violencia de G\u00e9nero<\/strong>\u00a0porque\u00a0<strong>habr\u00eda abusado sexualmente de la ex mujer de Cacho Garay (68), junto al humorista.\u00a0<\/strong>La mujer fue apresada cuando ingresaba al pa\u00eds, v\u00eda Chile, tras pasar unas vacaciones en Canc\u00fan, M\u00e9xico.<\/p>\n\n\n\n<p>Astudillo, empleada de la Legislatura y ex reina vendimial por Tunuy\u00e1n, fue detenida la noche del lunes, cuando puso un pie en la provincia, por efectivos de la Polic\u00eda de Seguridad Aeroportuaria (PSA) que sab\u00eda ya de su regreso, ya que estaba en la lista de personas buscadas por la justicia de Mendoza.<\/p>\n\n\n\n<p>Astudillo pas\u00f3 la noche en un calabozo de la aeroestaci\u00f3n Francisco Gabrielli y fue llevada ayer a la ma\u00f1ana por personal de la PSA al Polo Judicial donde qued\u00f3 bajo la \u00f3rbita del fiscal Violencia de G\u00e9nero Daniel Carniello, quien<strong>&nbsp;la imput\u00f3 por el delito de abuso sexual con acceso carnal en n\u00famero indeterminado de hechos cometidos en contexto de violencia de g\u00e9nero,<\/strong>&nbsp;en calidad de coautora.<\/p>\n\n\n\n<p>La mujer es defendida por los abogados Carlos Moyano y Silvina Stocco, quienes ya hab\u00edan solicitado que quedara en libertad o bien que se le diera el beneficio de la&nbsp;<strong>prisi\u00f3n domiciliaria, previo pago de una fianza de $1.000.000.<\/strong><\/p>\n\n\n\n<p>Por este \u00faltimo camino se decidi\u00f3 Carniello, despu\u00e9s que&nbsp;<strong>la mujer decidiera no declarar.<\/strong>&nbsp;De esta forma, Astudillo qued\u00f3 en la misma situaci\u00f3n que el humorista: imputada y con domiciliaria, a la espera de un futuro juicio si la causa avanza en ese sentido.<\/p>\n\n\n\n<p><strong>\u201cEstaba muy perturba, se la ve\u00eda nerviosa, como sorprendida<\/strong>\u201d, explic\u00f3 una fuente consultada por Los Andes.<\/p>\n\n\n\n<p>Despu\u00e9s de ser imputada, la empleada legislativa inici\u00f3 el camino habitual en estos casos: el circuito donde se le toman huellas dactilares y se revisan sus antecedentes, para luego ser ingresada al Servicio Penitenciario.<\/p>\n\n\n\n<p>Se espera que esta misma tarde los penitenciarios la lleven a la casa de una de sus hijas, donde cumplir\u00e1 con el arresto domiciliario.<\/p>\n\n\n\n<p>\u201cEsperaremos a que conocer en detalle el expediente y que se produzcan m\u00e1s pruebas para que en un momento\u00a0<strong>declare ante el fiscal. Ella dice que nunca ha tenido relaciones sexuales con la denunciante<\/strong>\u201d, sostuvo Moyano.<\/p>\n\n\n\n<h2 class=\"wp-block-heading\"><strong>GARAY SEGUIR\u00c1 CON DOMICILIARIA, POR AHORA<\/strong><\/h2>\n\n\n\n<p>Hoy a las 12,<strong>\u00a0la jueza Alejandra Mauricio,<\/strong>\u00a0del Juzgado Penal Colegiado N\u00ba 1, realiz\u00f3 una audiencia donde se trat\u00f3 el pedido revisi\u00f3n de la prisi\u00f3n domiciliaria para Cacho Garay que fuera solicitado por los abogados Cristian Vaira Leyton y Agust\u00edn Magdalena, quienes representan a la denunciante, la ex pareja de humorista,\u00a0<strong>la cantante soprano Ver\u00f3nica \u201cBamby\u201d Mac\u00edas (36).<\/strong><\/p>\n\n\n\n<p>El disparador de la solicitud de los querellantes fue que Garay rompi\u00f3 la prohibici\u00f3n de acercamiento que le hab\u00eda dictado el fiscal de Violencia de G\u00e9nero Daniel Carniello. De esta audiencia participaron Carniello, los abogados de Mac\u00edas y los de Garay, Daniel Romero y Juan Pablo Ildarraz.<\/p>\n\n\n\n<p>Durante la audiencia la querella fundament\u00f3 el pedido de revocamiento de la libertad de Garay. Luego el fiscal habl\u00f3 sobre la imputaci\u00f3n del delito de desobediencia, adviriendo que el tel\u00e9fono del humorista fue secuestrado y Delitos Tecnol\u00f3gicos trabaja para conocer su contenido (concretamente, saber si el imputadole mand\u00f3 un mensaje de voz por Whatsapp a su ex).<\/p>\n\n\n\n<p>Por su parte, los defensores se opusieron a la revocaci\u00f3n de la domiciliaria diciendo que Garay ya hab\u00eda dado de baja ese tel\u00e9fono. Con este panorama l<strong>a jueza Mauricio, posterg\u00f3 la decisi\u00f3n&nbsp;<\/strong>hasta que se produzcan&nbsp;<strong>las pruebas en relaci\u00f3n a este incidente.&nbsp;<\/strong>Hasta que esto no suceda,&nbsp;<strong>Garay seguir\u00e1 con el beneficio de la prisi\u00f3n domiciliaria.<\/strong><\/p>\n\n\n\n<p>El humorista se encuentra con prisi\u00f3n domiciliaria \u2013vive con su hermana en Coquimbito, Maip\u00fa- y se encuentra imputado por los delitos \u201camenazas agravas por el uso de arma, abuso sexual con acceso carnal en un n\u00famero indeterminado de hechos, privaci\u00f3n ileg\u00edtima de la libertad agravada por ser cometida contra su c\u00f3nyuge y tenencia de armas de fuego de uso civil\u201d y ahora tambi\u00e9n por \u201cdesobediencia\u201d, tras quebrantar la prohibici\u00f3n de acercamiento de forma \u201cvirtual.<\/p>\n\n\n\n<p>Desde ese lugar, el hombre realiz\u00f3 cerca del 25 de mayo una llamada a Mac\u00edas, quien reside en Luj\u00e1n, en la casa donde resid\u00eda el matrimonio, algo que no est\u00e1 permitido, ya que las prohibiciones de acercamiento no solo impiden el contacto personal sino tambi\u00e9n las llamadas por tel\u00e9fono y los contactos a trav\u00e9s de las redes sociales.<\/p>\n\n\n\n<p>En el llamado por Whatsapp, Garay se habr\u00eda contactado con Mac\u00edas, y sibien no habr\u00eda dicho nada, (s\u00f3lo se escuchan ruidos), para los abogados de la mujer se trat\u00f3 de una situaci\u00f3n amenazante por lo que solicitaron que vuelva a ser detenido.<\/p>\n\n\n\n<p>El 12 de abril Cacho Garay fue detenido luego de ser denunciado por violencia de g\u00e9nero y en ese momento se le secuestraron 4 armas de fuego, lo que le vali\u00f3 una imputaci\u00f3n por amenzas y tenencia de armas. Tras pagar una fianza de $1.000.000, qued\u00f3 en libertad.<\/p>\n\n\n\n<p>El 21 de abril el juez Juan Manuel Pina le dict\u00f3 la prisi\u00f3n preventiva, al tiempo que el fiscal Carniello le ampliaba a imputaci\u00f3n por abuso amenazas agravas por el uso de arma, abuso sexual con acceso carnal en un n\u00famero indeterminado de hechos, privaci\u00f3n ileg\u00edtima de la libertad agravada y sigui\u00f3 con prisi\u00f3n domiciliaria.<\/p>\n","protected":false},"excerpt":{"rendered":"<p>La cantante soprano&nbsp;Ver\u00f3nica \u201cBamby\u201d Mac\u00edas&nbsp;(36), ex pareja de&nbsp;Cacho Garay (68), habl\u00f3 hoy ante la prensa tras salir de una audiencia por la causa que tiene como imputados al humorista y a la empleada legislativa&nbsp;Sandra Astudillo Staffolani (58)&nbsp;por presuntos abusos sexuales. La denunciante, en un evidente estado de inestabilidad emocional, realiz\u00f3\u00a0fuertes acusaciones\u00a0contra el popular humorista mendocino,<a class=\"read-more\" href=\"https:\/\/elfederalmendoza.com.ar\/index.php\/2023\/06\/14\/hable-cacho-garay-cagate-la-ex-pareja-de-cacho-garay-declaro-hablo-con-los-medios-y-se-desmayo\/\"> [&hellip;]<\/a><\/p>\n","protected":false},"author":2,"featured_media":24064,"comment_status":"open","ping_status":"open","sticky":false,"template":"","format":"standard","meta":{"footnotes":""},"categories":[1],"tags":[],"class_list":["post-24061","post","type-post","status-publish","format-standard","has-post-thumbnail","hentry","category-mza"],"rttpg_featured_image_url":{"full":["https:\/\/elfederalmendoza.com.ar\/wp-content\/uploads\/2023\/06\/1686761840154se-desmayo-en-vivo-veronica-macias-ex-de-cacho-garay-noticiero-nueve.jpg",1920,1080,false],"landscape":["https:\/\/elfederalmendoza.com.ar\/wp-content\/uploads\/2023\/06\/1686761840154se-desmayo-en-vivo-veronica-macias-ex-de-cacho-garay-noticiero-nueve.jpg",1920,1080,false],"portraits":["https:\/\/elfederalmendoza.com.ar\/wp-content\/uploads\/2023\/06\/1686761840154se-desmayo-en-vivo-veronica-macias-ex-de-cacho-garay-noticiero-nueve.jpg",1920,1080,false],"thumbnail":["https:\/\/elfederalmendoza.com.ar\/wp-content\/uploads\/2023\/06\/1686761840154se-desmayo-en-vivo-veronica-macias-ex-de-cacho-garay-noticiero-nueve-150x150.jpg",150,150,true],"medium":["https:\/\/elfederalmendoza.com.ar\/wp-content\/uploads\/2023\/06\/1686761840154se-desmayo-en-vivo-veronica-macias-ex-de-cacho-garay-noticiero-nueve-300x169.jpg",300,169,true],"large":["https:\/\/elfederalmendoza.com.ar\/wp-content\/uploads\/2023\/06\/1686761840154se-desmayo-en-vivo-veronica-macias-ex-de-cacho-garay-noticiero-nueve-1024x576.jpg",640,360,true],"1536x1536":["https:\/\/elfederalmendoza.com.ar\/wp-content\/uploads\/2023\/06\/1686761840154se-desmayo-en-vivo-veronica-macias-ex-de-cacho-garay-noticiero-nueve-1536x864.jpg",1536,864,true],"2048x2048":["https:\/\/elfederalmendoza.com.ar\/wp-content\/uploads\/2023\/06\/1686761840154se-desmayo-en-vivo-veronica-macias-ex-de-cacho-garay-noticiero-nueve.jpg",1920,1080,false],"ultp_layout_landscape_large":["https:\/\/elfederalmendoza.com.ar\/wp-content\/uploads\/2023\/06\/1686761840154se-desmayo-en-vivo-veronica-macias-ex-de-cacho-garay-noticiero-nueve-1200x800.jpg",1200,800,true],"ultp_layout_landscape":["https:\/\/elfederalmendoza.com.ar\/wp-content\/uploads\/2023\/06\/1686761840154se-desmayo-en-vivo-veronica-macias-ex-de-cacho-garay-noticiero-nueve-870x570.jpg",870,570,true],"ultp_layout_portrait":["https:\/\/elfederalmendoza.com.ar\/wp-content\/uploads\/2023\/06\/1686761840154se-desmayo-en-vivo-veronica-macias-ex-de-cacho-garay-noticiero-nueve-600x900.jpg",600,900,true],"ultp_layout_square":["https:\/\/elfederalmendoza.com.ar\/wp-content\/uploads\/2023\/06\/1686761840154se-desmayo-en-vivo-veronica-macias-ex-de-cacho-garay-noticiero-nueve-600x600.jpg",600,600,true],"rpwe-thumbnail":["https:\/\/elfederalmendoza.com.ar\/wp-content\/uploads\/2023\/06\/1686761840154se-desmayo-en-vivo-veronica-macias-ex-de-cacho-garay-noticiero-nueve-45x45.jpg",45,45,true],"advps-thumb-one":["https:\/\/elfederalmendoza.com.ar\/wp-content\/uploads\/2023\/06\/1686761840154se-desmayo-en-vivo-veronica-macias-ex-de-cacho-garay-noticiero-nueve-1200x420.jpg",1200,420,true]},"rttpg_author":{"display_name":"Redacci\u00f3n El Federal","author_link":"https:\/\/elfederalmendoza.com.ar\/index.php\/author\/angelflores\/"},"rttpg_comment":0,"rttpg_category":"<a href=\"https:\/\/elfederalmendoza.com.ar\/index.php\/category\/mza\/\" rel=\"category tag\">Mendoza<\/a>","rttpg_excerpt":"La cantante soprano&nbsp;Ver\u00f3nica \u201cBamby\u201d Mac\u00edas&nbsp;(36), ex pareja de&nbsp;Cacho Garay (68), habl\u00f3 hoy ante la prensa tras salir de una audiencia por la causa que tiene como imputados al humorista y a la empleada legislativa&nbsp;Sandra Astudillo Staffolani (58)&nbsp;por presuntos abusos sexuales. La denunciante, en un evidente estado de inestabilidad emocional, realiz\u00f3\u00a0fuertes acusaciones\u00a0contra el popular humorista mendocino,&hellip;","_links":{"self":[{"href":"https:\/\/elfederalmendoza.com.ar\/index.php\/wp-json\/wp\/v2\/posts\/24061","targetHints":{"allow":["GET"]}}],"collection":[{"href":"https:\/\/elfederalmendoza.com.ar\/index.php\/wp-json\/wp\/v2\/posts"}],"about":[{"href":"https:\/\/elfederalmendoza.com.ar\/index.php\/wp-json\/wp\/v2\/types\/post"}],"author":[{"embeddable":true,"href":"https:\/\/elfederalmendoza.com.ar\/index.php\/wp-json\/wp\/v2\/users\/2"}],"replies":[{"embeddable":true,"href":"https:\/\/elfederalmendoza.com.ar\/index.php\/wp-json\/wp\/v2\/comments?post=24061"}],"version-history":[{"count":2,"href":"https:\/\/elfederalmendoza.com.ar\/index.php\/wp-json\/wp\/v2\/posts\/24061\/revisions"}],"predecessor-version":[{"id":24065,"href":"https:\/\/elfederalmendoza.com.ar\/index.php\/wp-json\/wp\/v2\/posts\/24061\/revisions\/24065"}],"wp:featuredmedia":[{"embeddable":true,"href":"https:\/\/elfederalmendoza.com.ar\/index.php\/wp-json\/wp\/v2\/media\/24064"}],"wp:attachment":[{"href":"https:\/\/elfederalmendoza.com.ar\/index.php\/wp-json\/wp\/v2\/media?parent=24061"}],"wp:term":[{"taxonomy":"category","embeddable":true,"href":"https:\/\/elfederalmendoza.com.ar\/index.php\/wp-json\/wp\/v2\/categories?post=24061"},{"taxonomy":"post_tag","embeddable":true,"href":"https:\/\/elfederalmendoza.com.ar\/index.php\/wp-json\/wp\/v2\/tags?post=24061"}],"curies":[{"name":"wp","href":"https:\/\/api.w.org\/{rel}","templated":true}]}}