{"id":24078,"date":"2023-06-15T09:42:10","date_gmt":"2023-06-15T12:42:10","guid":{"rendered":"https:\/\/elfederalmendoza.com\/?p=24078"},"modified":"2023-06-15T09:42:10","modified_gmt":"2023-06-15T12:42:10","slug":"cornejo-y-petri-se-reunieron-para-definir-el-futuro-de-la-campana-y-fortalecer-cambia-mendoza","status":"publish","type":"post","link":"https:\/\/elfederalmendoza.com.ar\/index.php\/2023\/06\/15\/cornejo-y-petri-se-reunieron-para-definir-el-futuro-de-la-campana-y-fortalecer-cambia-mendoza\/","title":{"rendered":"Cornejo y Petri se reunieron para definir el futuro de la campa\u00f1a y fortalecer Cambia Mendoza"},"content":{"rendered":"\n<p><strong>Alfredo Cornejo<\/strong>&nbsp;tiene un objetivo: tratar de conquistar aquellos votos de mendocinos que no lo eligieron a \u00e9l, sino a&nbsp;<strong>Luis Petri<\/strong>. Por eso, luego del batacazo que logr\u00f3 el ex diputado nacional, con el 40% de los votos del Frente, ambos <strong>se reunieron en la tarde de este mi\u00e9rcoles para definir c\u00f3mo encarar\u00e1n la campa\u00f1a electoral <\/strong>que viene, donde incluso hay una parada importante: las PASO presidenciales.<\/p>\n\n\n\n<p>El encuentro se realiz\u00f3 este mi\u00e9rcoles ya que Petri tiene previsto viajar a Buenos Aires, donde estar\u00e1 toda la semana. Durante la reuni\u00f3n, el candidato sorpresa de las PASO<strong> le confirm\u00f3 a Cornejo que se mantendr\u00e1 en Cambia Mendoza, que se sumar\u00e1 a la campa\u00f1a y que, en ning\u00fan momento, se le ocurri\u00f3 sacar los pies del plato.<\/strong><\/p>\n\n\n\n<p>Seg\u00fan pudo trascender, Petri reconoci\u00f3 que le gustar\u00eda encabezar la lista de diputados nacionales. Ese ofrecimiento fue hecho el mismo domingo en el hotel Aconcagua por parte de Cornejo. Pero en ese momento el ex legislador rechaz\u00f3 el convite. \u201cLo est\u00e1 dudando\u201d, aseguraron fuentes del radicalismo, porque no quiere que se piense que su intenci\u00f3n era negociar esa banca en el Congreso.<\/p>\n\n\n\n<p>Cornejo, ya posicionado como candidato de Cambia Mendoza, le ofreci\u00f3 a Petri que, si declina de la C\u00e1mara de Diputados, \u201ctambi\u00e9n puede formar parte del gobierno junto a su equipo\u201d.<\/p>\n\n\n\n<p>La intenci\u00f3n es que Petri sea el que elija el men\u00fa porque se gan\u00f3 ese derecho en las urnas. La primera opci\u00f3n es la diputaci\u00f3n. Si no, su compa\u00f1era de f\u00f3rmula, Patricia Gim\u00e9nez, aparece como una posibilidad. La segunda, integrar de manera protag\u00f3nica un futuro gobierno provincial. Adem\u00e1s, fijar\u00e1n estrategias en com\u00fan para la campa\u00f1a final v\u00eda a las elecciones del 24 de septiembre.<\/p>\n","protected":false},"excerpt":{"rendered":"<p>Alfredo Cornejo&nbsp;tiene un objetivo: tratar de conquistar aquellos votos de mendocinos que no lo eligieron a \u00e9l, sino a&nbsp;Luis Petri. Por eso, luego del batacazo que logr\u00f3 el ex diputado nacional, con el 40% de los votos del Frente, ambos se reunieron en la tarde de este mi\u00e9rcoles para definir c\u00f3mo encarar\u00e1n la campa\u00f1a electoral<a class=\"read-more\" href=\"https:\/\/elfederalmendoza.com.ar\/index.php\/2023\/06\/15\/cornejo-y-petri-se-reunieron-para-definir-el-futuro-de-la-campana-y-fortalecer-cambia-mendoza\/\"> [&hellip;]<\/a><\/p>\n","protected":false},"author":2,"featured_media":24079,"comment_status":"open","ping_status":"open","sticky":false,"template":"","format":"standard","meta":{"footnotes":""},"categories":[1],"tags":[],"class_list":["post-24078","post","type-post","status-publish","format-standard","has-post-thumbnail","hentry","category-mza"],"rttpg_featured_image_url":{"full":["https:\/\/elfederalmendoza.com.ar\/wp-content\/uploads\/2023\/06\/WhatsApp-Image-2023-06-15-at-09.41.45.jpeg",980,640,false],"landscape":["https:\/\/elfederalmendoza.com.ar\/wp-content\/uploads\/2023\/06\/WhatsApp-Image-2023-06-15-at-09.41.45.jpeg",980,640,false],"portraits":["https:\/\/elfederalmendoza.com.ar\/wp-content\/uploads\/2023\/06\/WhatsApp-Image-2023-06-15-at-09.41.45.jpeg",980,640,false],"thumbnail":["https:\/\/elfederalmendoza.com.ar\/wp-content\/uploads\/2023\/06\/WhatsApp-Image-2023-06-15-at-09.41.45-150x150.jpeg",150,150,true],"medium":["https:\/\/elfederalmendoza.com.ar\/wp-content\/uploads\/2023\/06\/WhatsApp-Image-2023-06-15-at-09.41.45-300x196.jpeg",300,196,true],"large":["https:\/\/elfederalmendoza.com.ar\/wp-content\/uploads\/2023\/06\/WhatsApp-Image-2023-06-15-at-09.41.45.jpeg",640,418,false],"1536x1536":["https:\/\/elfederalmendoza.com.ar\/wp-content\/uploads\/2023\/06\/WhatsApp-Image-2023-06-15-at-09.41.45.jpeg",980,640,false],"2048x2048":["https:\/\/elfederalmendoza.com.ar\/wp-content\/uploads\/2023\/06\/WhatsApp-Image-2023-06-15-at-09.41.45.jpeg",980,640,false],"ultp_layout_landscape_large":["https:\/\/elfederalmendoza.com.ar\/wp-content\/uploads\/2023\/06\/WhatsApp-Image-2023-06-15-at-09.41.45.jpeg",980,640,false],"ultp_layout_landscape":["https:\/\/elfederalmendoza.com.ar\/wp-content\/uploads\/2023\/06\/WhatsApp-Image-2023-06-15-at-09.41.45-870x570.jpeg",870,570,true],"ultp_layout_portrait":["https:\/\/elfederalmendoza.com.ar\/wp-content\/uploads\/2023\/06\/WhatsApp-Image-2023-06-15-at-09.41.45-600x640.jpeg",600,640,true],"ultp_layout_square":["https:\/\/elfederalmendoza.com.ar\/wp-content\/uploads\/2023\/06\/WhatsApp-Image-2023-06-15-at-09.41.45-600x600.jpeg",600,600,true],"rpwe-thumbnail":["https:\/\/elfederalmendoza.com.ar\/wp-content\/uploads\/2023\/06\/WhatsApp-Image-2023-06-15-at-09.41.45-45x45.jpeg",45,45,true],"advps-thumb-one":["https:\/\/elfederalmendoza.com.ar\/wp-content\/uploads\/2023\/06\/WhatsApp-Image-2023-06-15-at-09.41.45-980x420.jpeg",980,420,true]},"rttpg_author":{"display_name":"Redacci\u00f3n El Federal","author_link":"https:\/\/elfederalmendoza.com.ar\/index.php\/author\/angelflores\/"},"rttpg_comment":0,"rttpg_category":"<a href=\"https:\/\/elfederalmendoza.com.ar\/index.php\/category\/mza\/\" rel=\"category tag\">Mendoza<\/a>","rttpg_excerpt":"Alfredo Cornejo&nbsp;tiene un objetivo: tratar de conquistar aquellos votos de mendocinos que no lo eligieron a \u00e9l, sino a&nbsp;Luis Petri. Por eso, luego del batacazo que logr\u00f3 el ex diputado nacional, con el 40% de los votos del Frente, ambos se reunieron en la tarde de este mi\u00e9rcoles para definir c\u00f3mo encarar\u00e1n la campa\u00f1a electoral&hellip;","_links":{"self":[{"href":"https:\/\/elfederalmendoza.com.ar\/index.php\/wp-json\/wp\/v2\/posts\/24078","targetHints":{"allow":["GET"]}}],"collection":[{"href":"https:\/\/elfederalmendoza.com.ar\/index.php\/wp-json\/wp\/v2\/posts"}],"about":[{"href":"https:\/\/elfederalmendoza.com.ar\/index.php\/wp-json\/wp\/v2\/types\/post"}],"author":[{"embeddable":true,"href":"https:\/\/elfederalmendoza.com.ar\/index.php\/wp-json\/wp\/v2\/users\/2"}],"replies":[{"embeddable":true,"href":"https:\/\/elfederalmendoza.com.ar\/index.php\/wp-json\/wp\/v2\/comments?post=24078"}],"version-history":[{"count":1,"href":"https:\/\/elfederalmendoza.com.ar\/index.php\/wp-json\/wp\/v2\/posts\/24078\/revisions"}],"predecessor-version":[{"id":24080,"href":"https:\/\/elfederalmendoza.com.ar\/index.php\/wp-json\/wp\/v2\/posts\/24078\/revisions\/24080"}],"wp:featuredmedia":[{"embeddable":true,"href":"https:\/\/elfederalmendoza.com.ar\/index.php\/wp-json\/wp\/v2\/media\/24079"}],"wp:attachment":[{"href":"https:\/\/elfederalmendoza.com.ar\/index.php\/wp-json\/wp\/v2\/media?parent=24078"}],"wp:term":[{"taxonomy":"category","embeddable":true,"href":"https:\/\/elfederalmendoza.com.ar\/index.php\/wp-json\/wp\/v2\/categories?post=24078"},{"taxonomy":"post_tag","embeddable":true,"href":"https:\/\/elfederalmendoza.com.ar\/index.php\/wp-json\/wp\/v2\/tags?post=24078"}],"curies":[{"name":"wp","href":"https:\/\/api.w.org\/{rel}","templated":true}]}}