{"id":24083,"date":"2023-06-15T08:51:00","date_gmt":"2023-06-15T11:51:00","guid":{"rendered":"https:\/\/elfederalmendoza.com\/?p=24083"},"modified":"2023-06-15T09:51:42","modified_gmt":"2023-06-15T12:51:42","slug":"el-frente-de-de-marchi-no-integrara-ninguna-alianza-nacional","status":"publish","type":"post","link":"https:\/\/elfederalmendoza.com.ar\/index.php\/2023\/06\/15\/el-frente-de-de-marchi-no-integrara-ninguna-alianza-nacional\/","title":{"rendered":"El frente de De Marchi no integrar\u00e1 ninguna alianza nacional"},"content":{"rendered":"\n<p>Como era de esperarse,&nbsp;<strong>La Uni\u00f3n Mendocina<\/strong>&nbsp;-el espacio que tiene a&nbsp;<strong>Omar De Marchi&nbsp;<\/strong>como candidato a gobernador- no formar\u00e1 parte de ninguna alianza electoral de cara a las elecciones presidenciales nacionales. El frente que viene de competir en los comicios provinciales PASO del 11 de junio no tiene representaci\u00f3n a nivel pa\u00eds, luego de que&nbsp;<strong>De Marchi&nbsp;<\/strong>se distanciara de Horacio Rodr\u00edguez Larreta, jefe de Gobierno porte\u00f1o y&nbsp;aspirante a jefe de Estado nacional en representaci\u00f3n de Juntos por el Cambio<\/p>\n\n\n\n<p>\u00abLos temas nacionales siempre han dividido y no estamos dispuestos a eso.&nbsp;<strong>La Uni\u00f3n Mendocina<\/strong>&nbsp;no va a meterse\u00bb, anticiparon a&nbsp;<em><strong>MDZ<\/strong><\/em>.&nbsp;<strong>De Marchi&nbsp;<\/strong>se desempe\u00f1\u00f3&nbsp;hasta abril -cuando se produjo su ruptura con Cambia Mendoza- como armador pol\u00edtico de Rodr\u00edguez Larreta en el interior. Incluso, en la disputa del PRO larretista contra el ala de Patricia Bullrich, el exintendente de Luj\u00e1n de Cuyo respald\u00f3 al alcalde porte\u00f1o. Esto cambi\u00f3 definitivamente con la creaci\u00f3n de&nbsp;<strong>La Uni\u00f3n Mendocina<\/strong>&nbsp;y, en consecuencia,&nbsp;<strong>De Marchi&nbsp;<\/strong>desisti\u00f3 de continuar adentrado en cuestiones nacionales.&nbsp;<\/p>\n\n\n\n<p>No obstante, aliados de&nbsp;<strong>Omar De Marchi<\/strong>&nbsp;si integrar\u00e1n alianzas nacionales. En el caso de dirigentes como Gustavo Guti\u00e9rrez y Marcos Quattrini, la Coalici\u00f3n C\u00edvica ARI s\u00ed se encolumnar\u00e1 en las filas de Juntos por el Cambio.&nbsp;<\/p>\n\n\n\n<p>En tanto, el Partido Dem\u00f3crata y el Partidario Libertario -dos componentes de la columna vertebral de&nbsp;<strong>La Uni\u00f3n Mendocina<\/strong>&#8211; ratificaron de forma oficial su apoyo a la precandidatura presidencial de Javier Milei&nbsp;y constituyeron el frente La Libertad Avanza en Mendoza.<\/p>\n\n\n\n<p>Sobre el hecho de que el apoyo de candidatos presidenciales en La Uni\u00f3n Mendocina sea tan heterog\u00e9neo, desde el entorno de&nbsp;<strong>De Marchi&nbsp;<\/strong>comentaron a este diario que&nbsp;\u00abes normal. Hay referentes&nbsp;que simpatizan con Patricia Bullrich, Horacio Rodr\u00edguez Larreta o Javier Milei. Hay que esperar a ver qu\u00e9 pasa el 24 de junio con el cierre de listas. Si Gerardo Morales es candidato, \u00bfqu\u00e9&nbsp;va a hacer Alfredo Cornejo?\u00bb.<\/p>\n\n\n\n<p>Por ello,&nbsp;<strong>De Marchi&nbsp;<\/strong>no marcar\u00e1 presencia para llevar dirigentes de su palo al Congreso y -por el momento- no fogonear\u00e1 la candidatura de ning\u00fan aspirante a la Presidencia. SIn embargo, algunos de sus aliados s\u00ed lo har\u00e1n.<\/p>\n","protected":false},"excerpt":{"rendered":"<p>Como era de esperarse,&nbsp;La Uni\u00f3n Mendocina&nbsp;-el espacio que tiene a&nbsp;Omar De Marchi&nbsp;como candidato a gobernador- no formar\u00e1 parte de ninguna alianza electoral de cara a las elecciones presidenciales nacionales. El frente que viene de competir en los comicios provinciales PASO del 11 de junio no tiene representaci\u00f3n a nivel pa\u00eds, luego de que&nbsp;De Marchi&nbsp;se distanciara<a class=\"read-more\" href=\"https:\/\/elfederalmendoza.com.ar\/index.php\/2023\/06\/15\/el-frente-de-de-marchi-no-integrara-ninguna-alianza-nacional\/\"> [&hellip;]<\/a><\/p>\n","protected":false},"author":2,"featured_media":24084,"comment_status":"open","ping_status":"open","sticky":false,"template":"","format":"standard","meta":{"footnotes":""},"categories":[1],"tags":[],"class_list":["post-24083","post","type-post","status-publish","format-standard","has-post-thumbnail","hentry","category-mza"],"rttpg_featured_image_url":{"full":["https:\/\/elfederalmendoza.com.ar\/wp-content\/uploads\/2023\/06\/f608x342-968730_998453_0.webp",608,342,false],"landscape":["https:\/\/elfederalmendoza.com.ar\/wp-content\/uploads\/2023\/06\/f608x342-968730_998453_0.webp",608,342,false],"portraits":["https:\/\/elfederalmendoza.com.ar\/wp-content\/uploads\/2023\/06\/f608x342-968730_998453_0.webp",608,342,false],"thumbnail":["https:\/\/elfederalmendoza.com.ar\/wp-content\/uploads\/2023\/06\/f608x342-968730_998453_0-150x150.webp",150,150,true],"medium":["https:\/\/elfederalmendoza.com.ar\/wp-content\/uploads\/2023\/06\/f608x342-968730_998453_0-300x169.webp",300,169,true],"large":["https:\/\/elfederalmendoza.com.ar\/wp-content\/uploads\/2023\/06\/f608x342-968730_998453_0.webp",608,342,false],"1536x1536":["https:\/\/elfederalmendoza.com.ar\/wp-content\/uploads\/2023\/06\/f608x342-968730_998453_0.webp",608,342,false],"2048x2048":["https:\/\/elfederalmendoza.com.ar\/wp-content\/uploads\/2023\/06\/f608x342-968730_998453_0.webp",608,342,false],"ultp_layout_landscape_large":["https:\/\/elfederalmendoza.com.ar\/wp-content\/uploads\/2023\/06\/f608x342-968730_998453_0.webp",608,342,false],"ultp_layout_landscape":["https:\/\/elfederalmendoza.com.ar\/wp-content\/uploads\/2023\/06\/f608x342-968730_998453_0.webp",608,342,false],"ultp_layout_portrait":["https:\/\/elfederalmendoza.com.ar\/wp-content\/uploads\/2023\/06\/f608x342-968730_998453_0-600x342.webp",600,342,true],"ultp_layout_square":["https:\/\/elfederalmendoza.com.ar\/wp-content\/uploads\/2023\/06\/f608x342-968730_998453_0-600x342.webp",600,342,true],"rpwe-thumbnail":["https:\/\/elfederalmendoza.com.ar\/wp-content\/uploads\/2023\/06\/f608x342-968730_998453_0-45x45.webp",45,45,true],"advps-thumb-one":["https:\/\/elfederalmendoza.com.ar\/wp-content\/uploads\/2023\/06\/f608x342-968730_998453_0.webp",608,342,false]},"rttpg_author":{"display_name":"Redacci\u00f3n El Federal","author_link":"https:\/\/elfederalmendoza.com.ar\/index.php\/author\/angelflores\/"},"rttpg_comment":0,"rttpg_category":"<a href=\"https:\/\/elfederalmendoza.com.ar\/index.php\/category\/mza\/\" rel=\"category tag\">Mendoza<\/a>","rttpg_excerpt":"Como era de esperarse,&nbsp;La Uni\u00f3n Mendocina&nbsp;-el espacio que tiene a&nbsp;Omar De Marchi&nbsp;como candidato a gobernador- no formar\u00e1 parte de ninguna alianza electoral de cara a las elecciones presidenciales nacionales. El frente que viene de competir en los comicios provinciales PASO del 11 de junio no tiene representaci\u00f3n a nivel pa\u00eds, luego de que&nbsp;De Marchi&nbsp;se distanciara&hellip;","_links":{"self":[{"href":"https:\/\/elfederalmendoza.com.ar\/index.php\/wp-json\/wp\/v2\/posts\/24083","targetHints":{"allow":["GET"]}}],"collection":[{"href":"https:\/\/elfederalmendoza.com.ar\/index.php\/wp-json\/wp\/v2\/posts"}],"about":[{"href":"https:\/\/elfederalmendoza.com.ar\/index.php\/wp-json\/wp\/v2\/types\/post"}],"author":[{"embeddable":true,"href":"https:\/\/elfederalmendoza.com.ar\/index.php\/wp-json\/wp\/v2\/users\/2"}],"replies":[{"embeddable":true,"href":"https:\/\/elfederalmendoza.com.ar\/index.php\/wp-json\/wp\/v2\/comments?post=24083"}],"version-history":[{"count":1,"href":"https:\/\/elfederalmendoza.com.ar\/index.php\/wp-json\/wp\/v2\/posts\/24083\/revisions"}],"predecessor-version":[{"id":24085,"href":"https:\/\/elfederalmendoza.com.ar\/index.php\/wp-json\/wp\/v2\/posts\/24083\/revisions\/24085"}],"wp:featuredmedia":[{"embeddable":true,"href":"https:\/\/elfederalmendoza.com.ar\/index.php\/wp-json\/wp\/v2\/media\/24084"}],"wp:attachment":[{"href":"https:\/\/elfederalmendoza.com.ar\/index.php\/wp-json\/wp\/v2\/media?parent=24083"}],"wp:term":[{"taxonomy":"category","embeddable":true,"href":"https:\/\/elfederalmendoza.com.ar\/index.php\/wp-json\/wp\/v2\/categories?post=24083"},{"taxonomy":"post_tag","embeddable":true,"href":"https:\/\/elfederalmendoza.com.ar\/index.php\/wp-json\/wp\/v2\/tags?post=24083"}],"curies":[{"name":"wp","href":"https:\/\/api.w.org\/{rel}","templated":true}]}}