{"id":24088,"date":"2023-06-15T11:36:01","date_gmt":"2023-06-15T14:36:01","guid":{"rendered":"https:\/\/elfederalmendoza.com\/?p=24088"},"modified":"2023-06-15T11:36:01","modified_gmt":"2023-06-15T14:36:01","slug":"una-espanola-murio-por-intoxicacion-con-monoxido-en-pleno-centro-de-mendoza","status":"publish","type":"post","link":"https:\/\/elfederalmendoza.com.ar\/index.php\/2023\/06\/15\/una-espanola-murio-por-intoxicacion-con-monoxido-en-pleno-centro-de-mendoza\/","title":{"rendered":"Una espa\u00f1ola muri\u00f3 por intoxicaci\u00f3n con mon\u00f3xido en pleno centro de Mendoza"},"content":{"rendered":"\n<p>Alrededor de las 9 de este jueves,\u00a0 ingres\u00f3 un llamado a la l\u00ednea de emergencias mediante el cual,\u00a0 personal de seguridad del edificio Piazza ubicado en pleno centro mendocino, inform\u00f3 que una persona les avis\u00f3\u00a0 sobre un<strong>\u00a0fuerte olor a gas<\/strong>.<\/p>\n\n\n\n<p>Bomberos voluntarios del Cuartel Central, personal de Defensa Civil y del Servicio de emergencias Coordinado (SEC) arribaron al lugar y en\u00a0 entrevista a la empleada\u00a0 del complejo les inform\u00f3 que ingres\u00f3 al departamento y encontr\u00f3 sentada a la propietaria de uno de los departamentos,\u00a0 por lo que se le aproxim\u00f3 y al tocarla not\u00f3 que no presentaba signos vitales.\u00a0<\/p>\n\n\n\n<figure class=\"wp-block-image size-full\"><img loading=\"lazy\" decoding=\"async\" width=\"864\" height=\"432\" src=\"https:\/\/elfederalmendoza.com\/wp-content\/uploads\/2023\/06\/piazza.jpg\" alt=\"\" class=\"wp-image-24090\" srcset=\"https:\/\/elfederalmendoza.com.ar\/wp-content\/uploads\/2023\/06\/piazza.jpg 864w, https:\/\/elfederalmendoza.com.ar\/wp-content\/uploads\/2023\/06\/piazza-300x150.jpg 300w, https:\/\/elfederalmendoza.com.ar\/wp-content\/uploads\/2023\/06\/piazza-768x384.jpg 768w\" sizes=\"auto, (max-width: 864px) 100vw, 864px\" \/><\/figure>\n\n\n\n<p>Adem\u00e1s, relat\u00f3 que pudo observar que las hornallas&nbsp; de la cocina estaban encendidas por lo que se presume que la mujer falleci\u00f3 por intoxicaci\u00f3n con<strong>&nbsp;mon\u00f3xido de carbono<\/strong>, ya que estaba utilizando este m\u00e9todo para calefaccionarse, a ra\u00edz de las bajas temperaturas que se registran en la provincia.<\/p>\n\n\n\n<p>La v\u00edctima, de<strong>&nbsp;75 a\u00f1os<\/strong>,&nbsp; fue identificada como Lidia&nbsp; Tutusaus y Guillen, de nacionalidad espa\u00f1ola, con domicilio en el lugar del hecho: departamento 53 del piso 11 del edificio Piazza ubicado en calle San Mart\u00edn 1035 . En el caso&nbsp; interviene la Oficina Fiscal N\u00b0 1 de la comisar\u00eda&nbsp; 3\u00b0, de la Ciudad de Mendoza.&nbsp;<\/p>\n","protected":false},"excerpt":{"rendered":"<p>Alrededor de las 9 de este jueves,\u00a0 ingres\u00f3 un llamado a la l\u00ednea de emergencias mediante el cual,\u00a0 personal de seguridad del edificio Piazza ubicado en pleno centro mendocino, inform\u00f3 que una persona les avis\u00f3\u00a0 sobre un\u00a0fuerte olor a gas. Bomberos voluntarios del Cuartel Central, personal de Defensa Civil y del Servicio de emergencias Coordinado<a class=\"read-more\" href=\"https:\/\/elfederalmendoza.com.ar\/index.php\/2023\/06\/15\/una-espanola-murio-por-intoxicacion-con-monoxido-en-pleno-centro-de-mendoza\/\"> [&hellip;]<\/a><\/p>\n","protected":false},"author":2,"featured_media":24091,"comment_status":"open","ping_status":"open","sticky":false,"template":"","format":"standard","meta":{"footnotes":""},"categories":[1],"tags":[],"class_list":["post-24088","post","type-post","status-publish","format-standard","has-post-thumbnail","hentry","category-mza"],"rttpg_featured_image_url":{"full":["https:\/\/elfederalmendoza.com.ar\/wp-content\/uploads\/2023\/06\/piazza1.jpg",1001,486,false],"landscape":["https:\/\/elfederalmendoza.com.ar\/wp-content\/uploads\/2023\/06\/piazza1.jpg",1001,486,false],"portraits":["https:\/\/elfederalmendoza.com.ar\/wp-content\/uploads\/2023\/06\/piazza1.jpg",1001,486,false],"thumbnail":["https:\/\/elfederalmendoza.com.ar\/wp-content\/uploads\/2023\/06\/piazza1-150x150.jpg",150,150,true],"medium":["https:\/\/elfederalmendoza.com.ar\/wp-content\/uploads\/2023\/06\/piazza1-300x146.jpg",300,146,true],"large":["https:\/\/elfederalmendoza.com.ar\/wp-content\/uploads\/2023\/06\/piazza1.jpg",640,311,false],"1536x1536":["https:\/\/elfederalmendoza.com.ar\/wp-content\/uploads\/2023\/06\/piazza1.jpg",1001,486,false],"2048x2048":["https:\/\/elfederalmendoza.com.ar\/wp-content\/uploads\/2023\/06\/piazza1.jpg",1001,486,false],"ultp_layout_landscape_large":["https:\/\/elfederalmendoza.com.ar\/wp-content\/uploads\/2023\/06\/piazza1.jpg",1001,486,false],"ultp_layout_landscape":["https:\/\/elfederalmendoza.com.ar\/wp-content\/uploads\/2023\/06\/piazza1-870x486.jpg",870,486,true],"ultp_layout_portrait":["https:\/\/elfederalmendoza.com.ar\/wp-content\/uploads\/2023\/06\/piazza1-600x486.jpg",600,486,true],"ultp_layout_square":["https:\/\/elfederalmendoza.com.ar\/wp-content\/uploads\/2023\/06\/piazza1-600x486.jpg",600,486,true],"rpwe-thumbnail":["https:\/\/elfederalmendoza.com.ar\/wp-content\/uploads\/2023\/06\/piazza1-45x45.jpg",45,45,true],"advps-thumb-one":["https:\/\/elfederalmendoza.com.ar\/wp-content\/uploads\/2023\/06\/piazza1-1001x420.jpg",1001,420,true]},"rttpg_author":{"display_name":"Redacci\u00f3n El Federal","author_link":"https:\/\/elfederalmendoza.com.ar\/index.php\/author\/angelflores\/"},"rttpg_comment":0,"rttpg_category":"<a href=\"https:\/\/elfederalmendoza.com.ar\/index.php\/category\/mza\/\" rel=\"category tag\">Mendoza<\/a>","rttpg_excerpt":"Alrededor de las 9 de este jueves,\u00a0 ingres\u00f3 un llamado a la l\u00ednea de emergencias mediante el cual,\u00a0 personal de seguridad del edificio Piazza ubicado en pleno centro mendocino, inform\u00f3 que una persona les avis\u00f3\u00a0 sobre un\u00a0fuerte olor a gas. Bomberos voluntarios del Cuartel Central, personal de Defensa Civil y del Servicio de emergencias Coordinado&hellip;","_links":{"self":[{"href":"https:\/\/elfederalmendoza.com.ar\/index.php\/wp-json\/wp\/v2\/posts\/24088","targetHints":{"allow":["GET"]}}],"collection":[{"href":"https:\/\/elfederalmendoza.com.ar\/index.php\/wp-json\/wp\/v2\/posts"}],"about":[{"href":"https:\/\/elfederalmendoza.com.ar\/index.php\/wp-json\/wp\/v2\/types\/post"}],"author":[{"embeddable":true,"href":"https:\/\/elfederalmendoza.com.ar\/index.php\/wp-json\/wp\/v2\/users\/2"}],"replies":[{"embeddable":true,"href":"https:\/\/elfederalmendoza.com.ar\/index.php\/wp-json\/wp\/v2\/comments?post=24088"}],"version-history":[{"count":1,"href":"https:\/\/elfederalmendoza.com.ar\/index.php\/wp-json\/wp\/v2\/posts\/24088\/revisions"}],"predecessor-version":[{"id":24092,"href":"https:\/\/elfederalmendoza.com.ar\/index.php\/wp-json\/wp\/v2\/posts\/24088\/revisions\/24092"}],"wp:featuredmedia":[{"embeddable":true,"href":"https:\/\/elfederalmendoza.com.ar\/index.php\/wp-json\/wp\/v2\/media\/24091"}],"wp:attachment":[{"href":"https:\/\/elfederalmendoza.com.ar\/index.php\/wp-json\/wp\/v2\/media?parent=24088"}],"wp:term":[{"taxonomy":"category","embeddable":true,"href":"https:\/\/elfederalmendoza.com.ar\/index.php\/wp-json\/wp\/v2\/categories?post=24088"},{"taxonomy":"post_tag","embeddable":true,"href":"https:\/\/elfederalmendoza.com.ar\/index.php\/wp-json\/wp\/v2\/tags?post=24088"}],"curies":[{"name":"wp","href":"https:\/\/api.w.org\/{rel}","templated":true}]}}