{"id":24095,"date":"2023-06-15T12:07:18","date_gmt":"2023-06-15T15:07:18","guid":{"rendered":"https:\/\/elfederalmendoza.com\/?p=24095"},"modified":"2023-06-15T12:07:18","modified_gmt":"2023-06-15T15:07:18","slug":"el-demoledor-informe-sobre-el-estado-emocional-de-los-argentinos-frustracion-e-irritabilidad","status":"publish","type":"post","link":"https:\/\/elfederalmendoza.com.ar\/index.php\/2023\/06\/15\/el-demoledor-informe-sobre-el-estado-emocional-de-los-argentinos-frustracion-e-irritabilidad\/","title":{"rendered":"El demoledor informe sobre el estado emocional de los argentinos: \u00abfrustraci\u00f3n\u00a0e irritabilidad\u201d"},"content":{"rendered":"\n<p>Si bien las elecciones generan siempre expectativas de cambio, un estudio revela que la mayor\u00eda de los argentinos<strong> no ve el futuro con optimismo<\/strong>. Frustraci\u00f3n e irritabilidad son los estados dominantes que afectan a la sociedad, como consecuencia de la crisis econ\u00f3mica.<\/p>\n\n\n\n<p>No son buenos tiempos para la situaci\u00f3n emocional de los\u00a0<strong>argentinos<\/strong>.\u00a0En los \u00faltimos a\u00f1os, diversos factores est\u00e1n afectando el estado de \u00e1nimo de la poblaci\u00f3n.<\/p>\n\n\n\n<p><strong>Un tema que alter\u00f3 la calidad de vida fue la\u00a0pandemia<\/strong>. Si bien la crisis sanitaria se vivi\u00f3 en todo el planeta, en pa\u00edses como la Argentina, con una cuarentena prolongada, tuvo un efecto mayor.<\/p>\n\n\n\n<p>El otro tema que golpea el humor social es ya un hecho distintivo del pa\u00eds y es<strong> la crisis econ\u00f3mica<\/strong>, casi una forma natural de vida. Sin embargo, este largo proceso de estancamiento, <strong>alta inflaci\u00f3n y ca\u00edda de poder adquisitivo tiene sus consecuencias en la psiquis de cada habitante.<\/strong><\/p>\n\n\n\n<figure class=\"wp-block-image size-full\"><img loading=\"lazy\" decoding=\"async\" width=\"1000\" height=\"695\" src=\"https:\/\/elfederalmendoza.com\/wp-content\/uploads\/2023\/06\/hombre-irritable.jpg\" alt=\"\" class=\"wp-image-24098\" srcset=\"https:\/\/elfederalmendoza.com.ar\/wp-content\/uploads\/2023\/06\/hombre-irritable.jpg 1000w, https:\/\/elfederalmendoza.com.ar\/wp-content\/uploads\/2023\/06\/hombre-irritable-300x209.jpg 300w, https:\/\/elfederalmendoza.com.ar\/wp-content\/uploads\/2023\/06\/hombre-irritable-768x534.jpg 768w\" sizes=\"auto, (max-width: 1000px) 100vw, 1000px\" \/><\/figure>\n\n\n\n<p>La proximidad de las elecciones genera siempre expectativas y este a\u00f1o no es diferente. En ese sentido, el centro de <strong>Opini\u00f3n P\u00fablica de la Universidad de Belgrano<\/strong>, realiz\u00f3 un nuevo informe sobre cu\u00e1l es el impacto emocional percibido de la actual situaci\u00f3n econ\u00f3mica entre los argentinos. y en qu\u00e9 medida se cree que afectan las relaciones familiares, o la percepci\u00f3n del futuro para las personas m\u00e1s j\u00f3venes.<\/p>\n\n\n\n<p>\u201cLo primero que se vislumbra es que existe un reconocimiento casi total a que la crisis econ\u00f3mica genera un impacto emocional en cada uno de los encuestados, con el uso de t\u00e9rminos como\u00a0<strong>\u201cfrustraci\u00f3n\u201d<\/strong>\u00a0<strong>o \u201cirritabilidad\u201d. De hecho, 8 de cada 10 confirma esta sensaci\u00f3n\u201d<\/strong>, explica<strong> Orlando D\u00b4Adamo<\/strong>, Director del Centro de Opini\u00f3n P\u00fablica de la Universidad de Belgrano (COPUB).<\/p>\n\n\n\n<p>El informe tambi\u00e9n revela que el efecto de la situaci\u00f3n econ\u00f3mica va m\u00e1s all\u00e1 de lo individual:<strong> m\u00e1s del 70% se\u00f1ala que la crisis tiene impacto en el tejido de las relaciones familiares.<\/strong><\/p>\n\n\n\n<p>\u201cSi bien est\u00e1 claro que la gente se informa con los medios sobre temas vinculados a la econom\u00eda, como la cotizaci\u00f3n del d\u00f3lar, lo cierto es que la experiencia y vivencia cotidiana personal con el aumento de los precios tiene tanto o m\u00e1s peso en las percepciones p\u00fablicas\u201d explican desde la Universidad.<\/p>\n\n\n\n<p>En este contexto, <strong>41% de los consultados<\/strong> cree que las elecciones de este a\u00f1o abrir\u00e1n mejores expectativas para la\u00a0<strong>econom\u00eda<\/strong>\u00a0y 32% cree que s\u00f3lo empeorar\u00e1n, mientras que 22% considera que nada cambiar\u00e1.<\/p>\n\n\n\n<p>De esta manera, <strong>seis de cada cuatro argentinos<\/strong> no ven el futuro con demasiada esperanza y eso explica que el estado de \u00e1nimo preponderante sea, por ejemplo, el de la frustraci\u00f3n.<\/p>\n","protected":false},"excerpt":{"rendered":"<p>Si bien las elecciones generan siempre expectativas de cambio, un estudio revela que la mayor\u00eda de los argentinos no ve el futuro con optimismo. Frustraci\u00f3n e irritabilidad son los estados dominantes que afectan a la sociedad, como consecuencia de la crisis econ\u00f3mica. No son buenos tiempos para la situaci\u00f3n emocional de los\u00a0argentinos.\u00a0En los \u00faltimos a\u00f1os,<a class=\"read-more\" href=\"https:\/\/elfederalmendoza.com.ar\/index.php\/2023\/06\/15\/el-demoledor-informe-sobre-el-estado-emocional-de-los-argentinos-frustracion-e-irritabilidad\/\"> [&hellip;]<\/a><\/p>\n","protected":false},"author":2,"featured_media":24097,"comment_status":"open","ping_status":"open","sticky":false,"template":"","format":"standard","meta":{"footnotes":""},"categories":[5618],"tags":[],"class_list":["post-24095","post","type-post","status-publish","format-standard","has-post-thumbnail","hentry","category-arg"],"rttpg_featured_image_url":{"full":["https:\/\/elfederalmendoza.com.ar\/wp-content\/uploads\/2023\/06\/frustacion1.jpg",914,608,false],"landscape":["https:\/\/elfederalmendoza.com.ar\/wp-content\/uploads\/2023\/06\/frustacion1.jpg",914,608,false],"portraits":["https:\/\/elfederalmendoza.com.ar\/wp-content\/uploads\/2023\/06\/frustacion1.jpg",914,608,false],"thumbnail":["https:\/\/elfederalmendoza.com.ar\/wp-content\/uploads\/2023\/06\/frustacion1-150x150.jpg",150,150,true],"medium":["https:\/\/elfederalmendoza.com.ar\/wp-content\/uploads\/2023\/06\/frustacion1-300x200.jpg",300,200,true],"large":["https:\/\/elfederalmendoza.com.ar\/wp-content\/uploads\/2023\/06\/frustacion1.jpg",640,426,false],"1536x1536":["https:\/\/elfederalmendoza.com.ar\/wp-content\/uploads\/2023\/06\/frustacion1.jpg",914,608,false],"2048x2048":["https:\/\/elfederalmendoza.com.ar\/wp-content\/uploads\/2023\/06\/frustacion1.jpg",914,608,false],"ultp_layout_landscape_large":["https:\/\/elfederalmendoza.com.ar\/wp-content\/uploads\/2023\/06\/frustacion1.jpg",914,608,false],"ultp_layout_landscape":["https:\/\/elfederalmendoza.com.ar\/wp-content\/uploads\/2023\/06\/frustacion1-870x570.jpg",870,570,true],"ultp_layout_portrait":["https:\/\/elfederalmendoza.com.ar\/wp-content\/uploads\/2023\/06\/frustacion1-600x608.jpg",600,608,true],"ultp_layout_square":["https:\/\/elfederalmendoza.com.ar\/wp-content\/uploads\/2023\/06\/frustacion1-600x600.jpg",600,600,true],"rpwe-thumbnail":["https:\/\/elfederalmendoza.com.ar\/wp-content\/uploads\/2023\/06\/frustacion1-45x45.jpg",45,45,true],"advps-thumb-one":["https:\/\/elfederalmendoza.com.ar\/wp-content\/uploads\/2023\/06\/frustacion1-914x420.jpg",914,420,true]},"rttpg_author":{"display_name":"Redacci\u00f3n El Federal","author_link":"https:\/\/elfederalmendoza.com.ar\/index.php\/author\/angelflores\/"},"rttpg_comment":0,"rttpg_category":"<a href=\"https:\/\/elfederalmendoza.com.ar\/index.php\/category\/arg\/\" rel=\"category tag\">Argentina<\/a>","rttpg_excerpt":"Si bien las elecciones generan siempre expectativas de cambio, un estudio revela que la mayor\u00eda de los argentinos no ve el futuro con optimismo. Frustraci\u00f3n e irritabilidad son los estados dominantes que afectan a la sociedad, como consecuencia de la crisis econ\u00f3mica. No son buenos tiempos para la situaci\u00f3n emocional de los\u00a0argentinos.\u00a0En los \u00faltimos a\u00f1os,&hellip;","_links":{"self":[{"href":"https:\/\/elfederalmendoza.com.ar\/index.php\/wp-json\/wp\/v2\/posts\/24095","targetHints":{"allow":["GET"]}}],"collection":[{"href":"https:\/\/elfederalmendoza.com.ar\/index.php\/wp-json\/wp\/v2\/posts"}],"about":[{"href":"https:\/\/elfederalmendoza.com.ar\/index.php\/wp-json\/wp\/v2\/types\/post"}],"author":[{"embeddable":true,"href":"https:\/\/elfederalmendoza.com.ar\/index.php\/wp-json\/wp\/v2\/users\/2"}],"replies":[{"embeddable":true,"href":"https:\/\/elfederalmendoza.com.ar\/index.php\/wp-json\/wp\/v2\/comments?post=24095"}],"version-history":[{"count":1,"href":"https:\/\/elfederalmendoza.com.ar\/index.php\/wp-json\/wp\/v2\/posts\/24095\/revisions"}],"predecessor-version":[{"id":24099,"href":"https:\/\/elfederalmendoza.com.ar\/index.php\/wp-json\/wp\/v2\/posts\/24095\/revisions\/24099"}],"wp:featuredmedia":[{"embeddable":true,"href":"https:\/\/elfederalmendoza.com.ar\/index.php\/wp-json\/wp\/v2\/media\/24097"}],"wp:attachment":[{"href":"https:\/\/elfederalmendoza.com.ar\/index.php\/wp-json\/wp\/v2\/media?parent=24095"}],"wp:term":[{"taxonomy":"category","embeddable":true,"href":"https:\/\/elfederalmendoza.com.ar\/index.php\/wp-json\/wp\/v2\/categories?post=24095"},{"taxonomy":"post_tag","embeddable":true,"href":"https:\/\/elfederalmendoza.com.ar\/index.php\/wp-json\/wp\/v2\/tags?post=24095"}],"curies":[{"name":"wp","href":"https:\/\/api.w.org\/{rel}","templated":true}]}}