{"id":24100,"date":"2023-06-15T12:27:35","date_gmt":"2023-06-15T15:27:35","guid":{"rendered":"https:\/\/elfederalmendoza.com\/?p=24100"},"modified":"2023-06-15T12:27:36","modified_gmt":"2023-06-15T15:27:36","slug":"echaron-a-importante-funcionario-de-las-heras-lo-identificaron-en-un-audio-ofreciendo-empleo-sin-trabajar-en-cooperativas-que-el-maneja","status":"publish","type":"post","link":"https:\/\/elfederalmendoza.com.ar\/index.php\/2023\/06\/15\/echaron-a-importante-funcionario-de-las-heras-lo-identificaron-en-un-audio-ofreciendo-empleo-sin-trabajar-en-cooperativas-que-el-maneja\/","title":{"rendered":"Echaron a importante funcionario de Las Heras: lo identificaron en un audio, ofreciendo empleo \u00absin trabajar\u00bb en cooperativas \u00abque \u00e9l maneja\u00bb"},"content":{"rendered":"\n<p>El subsecretario de Pol\u00edticas Sociales de Las Heras,\u00a0<strong>Osvaldo Oyhenart<\/strong>, fue despedido de su cargo en la Municipalidad, luego de una fuerte\u00a0<a href=\"https:\/\/www.mendozapost.com\/politica\/las-heras-sexo-denuncias-extorsiones-politica-audio\/\" target=\"_blank\" rel=\"noreferrer noopener\">investigaci\u00f3n de Mendoza Post<\/a>, en la que se revelaron relaciones irregulares entre funcionarios de la comuna y cooperativas de trabajo que hicieron facturas millonarias al municipio.<\/p>\n\n\n\n<p>Fuentes de la comuna lasherina confirmaron al&nbsp;<strong><em>Post<\/em><\/strong>&nbsp;la desvinculaci\u00f3n del funcionario, quien fue denunciado por coacci\u00f3n en una fiscal\u00eda local, y ser\u00e1 citado a declarar. Lo identificaron en un audio, ofreciendo empleo \u00absin trabajar\u00bb en cooperativas que \u00e9l mismo \u00abmaneja\u00bb.<\/p>\n\n\n\n<p>El ahora exfuncionario fue denunciado por una empleada de la Municipalidad, quien present\u00f3 una grabaci\u00f3n de una conversaci\u00f3n entre ambos ante la Justicia, en la que reconoce tener una cooperativa, que \u00abno controlan\u00bb y en la que presuntamente \u00abmete\u00bb gente a trabajar. Osvaldo Oyhenart reportaba directamente a la secretaria de gobierno\u00a0<strong>Janina Ortiz<\/strong>. Aun no decidieron qui\u00e9n lo reemplaza.<\/p>\n\n\n\n<p>El hombre aconseja a la mujer que renuncie a su trabajo y \u00e9l le pagar\u00eda un sueldo a trav\u00e9s de la cooperativa. \u00ab<em>La cooperativa la controlo yo&#8230; \u00bfEntend\u00e9s? Tiene que ser un hombre&#8230; Vos renunci\u00e1s, y yo te doy mi palabra de que empez\u00e1s a cobrar en la cooperativa. Eso, no hay drama. Con una facturaci\u00f3n de factura social, de alguien que me traiga&#8230; traeme el nombre, yo le saco la foto, le hago hacer la facturaci\u00f3n&#8230; (&#8230;) y yo te hago cobrar todos los meses\u00bb,\u00a0<\/em>se escucha en la charla grabada.<\/p>\n\n\n\n<p>Como consign\u00f3 este mi\u00e9rcoles este medio, el episodio mereci\u00f3 una<strong>&nbsp;denuncia por coacci\u00f3n<\/strong>. Semanas atr\u00e1s la mujer del audio habr\u00eda sido obligada a firmar una suerte de \u00abconvenio\u00bb de confidencialidad ante una&nbsp;<strong>escribana p\u00fablica<\/strong>, para que a partir de una probable desvinculaci\u00f3n de la Municipalidad no hablase de ning\u00fan funcionario ni ventilase ninguna conversaci\u00f3n delante de persona alguna. La denunciante a\u00fan seguir\u00eda siendo empleada p\u00fablica.&nbsp;&nbsp;<\/p>\n\n\n\n<p><strong>Osvaldo Oyhenart<\/strong>\u00a0es un hombre de amplia experiencia en el Estado, referente de la\u00a0<strong>Uni\u00f3n C\u00edvica Radical<\/strong>\u00a0al punto que fue presidente de su partido en el Comit\u00e9 Departamental hasta hace poco. Por muchos a\u00f1os funcionario de distintos gobiernos radicales, incluso fue secretario de gobierno de la Ciudad de Mendoza casi 20 a\u00f1os atr\u00e1s.<\/p>\n\n\n\n<p>Tras la fractura de Cambia Mendoza,\u00a0<strong>renunci\u00f3 a su cargo de presidente<\/strong>\u00a0de la UCR del departamento y se qued\u00f3 del lado de\u00a0<strong>Daniel Orozco<\/strong>\u00a0en\u00a0<strong>La Uni\u00f3n Mendocina<\/strong>. Hasta este mi\u00e9rcoles, manejaba las pol\u00edticas sociales en Las Heras y depend\u00eda funcionalmente de la Secretaria de Gobierno\u00a0<strong>Janina Ortiz<\/strong>. La Municipalidad neg\u00f3 la identificaci\u00f3n del funcionario en el audio. En las \u00faltimas horas fue echado.<\/p>\n\n\n\n<p><strong>Las Cooperativas<\/strong><\/p>\n\n\n\n<p>Hay una treintena de cooperativas de trabajo vigentes en Las Heras. Varias de estas entidades le facturan trabajos diversos al municipio. Muchas comunas utilizan estas figuras de asociativismo como herramienta social y para dar pseudo empleos de baja calificaci\u00f3n, o como pol\u00edtica clientelar. En el caso lasherino, una cantidad no determinada a\u00fan de esas cooperativas, mutuales, fundaciones y asociaciones que habr\u00edan facturado millones de pesos&nbsp;<strong>estar\u00edan integradas por personas relacionadas a funcionarios de la comuna<\/strong>, algunos de ellos de responsabilidades muy altas.<\/p>\n\n\n\n<p>Estas personas \u00abrelacionadas\u00bb aparecen en consejos de administraci\u00f3n, grupos directivos y responsables de una cantidad de fundaciones, asociaciones civiles, mutuales y cooperativas que le facturar\u00edan su trabajo al municipio, de acuerdo a documentaci\u00f3n oficial, \u00f3rdenes de compras y facturaciones a las que este diario tuvo acceso. La mayor\u00eda de esas entidades de orden social fueron creadas a partir de 2019, cuando comenzaba el segundo mandato del intendente radical\u00a0<strong>Daniel<\/strong>\u00a0<strong>Orozco<\/strong>.<\/p>\n\n\n\n<p>Este entramado de cooperativas y sociedades civiles manejadas por \u00aballegados\u00bb al poder local, podr\u00edan ser un\u00a0<strong>motivo razonable<\/strong>\u00a0para sospechar de la existencia de alg\u00fan delito contra el Estado, que deben ser investigados\u00a0<strong>por la propia Municipalidad, el Concejo Deliberante local, y la justicia<\/strong>.<\/p>\n\n\n\n<p>Como contexto pol\u00edtico, vale decir que Las Heras es gobernado desde 2015 por\u00a0<strong>Orozco<\/strong>, quien en la tarde del 20 de abril de este a\u00f1o abandon\u00f3 Cambia Mendoza, salt\u00f3 a la oposici\u00f3n y se sum\u00f3 como candidato a vicegobernador de\u00a0<strong>Omar De Marchi<\/strong>\u00a0en \u00abLa Uni\u00f3n Mendocina\u00bb lo que gener\u00f3 una fractura importante en el frente oficialista, especialmente en el municipio lasherino. Decenas de funcionarios y empleados fueron despedidos, o renunciaron, y\u00a0<strong>Orozco<\/strong>\u00a0present\u00f3 a sus propios candidatos para intentar retener la comuna local a trav\u00e9s del presidente del Concejo Deliberante\u00a0<strong>Mart\u00edn Bustos<\/strong>.<\/p>\n","protected":false},"excerpt":{"rendered":"<p>El subsecretario de Pol\u00edticas Sociales de Las Heras,\u00a0Osvaldo Oyhenart, fue despedido de su cargo en la Municipalidad, luego de una fuerte\u00a0investigaci\u00f3n de Mendoza Post, en la que se revelaron relaciones irregulares entre funcionarios de la comuna y cooperativas de trabajo que hicieron facturas millonarias al municipio. Fuentes de la comuna lasherina confirmaron al&nbsp;Post&nbsp;la desvinculaci\u00f3n del<a class=\"read-more\" href=\"https:\/\/elfederalmendoza.com.ar\/index.php\/2023\/06\/15\/echaron-a-importante-funcionario-de-las-heras-lo-identificaron-en-un-audio-ofreciendo-empleo-sin-trabajar-en-cooperativas-que-el-maneja\/\"> [&hellip;]<\/a><\/p>\n","protected":false},"author":2,"featured_media":24102,"comment_status":"open","ping_status":"open","sticky":false,"template":"","format":"standard","meta":{"footnotes":""},"categories":[1],"tags":[],"class_list":["post-24100","post","type-post","status-publish","format-standard","has-post-thumbnail","hentry","category-mza"],"rttpg_featured_image_url":{"full":["https:\/\/elfederalmendoza.com.ar\/wp-content\/uploads\/2023\/06\/Osvaldo-Oyhenart.jpg",1024,768,false],"landscape":["https:\/\/elfederalmendoza.com.ar\/wp-content\/uploads\/2023\/06\/Osvaldo-Oyhenart.jpg",1024,768,false],"portraits":["https:\/\/elfederalmendoza.com.ar\/wp-content\/uploads\/2023\/06\/Osvaldo-Oyhenart.jpg",1024,768,false],"thumbnail":["https:\/\/elfederalmendoza.com.ar\/wp-content\/uploads\/2023\/06\/Osvaldo-Oyhenart-150x150.jpg",150,150,true],"medium":["https:\/\/elfederalmendoza.com.ar\/wp-content\/uploads\/2023\/06\/Osvaldo-Oyhenart-300x225.jpg",300,225,true],"large":["https:\/\/elfederalmendoza.com.ar\/wp-content\/uploads\/2023\/06\/Osvaldo-Oyhenart.jpg",640,480,false],"1536x1536":["https:\/\/elfederalmendoza.com.ar\/wp-content\/uploads\/2023\/06\/Osvaldo-Oyhenart.jpg",1024,768,false],"2048x2048":["https:\/\/elfederalmendoza.com.ar\/wp-content\/uploads\/2023\/06\/Osvaldo-Oyhenart.jpg",1024,768,false],"ultp_layout_landscape_large":["https:\/\/elfederalmendoza.com.ar\/wp-content\/uploads\/2023\/06\/Osvaldo-Oyhenart.jpg",1024,768,false],"ultp_layout_landscape":["https:\/\/elfederalmendoza.com.ar\/wp-content\/uploads\/2023\/06\/Osvaldo-Oyhenart-870x570.jpg",870,570,true],"ultp_layout_portrait":["https:\/\/elfederalmendoza.com.ar\/wp-content\/uploads\/2023\/06\/Osvaldo-Oyhenart-600x768.jpg",600,768,true],"ultp_layout_square":["https:\/\/elfederalmendoza.com.ar\/wp-content\/uploads\/2023\/06\/Osvaldo-Oyhenart-600x600.jpg",600,600,true],"rpwe-thumbnail":["https:\/\/elfederalmendoza.com.ar\/wp-content\/uploads\/2023\/06\/Osvaldo-Oyhenart-45x45.jpg",45,45,true],"advps-thumb-one":["https:\/\/elfederalmendoza.com.ar\/wp-content\/uploads\/2023\/06\/Osvaldo-Oyhenart-1024x420.jpg",1024,420,true]},"rttpg_author":{"display_name":"Redacci\u00f3n El Federal","author_link":"https:\/\/elfederalmendoza.com.ar\/index.php\/author\/angelflores\/"},"rttpg_comment":0,"rttpg_category":"<a href=\"https:\/\/elfederalmendoza.com.ar\/index.php\/category\/mza\/\" rel=\"category tag\">Mendoza<\/a>","rttpg_excerpt":"El subsecretario de Pol\u00edticas Sociales de Las Heras,\u00a0Osvaldo Oyhenart, fue despedido de su cargo en la Municipalidad, luego de una fuerte\u00a0investigaci\u00f3n de Mendoza Post, en la que se revelaron relaciones irregulares entre funcionarios de la comuna y cooperativas de trabajo que hicieron facturas millonarias al municipio. Fuentes de la comuna lasherina confirmaron al&nbsp;Post&nbsp;la desvinculaci\u00f3n del&hellip;","_links":{"self":[{"href":"https:\/\/elfederalmendoza.com.ar\/index.php\/wp-json\/wp\/v2\/posts\/24100","targetHints":{"allow":["GET"]}}],"collection":[{"href":"https:\/\/elfederalmendoza.com.ar\/index.php\/wp-json\/wp\/v2\/posts"}],"about":[{"href":"https:\/\/elfederalmendoza.com.ar\/index.php\/wp-json\/wp\/v2\/types\/post"}],"author":[{"embeddable":true,"href":"https:\/\/elfederalmendoza.com.ar\/index.php\/wp-json\/wp\/v2\/users\/2"}],"replies":[{"embeddable":true,"href":"https:\/\/elfederalmendoza.com.ar\/index.php\/wp-json\/wp\/v2\/comments?post=24100"}],"version-history":[{"count":1,"href":"https:\/\/elfederalmendoza.com.ar\/index.php\/wp-json\/wp\/v2\/posts\/24100\/revisions"}],"predecessor-version":[{"id":24103,"href":"https:\/\/elfederalmendoza.com.ar\/index.php\/wp-json\/wp\/v2\/posts\/24100\/revisions\/24103"}],"wp:featuredmedia":[{"embeddable":true,"href":"https:\/\/elfederalmendoza.com.ar\/index.php\/wp-json\/wp\/v2\/media\/24102"}],"wp:attachment":[{"href":"https:\/\/elfederalmendoza.com.ar\/index.php\/wp-json\/wp\/v2\/media?parent=24100"}],"wp:term":[{"taxonomy":"category","embeddable":true,"href":"https:\/\/elfederalmendoza.com.ar\/index.php\/wp-json\/wp\/v2\/categories?post=24100"},{"taxonomy":"post_tag","embeddable":true,"href":"https:\/\/elfederalmendoza.com.ar\/index.php\/wp-json\/wp\/v2\/tags?post=24100"}],"curies":[{"name":"wp","href":"https:\/\/api.w.org\/{rel}","templated":true}]}}