{"id":24114,"date":"2023-06-16T08:34:11","date_gmt":"2023-06-16T11:34:11","guid":{"rendered":"https:\/\/elfederalmendoza.com\/?p=24114"},"modified":"2023-06-16T08:34:12","modified_gmt":"2023-06-16T11:34:12","slug":"comienza-el-juicio-contra-el-ex-juez-mendocino-acusado-por-tenencia-de-pornografia-infantil-abuso-sexual-y-violencia-de-genero","status":"publish","type":"post","link":"https:\/\/elfederalmendoza.com.ar\/index.php\/2023\/06\/16\/comienza-el-juicio-contra-el-ex-juez-mendocino-acusado-por-tenencia-de-pornografia-infantil-abuso-sexual-y-violencia-de-genero\/","title":{"rendered":"Comienza el juicio contra el ex juez mendocino acusado por tenencia de pornograf\u00eda infantil, abuso sexual y violencia de g\u00e9nero"},"content":{"rendered":"\n<p>El ex juez mendocino<strong>&nbsp;Hugo Leonardo Torino<\/strong>&nbsp;(66) comenzar\u00e1 a ser juzgado este viernes por dos causas en las que se encuentra acusado por hechos de&nbsp;<strong>violencia de g\u00e9nero<\/strong>&nbsp;contra su ex pareja y tenencia de&nbsp;<strong>pornograf\u00eda infantil<\/strong>.<\/p>\n\n\n\n<p>A partir de las 12.30, el debate tendr\u00e1 su inicio en el\u00a0<strong>Polo Judicial<\/strong>\u00a0con un Tribunal compuesto por los jueces<strong>\u00a0Nancy Lecek<\/strong>,<strong>\u00a0Alejandro Miguel<\/strong>\u00a0y<strong>\u00a0Ramiro Salinas<\/strong>. Este \u00faltimo fue recusado por la defensa de Torino en la previa del proceso, pero en una audiencia que se celebr\u00f3 este mi\u00e9rcoles se rechaz\u00f3 el planteo.<\/p>\n\n\n\n<p>La parte acusadora estar\u00e1 representada por&nbsp;<strong>Daniela Chaler<\/strong>, jefa de la UFI de Delitos Contra la Integridad Sexual, y la fiscal de Violencia de G\u00e9nero<strong>&nbsp;Bel\u00e9n Sanz<\/strong>; mientras que la querella se encuentra a cargo del abogado<strong>&nbsp;Lucas Lecour<\/strong>, integrante de la organizaci\u00f3n&nbsp;<strong>Xumek<\/strong>, que representa a la denunciante.<\/p>\n\n\n\n<p>El magistrado jubilado, quien se encuentra con prisi\u00f3n domiciliaria, est\u00e1<mark>\u00a0imputado por los delitos de\u00a0<strong>abuso sexual\u00a0<\/strong>agravado,\u00a0<strong>privaci\u00f3n ileg\u00edtima de la libertad\u00a0<\/strong>y\u00a0<strong>coacciones<\/strong>, en perjuicio de su ex pareja, y por\u00a0<strong>tenencia de material de abuso sexual de ni\u00f1as, ni\u00f1os y adolescentes\u00a0<\/strong>(<strong>Masnna<\/strong><\/mark>).<\/p>\n\n\n\n<p>La causa se inici\u00f3 en mayo de 2017, cuando una mujer de nacionalidad haitiana denunci\u00f3 por trata de personas en la Justicia federal a su ex pareja, quien hab\u00eda sido titular del Juzgado de Paz de Santa Rosa.<\/p>\n\n\n\n<p>La mujer relat\u00f3 que el hombre la hab\u00eda contactado a finales de 2017 a trav\u00e9s de&nbsp;<strong>Facebook<\/strong>, cuando ella ten\u00eda 27 a\u00f1os. Luego de entablar una relaci\u00f3n \u201conline\u201d la ayudo a trasladarse a Mendoza y la mantuvo alojada en un departamento ubicado en el sector trasero de su casa de&nbsp;<strong>Guaymall\u00e9n<\/strong>.<\/p>\n\n\n\n<p>De acuerdo con esa presentaci\u00f3n,&nbsp;<mark>Torino la obligaba a realizar tareas dom\u00e9sticas y no le daba la posibilidad de salir o manejarse por sus propios medios<\/mark>. En ese periodo, comprendido entre 2015 y 2017, la mujer tuvo una hija con el denunciado.<\/p>\n\n\n\n<p>No obstante, luego de tomar declaraciones testimoniales y profundizar sobre la relaci\u00f3n que ambos manten\u00edan, la Justicia federal estableci\u00f3 que&nbsp;<em>\u201clas actitudes tenidas en cuenta no reflejan de forma alguna las acciones t\u00edpicas necesarias del delito de trata\u201d<\/em>.<\/p>\n\n\n\n<p>Por eso,&nbsp;<mark>de los hechos relatados por la denunciante se detectaron elementos correspond\u00edan con una situaci\u00f3n de violencia de g\u00e9nero, por lo que se decidi\u00f3 elevar una compulsa para que la Justicia ordinaria lo investigara<\/mark>.<\/p>\n\n\n\n<p>Fue as\u00ed que, ya en 2018, se inici\u00f3 un expediente que qued\u00f3 a cargo de la ex fiscal de Violencia de G\u00e9nero&nbsp;<strong>M\u00f3nica Romero<\/strong>&nbsp;-ahora jueza de Tribunal Penal Colegiado-, quien decidi\u00f3 imputar a Torino despu\u00e9s de reunir pruebas que lo comprometieron en la pesquisa.<\/p>\n\n\n\n<p>Posteriormente, en 2019, durante un allanamiento que se desarroll\u00f3 en la casa del juez jubilado, se incautaron celulares, una computadora, un pendrive y un disco r\u00edgido, entre otros dispositivos electr\u00f3nicos.<\/p>\n\n\n\n<p>De los peritajes practicados sobre esos elementos,&nbsp;<mark>se encontraron m\u00e1s de 1.300 im\u00e1genes de Masnna (la modalidad de explotaci\u00f3n sexual donde se observa a trav\u00e9s de fotos y videos a menores realizando actividades sexuales), motivo por el que se inici\u00f3 una nueva causa, la cual se acumul\u00f3 a la inicial de violencia de g\u00e9nero<\/mark>.<\/p>\n\n\n\n<p>De esta forma, el ex juez deber\u00e1 responder ante un Tribunal por esos delitos que se le endilgan y podr\u00eda terminar recibiendo una condena que lo deje tras las rejas.<\/p>\n\n\n\n<p><em>Fuente: El Sol<\/em><\/p>\n","protected":false},"excerpt":{"rendered":"<p>El ex juez mendocino&nbsp;Hugo Leonardo Torino&nbsp;(66) comenzar\u00e1 a ser juzgado este viernes por dos causas en las que se encuentra acusado por hechos de&nbsp;violencia de g\u00e9nero&nbsp;contra su ex pareja y tenencia de&nbsp;pornograf\u00eda infantil. A partir de las 12.30, el debate tendr\u00e1 su inicio en el\u00a0Polo Judicial\u00a0con un Tribunal compuesto por los jueces\u00a0Nancy Lecek,\u00a0Alejandro Miguel\u00a0y\u00a0Ramiro Salinas.<a class=\"read-more\" href=\"https:\/\/elfederalmendoza.com.ar\/index.php\/2023\/06\/16\/comienza-el-juicio-contra-el-ex-juez-mendocino-acusado-por-tenencia-de-pornografia-infantil-abuso-sexual-y-violencia-de-genero\/\"> [&hellip;]<\/a><\/p>\n","protected":false},"author":2,"featured_media":24116,"comment_status":"open","ping_status":"open","sticky":false,"template":"","format":"standard","meta":{"footnotes":""},"categories":[1],"tags":[],"class_list":["post-24114","post","type-post","status-publish","format-standard","has-post-thumbnail","hentry","category-mza"],"rttpg_featured_image_url":{"full":["https:\/\/elfederalmendoza.com.ar\/wp-content\/uploads\/2023\/06\/GNRTCM3FMQ2WEYZTGNRGIMRWGU.webp",1200,630,false],"landscape":["https:\/\/elfederalmendoza.com.ar\/wp-content\/uploads\/2023\/06\/GNRTCM3FMQ2WEYZTGNRGIMRWGU.webp",1200,630,false],"portraits":["https:\/\/elfederalmendoza.com.ar\/wp-content\/uploads\/2023\/06\/GNRTCM3FMQ2WEYZTGNRGIMRWGU.webp",1200,630,false],"thumbnail":["https:\/\/elfederalmendoza.com.ar\/wp-content\/uploads\/2023\/06\/GNRTCM3FMQ2WEYZTGNRGIMRWGU-150x150.webp",150,150,true],"medium":["https:\/\/elfederalmendoza.com.ar\/wp-content\/uploads\/2023\/06\/GNRTCM3FMQ2WEYZTGNRGIMRWGU-300x158.webp",300,158,true],"large":["https:\/\/elfederalmendoza.com.ar\/wp-content\/uploads\/2023\/06\/GNRTCM3FMQ2WEYZTGNRGIMRWGU-1024x538.webp",640,336,true],"1536x1536":["https:\/\/elfederalmendoza.com.ar\/wp-content\/uploads\/2023\/06\/GNRTCM3FMQ2WEYZTGNRGIMRWGU.webp",1200,630,false],"2048x2048":["https:\/\/elfederalmendoza.com.ar\/wp-content\/uploads\/2023\/06\/GNRTCM3FMQ2WEYZTGNRGIMRWGU.webp",1200,630,false],"ultp_layout_landscape_large":["https:\/\/elfederalmendoza.com.ar\/wp-content\/uploads\/2023\/06\/GNRTCM3FMQ2WEYZTGNRGIMRWGU.webp",1200,630,false],"ultp_layout_landscape":["https:\/\/elfederalmendoza.com.ar\/wp-content\/uploads\/2023\/06\/GNRTCM3FMQ2WEYZTGNRGIMRWGU-870x570.webp",870,570,true],"ultp_layout_portrait":["https:\/\/elfederalmendoza.com.ar\/wp-content\/uploads\/2023\/06\/GNRTCM3FMQ2WEYZTGNRGIMRWGU-600x630.webp",600,630,true],"ultp_layout_square":["https:\/\/elfederalmendoza.com.ar\/wp-content\/uploads\/2023\/06\/GNRTCM3FMQ2WEYZTGNRGIMRWGU-600x600.webp",600,600,true],"rpwe-thumbnail":["https:\/\/elfederalmendoza.com.ar\/wp-content\/uploads\/2023\/06\/GNRTCM3FMQ2WEYZTGNRGIMRWGU-45x45.webp",45,45,true],"advps-thumb-one":["https:\/\/elfederalmendoza.com.ar\/wp-content\/uploads\/2023\/06\/GNRTCM3FMQ2WEYZTGNRGIMRWGU-1200x420.webp",1200,420,true]},"rttpg_author":{"display_name":"Redacci\u00f3n El Federal","author_link":"https:\/\/elfederalmendoza.com.ar\/index.php\/author\/angelflores\/"},"rttpg_comment":0,"rttpg_category":"<a href=\"https:\/\/elfederalmendoza.com.ar\/index.php\/category\/mza\/\" rel=\"category tag\">Mendoza<\/a>","rttpg_excerpt":"El ex juez mendocino&nbsp;Hugo Leonardo Torino&nbsp;(66) comenzar\u00e1 a ser juzgado este viernes por dos causas en las que se encuentra acusado por hechos de&nbsp;violencia de g\u00e9nero&nbsp;contra su ex pareja y tenencia de&nbsp;pornograf\u00eda infantil. A partir de las 12.30, el debate tendr\u00e1 su inicio en el\u00a0Polo Judicial\u00a0con un Tribunal compuesto por los jueces\u00a0Nancy Lecek,\u00a0Alejandro Miguel\u00a0y\u00a0Ramiro Salinas.&hellip;","_links":{"self":[{"href":"https:\/\/elfederalmendoza.com.ar\/index.php\/wp-json\/wp\/v2\/posts\/24114","targetHints":{"allow":["GET"]}}],"collection":[{"href":"https:\/\/elfederalmendoza.com.ar\/index.php\/wp-json\/wp\/v2\/posts"}],"about":[{"href":"https:\/\/elfederalmendoza.com.ar\/index.php\/wp-json\/wp\/v2\/types\/post"}],"author":[{"embeddable":true,"href":"https:\/\/elfederalmendoza.com.ar\/index.php\/wp-json\/wp\/v2\/users\/2"}],"replies":[{"embeddable":true,"href":"https:\/\/elfederalmendoza.com.ar\/index.php\/wp-json\/wp\/v2\/comments?post=24114"}],"version-history":[{"count":1,"href":"https:\/\/elfederalmendoza.com.ar\/index.php\/wp-json\/wp\/v2\/posts\/24114\/revisions"}],"predecessor-version":[{"id":24117,"href":"https:\/\/elfederalmendoza.com.ar\/index.php\/wp-json\/wp\/v2\/posts\/24114\/revisions\/24117"}],"wp:featuredmedia":[{"embeddable":true,"href":"https:\/\/elfederalmendoza.com.ar\/index.php\/wp-json\/wp\/v2\/media\/24116"}],"wp:attachment":[{"href":"https:\/\/elfederalmendoza.com.ar\/index.php\/wp-json\/wp\/v2\/media?parent=24114"}],"wp:term":[{"taxonomy":"category","embeddable":true,"href":"https:\/\/elfederalmendoza.com.ar\/index.php\/wp-json\/wp\/v2\/categories?post=24114"},{"taxonomy":"post_tag","embeddable":true,"href":"https:\/\/elfederalmendoza.com.ar\/index.php\/wp-json\/wp\/v2\/tags?post=24114"}],"curies":[{"name":"wp","href":"https:\/\/api.w.org\/{rel}","templated":true}]}}