{"id":24124,"date":"2023-06-16T05:52:00","date_gmt":"2023-06-16T08:52:00","guid":{"rendered":"https:\/\/elfederalmendoza.com\/?p=24124"},"modified":"2023-06-16T08:53:25","modified_gmt":"2023-06-16T11:53:25","slug":"entra-y-sale-entra-y-sale-la-historia-de-puchi-un-joven-con-un-largo-historial-delictivo-en-godoy-cruz-pese-a-sus-19-anos","status":"publish","type":"post","link":"https:\/\/elfederalmendoza.com.ar\/index.php\/2023\/06\/16\/entra-y-sale-entra-y-sale-la-historia-de-puchi-un-joven-con-un-largo-historial-delictivo-en-godoy-cruz-pese-a-sus-19-anos\/","title":{"rendered":"\u00abEntra y sale, entra y sale\u00bb: la historia de \u00abPuchi\u00bb, un joven con un largo historial delictivo en Godoy Cruz pese a sus 19 a\u00f1os"},"content":{"rendered":"\n<p>Lo conocen como&nbsp;<strong><em>Puchi&nbsp;<\/em><\/strong>y tiene base en el barrio Los Peregrinos de Godoy Cruz. A ese popular sector, ubicado hacia el oeste del Pablo VI, lo llaman \u201c<em>La Favela<\/em>\u201d. Es considerado \u201c<strong>zona roja<\/strong>\u201d por los polic\u00edas y vecinos que transitan diariamente por all\u00ed. Los tiroteos y la venta de drogas \u201cson frecuentes\u201d y recomiendan alejarse de la zona en horas de la noche. Polic\u00edas con a\u00f1os en las calles recordaron que el 24 de agosto del 2014, \u201c<em>j\u00f3venes de esa barriada<\/em>\u201d mataron al sereno<strong>&nbsp;Ariel Gim\u00e9nez<\/strong>&nbsp;(40) de un complejo colindante, el ATSA, cuando las casas estaban en las \u00faltimas etapas de construcci\u00f3n, un caso que qued\u00f3 pr\u00e1cticamente en el olvido de los investigadores.<\/p>\n\n\n\n<p>El&nbsp;<strong><em>Puchi<\/em><\/strong>, identificado como<strong>&nbsp;Ignacio Yoel Zurita&nbsp;<\/strong>(19), fue detenido el viernes 9 de este mes por efectivos de la Comisar\u00eda 52\u00aa. Los polic\u00edas lo ten\u00edan marcado por varios hechos de inseguridad ocurridos este a\u00f1o y fueron tras \u00e9l cuando se mostraba con actitud sospechosa y desafiante.<\/p>\n\n\n\n<p>Hubo una persecuci\u00f3n y luego termin\u00f3 tras las rejas, a disposici\u00f3n del fiscal de Robos y Hurtos Oscar Malla, quien hab\u00eda solicitado su captura el 30 de mayo por un robo ocurrido el 12 de febrero en su propia casa. En ese hecho habr\u00eda actuado con un amigo conocido como&nbsp;<em>Chinita<\/em>, quien est\u00e1 detenido con prisi\u00f3n preventiva por esa causa.<\/p>\n\n\n\n<p><mark>Son varios los hechos que le sindican al&nbsp;<strong><em>Puchi&nbsp;<\/em><\/strong>desde hace meses<\/mark>. \u201c<em>Entra y sale, entra y sale<\/em>\u201d, admitieron fuentes judiciales en charla con este diario. Por este motivo, los uniformados de la citada dependencia lo reconocieron a las 0.30 del viernes mientras realizaban tareas de patrullaje en la zona de calle Cabo San Juan de Los Peregrinos.<\/p>\n\n\n\n<p>En un momento, detectaron que un joven que vest\u00eda campera negra y pantal\u00f3n se escond\u00eda detr\u00e1s de un auto. Cuando se dirigieron a identificarlo sali\u00f3 corriendo por la citada calle hacia el oeste.<\/p>\n\n\n\n<p>Los polic\u00edas iniciaron una persecuci\u00f3n a pie porque sab\u00edan que estaban frente al joven que ven\u00eda cometiendo hechos en su jurisdicci\u00f3n. Luego de algunos minutos, lograron reducirlo en el cruce con V\u00e9lez Sarsfield. Como era de esperarse,&nbsp;<mark>el&nbsp;<strong><em>Puchi&nbsp;<\/em><\/strong>ofreci\u00f3 resistencia e intent\u00f3 evitar que lo esposasen<\/mark>. Esto provoc\u00f3 que vecinos y familiares llegaran hasta el lugar para agredir con piedras y botellas a los polic\u00edas.<\/p>\n\n\n\n<p>Debido a esto, los efectivos tuvieron que hacer uso de las escopetas provistas con postas de goma para dispersar a los presentes. Los disparos sirvieron para ganar tiempo y meter al sospechoso en la movilidad.<mark>&nbsp;Lo llevaron hasta la dependencia ubicada en calle Rawson y confirmaron que ten\u00eda pedido de captura por el hecho ocurrido el 12 de febrero.<\/mark><\/p>\n\n\n\n<p>De acuerdo con la investigaci\u00f3n que lidera el fiscal Malla, el&nbsp;<strong><em>Puchi&nbsp;<\/em><\/strong>y un amigo identificado como&nbsp;<strong>Facundo&nbsp;<em>Chinita&nbsp;<\/em>Zabala<\/strong>, le robaron a un conocido del barrio Nueva Generaci\u00f3n de Maip\u00fa una moto y su correspondiente documentaci\u00f3n, un tel\u00e9fono celular Samsung y 17.000 pesos cuando se dirig\u00eda a un negocio de La Favela.<\/p>\n\n\n\n<p>La v\u00edctima de ese hecho asegur\u00f3 que estuvo varias horas privada de la libertad en el domicilio que ser\u00eda del&nbsp;<em><strong>Puchi<\/strong><\/em>, despu\u00e9s de las 14 del d\u00eda citado. Cont\u00f3 que lleg\u00f3 con un amigo hasta Los Peregrinos para comprar en un negocio y que fue sorprendido por dos sujetos a los que conoc\u00eda como \u201cPuchi\u201d y \u201cChinita\u201d. Agreg\u00f3 que lo llevaron por la fuerza a una casa de la manzana D y que all\u00ed les sacaron todas sus pertenencias, haciendo hincapi\u00e9 en que fue&nbsp;<strong>golpeado y estuvo privado de la libertad<\/strong>&nbsp;durante un largo tiempo.<\/p>\n\n\n\n<p>Por ese hecho, los polic\u00edas de la 52\u00aa detuvieron primero al&nbsp;<em><strong>Chinita<\/strong><\/em>.&nbsp;<mark>Lo reconocieron por un tatuaje en el pecho: \u201c<em>Victoria<\/em>\u201c<\/mark>. El fiscal Malla lo imput\u00f3 y un juez le dict\u00f3 la prisi\u00f3n preventiva hace pocos d\u00edas.<\/p>\n\n\n\n<p>Este jueves, luego de la captura del&nbsp;<em><strong>Puchi<\/strong><\/em>, el representante del Ministerio P\u00fablico ten\u00eda previsto realizar una rueda de personas para que la v\u00edctima lo reconociera detr\u00e1s del vidrio espejado, pero nunca se present\u00f3.&nbsp;<em>\u201cY quiz\u00e1s no lo haga nunca por el temor que tienen en la zona\u201d<\/em>, describi\u00f3 una fuente judicial consultada por&nbsp;<em><strong>El Sol.<\/strong><\/em><\/p>\n\n\n\n<p>Lo cierto es que, adem\u00e1s de esta detenci\u00f3n,&nbsp;<mark>los polic\u00edas de la zona hab\u00edan sorprendido al Puchi el 20 de abril circulando en una moto robada con otro joven<\/mark>. A las 15 de ese d\u00eda, los uniformados se desplazaron al barrio Los Peregrinos al detectar la presencia de dos hombres que se movilizaban en una moto Yamaha negra sin patente.<\/p>\n\n\n\n<p>Al llegar a la intersecci\u00f3n de&nbsp;<strong>Volc\u00e1n Santamar\u00eda y Cabo Blanco<\/strong>, detectaron que uno de los ocupantes del rodado era el famoso&nbsp;<em><strong>Puchi<\/strong><\/em>. Se les dio la voz de alto para que frenaran la marcha pero hicieron caso omiso y se dieron a la fuga. Al llegar al Pablo VI, abandonaron el rodado y continuaron la huida a pie.<\/p>\n\n\n\n<p><mark>Un suboficial no perdi\u00f3 de vista a uno de ellos y comenz\u00f3 a correrlo por el interior de uno de los monoblocks<\/mark>. Se trataba del&nbsp;<strong><em>Puchi.&nbsp;<\/em><\/strong>El malviviente se meti\u00f3 por la fuerza a una casa y el polic\u00eda le dio alcance como pudo, comenzando en ese momento una lucha cuerpo a cuerpo. Una vez que logr\u00f3 su reducirlo, otro efectivo se dirigi\u00f3 a resguardar la moto porque un grupo de vecinos intentaba llev\u00e1rsela.<\/p>\n\n\n\n<p>Estas personas comenzaron a propinarle golpes de pu\u00f1o al polic\u00eda pero no lograron arrebatar el rodado. Una vez que lo identificaron a trav\u00e9s del CEO, supieron que se trataba de una moto que hab\u00eda sido sustra\u00edda un d\u00eda antes en el barrio Pablo VI.<\/p>\n\n\n\n<p>As\u00ed las cosas, tanto el&nbsp;<strong><em>Puchi<\/em><\/strong>&nbsp;como el&nbsp;<em><strong>Chinita&nbsp;<\/strong><\/em>continuaban tras las rejas hasta este jueves imputados por robo. Investigadores consultados por los hechos se\u00f1alaron que \u201cpodr\u00edan encontrarse m\u00e1s hechos\u201d porque ambos sujetos vienen siendo arrestados desde hace meses en la zona pero las v\u00edctimas temen radicar las denuncias.<\/p>\n\n\n\n<p><em>Fuente: El Sol<\/em><\/p>\n","protected":false},"excerpt":{"rendered":"<p>Lo conocen como&nbsp;Puchi&nbsp;y tiene base en el barrio Los Peregrinos de Godoy Cruz. A ese popular sector, ubicado hacia el oeste del Pablo VI, lo llaman \u201cLa Favela\u201d. Es considerado \u201czona roja\u201d por los polic\u00edas y vecinos que transitan diariamente por all\u00ed. Los tiroteos y la venta de drogas \u201cson frecuentes\u201d y recomiendan alejarse de<a class=\"read-more\" href=\"https:\/\/elfederalmendoza.com.ar\/index.php\/2023\/06\/16\/entra-y-sale-entra-y-sale-la-historia-de-puchi-un-joven-con-un-largo-historial-delictivo-en-godoy-cruz-pese-a-sus-19-anos\/\"> [&hellip;]<\/a><\/p>\n","protected":false},"author":2,"featured_media":24128,"comment_status":"open","ping_status":"open","sticky":false,"template":"","format":"standard","meta":{"footnotes":""},"categories":[1],"tags":[],"class_list":["post-24124","post","type-post","status-publish","format-standard","has-post-thumbnail","hentry","category-mza"],"rttpg_featured_image_url":{"full":["https:\/\/elfederalmendoza.com.ar\/wp-content\/uploads\/2023\/06\/policia-mendoza-2jpg.webp",1200,675,false],"landscape":["https:\/\/elfederalmendoza.com.ar\/wp-content\/uploads\/2023\/06\/policia-mendoza-2jpg.webp",1200,675,false],"portraits":["https:\/\/elfederalmendoza.com.ar\/wp-content\/uploads\/2023\/06\/policia-mendoza-2jpg.webp",1200,675,false],"thumbnail":["https:\/\/elfederalmendoza.com.ar\/wp-content\/uploads\/2023\/06\/policia-mendoza-2jpg-150x150.webp",150,150,true],"medium":["https:\/\/elfederalmendoza.com.ar\/wp-content\/uploads\/2023\/06\/policia-mendoza-2jpg-300x169.webp",300,169,true],"large":["https:\/\/elfederalmendoza.com.ar\/wp-content\/uploads\/2023\/06\/policia-mendoza-2jpg-1024x576.webp",640,360,true],"1536x1536":["https:\/\/elfederalmendoza.com.ar\/wp-content\/uploads\/2023\/06\/policia-mendoza-2jpg.webp",1200,675,false],"2048x2048":["https:\/\/elfederalmendoza.com.ar\/wp-content\/uploads\/2023\/06\/policia-mendoza-2jpg.webp",1200,675,false],"ultp_layout_landscape_large":["https:\/\/elfederalmendoza.com.ar\/wp-content\/uploads\/2023\/06\/policia-mendoza-2jpg.webp",1200,675,false],"ultp_layout_landscape":["https:\/\/elfederalmendoza.com.ar\/wp-content\/uploads\/2023\/06\/policia-mendoza-2jpg-870x570.webp",870,570,true],"ultp_layout_portrait":["https:\/\/elfederalmendoza.com.ar\/wp-content\/uploads\/2023\/06\/policia-mendoza-2jpg-600x675.webp",600,675,true],"ultp_layout_square":["https:\/\/elfederalmendoza.com.ar\/wp-content\/uploads\/2023\/06\/policia-mendoza-2jpg-600x600.webp",600,600,true],"rpwe-thumbnail":["https:\/\/elfederalmendoza.com.ar\/wp-content\/uploads\/2023\/06\/policia-mendoza-2jpg-45x45.webp",45,45,true],"advps-thumb-one":["https:\/\/elfederalmendoza.com.ar\/wp-content\/uploads\/2023\/06\/policia-mendoza-2jpg-1200x420.webp",1200,420,true]},"rttpg_author":{"display_name":"Redacci\u00f3n El Federal","author_link":"https:\/\/elfederalmendoza.com.ar\/index.php\/author\/angelflores\/"},"rttpg_comment":0,"rttpg_category":"<a href=\"https:\/\/elfederalmendoza.com.ar\/index.php\/category\/mza\/\" rel=\"category tag\">Mendoza<\/a>","rttpg_excerpt":"Lo conocen como&nbsp;Puchi&nbsp;y tiene base en el barrio Los Peregrinos de Godoy Cruz. A ese popular sector, ubicado hacia el oeste del Pablo VI, lo llaman \u201cLa Favela\u201d. Es considerado \u201czona roja\u201d por los polic\u00edas y vecinos que transitan diariamente por all\u00ed. Los tiroteos y la venta de drogas \u201cson frecuentes\u201d y recomiendan alejarse de&hellip;","_links":{"self":[{"href":"https:\/\/elfederalmendoza.com.ar\/index.php\/wp-json\/wp\/v2\/posts\/24124","targetHints":{"allow":["GET"]}}],"collection":[{"href":"https:\/\/elfederalmendoza.com.ar\/index.php\/wp-json\/wp\/v2\/posts"}],"about":[{"href":"https:\/\/elfederalmendoza.com.ar\/index.php\/wp-json\/wp\/v2\/types\/post"}],"author":[{"embeddable":true,"href":"https:\/\/elfederalmendoza.com.ar\/index.php\/wp-json\/wp\/v2\/users\/2"}],"replies":[{"embeddable":true,"href":"https:\/\/elfederalmendoza.com.ar\/index.php\/wp-json\/wp\/v2\/comments?post=24124"}],"version-history":[{"count":2,"href":"https:\/\/elfederalmendoza.com.ar\/index.php\/wp-json\/wp\/v2\/posts\/24124\/revisions"}],"predecessor-version":[{"id":24129,"href":"https:\/\/elfederalmendoza.com.ar\/index.php\/wp-json\/wp\/v2\/posts\/24124\/revisions\/24129"}],"wp:featuredmedia":[{"embeddable":true,"href":"https:\/\/elfederalmendoza.com.ar\/index.php\/wp-json\/wp\/v2\/media\/24128"}],"wp:attachment":[{"href":"https:\/\/elfederalmendoza.com.ar\/index.php\/wp-json\/wp\/v2\/media?parent=24124"}],"wp:term":[{"taxonomy":"category","embeddable":true,"href":"https:\/\/elfederalmendoza.com.ar\/index.php\/wp-json\/wp\/v2\/categories?post=24124"},{"taxonomy":"post_tag","embeddable":true,"href":"https:\/\/elfederalmendoza.com.ar\/index.php\/wp-json\/wp\/v2\/tags?post=24124"}],"curies":[{"name":"wp","href":"https:\/\/api.w.org\/{rel}","templated":true}]}}