{"id":24132,"date":"2023-06-16T08:58:16","date_gmt":"2023-06-16T11:58:16","guid":{"rendered":"https:\/\/elfederalmendoza.com\/?p=24132"},"modified":"2023-06-16T09:01:13","modified_gmt":"2023-06-16T12:01:13","slug":"rodolfo-suarez-anuncio-que-habra-inhibidores-de-senal-en-almafuerte-ii","status":"publish","type":"post","link":"https:\/\/elfederalmendoza.com.ar\/index.php\/2023\/06\/16\/rodolfo-suarez-anuncio-que-habra-inhibidores-de-senal-en-almafuerte-ii\/","title":{"rendered":"Rodolfo Suarez anunci\u00f3 que habr\u00e1 inhibidores de se\u00f1al en Almafuerte II"},"content":{"rendered":"\n<p>El gobernador\u00a0<strong>Rodolfo Su\u00e1rez<\/strong>\u00a0encabez\u00f3 junto <strong>Alfredo Cornejo<\/strong> un acto de puesta en funcionamiento de\u00a0<strong>180 efectivos policiales<\/strong>\u00a0y la entrega de\u00a0<strong>45 veh\u00edculos para patrullaje<\/strong>. En ese marco confirm\u00f3 que tom\u00f3 una propuesta clave del dirigente sanmartiniano:\u00a0la instalaci\u00f3n de inhibidores de celulares en las c\u00e1rceles.<\/p>\n\n\n\n<p>\u201cQuiero decir que en julio se va a habilitar Almafuerte II, donde vamos a incorporar mil plazas m\u00e1s y\u00a0<strong>un pabell\u00f3n con 56 celdas de alt\u00edsima seguridad<\/strong>, donde van a estar aislados e incomunicados aquellos delincuentes con mayor peligrosidad\u201d, confirm\u00f3 el mandatario provincial.<\/p>\n\n\n\n<p>Tras el acto,&nbsp;<strong>Suarez<\/strong>&nbsp;destac\u00f3 que en la provincia se la logrado una disminuci\u00f3n en los delitos violentos.<\/p>\n\n\n\n<p>\u00abHemos bajado los homicidios de 9 cada 100 mil habitantes en 2015 a 3 cada 100 mil habitantes en este momento y tambi\u00e9n el robo agravado. Pero s\u00ed crece el hurto y el robo callejero y esto tiene que ver con la situaci\u00f3n econ\u00f3mica del pa\u00eds\u00bb, expres\u00f3\u00a0<strong>Suarez<\/strong>.<\/p>\n\n\n\n<p>Adem\u00e1s, manifest\u00f3:\u00a0\u00abLuis (Petri) es una persona que conoce mucho del tema y se ha especializado en la materia. \u00c9l ha planteado el tema de los inhibidores de celulares y los vamos a implementar en este pabell\u00f3n de Almafuerte II\u00bb.<\/p>\n","protected":false},"excerpt":{"rendered":"<p>El gobernador\u00a0Rodolfo Su\u00e1rez\u00a0encabez\u00f3 junto Alfredo Cornejo un acto de puesta en funcionamiento de\u00a0180 efectivos policiales\u00a0y la entrega de\u00a045 veh\u00edculos para patrullaje. En ese marco confirm\u00f3 que tom\u00f3 una propuesta clave del dirigente sanmartiniano:\u00a0la instalaci\u00f3n de inhibidores de celulares en las c\u00e1rceles. \u201cQuiero decir que en julio se va a habilitar Almafuerte II, donde vamos a<a class=\"read-more\" href=\"https:\/\/elfederalmendoza.com.ar\/index.php\/2023\/06\/16\/rodolfo-suarez-anuncio-que-habra-inhibidores-de-senal-en-almafuerte-ii\/\"> [&hellip;]<\/a><\/p>\n","protected":false},"author":2,"featured_media":24133,"comment_status":"open","ping_status":"open","sticky":false,"template":"","format":"standard","meta":{"footnotes":""},"categories":[1],"tags":[],"class_list":["post-24132","post","type-post","status-publish","format-standard","has-post-thumbnail","hentry","category-mza"],"rttpg_featured_image_url":{"full":["https:\/\/elfederalmendoza.com.ar\/wp-content\/uploads\/2023\/06\/1686803469110.webp",800,450,false],"landscape":["https:\/\/elfederalmendoza.com.ar\/wp-content\/uploads\/2023\/06\/1686803469110.webp",800,450,false],"portraits":["https:\/\/elfederalmendoza.com.ar\/wp-content\/uploads\/2023\/06\/1686803469110.webp",800,450,false],"thumbnail":["https:\/\/elfederalmendoza.com.ar\/wp-content\/uploads\/2023\/06\/1686803469110-150x150.webp",150,150,true],"medium":["https:\/\/elfederalmendoza.com.ar\/wp-content\/uploads\/2023\/06\/1686803469110-300x169.webp",300,169,true],"large":["https:\/\/elfederalmendoza.com.ar\/wp-content\/uploads\/2023\/06\/1686803469110.webp",640,360,false],"1536x1536":["https:\/\/elfederalmendoza.com.ar\/wp-content\/uploads\/2023\/06\/1686803469110.webp",800,450,false],"2048x2048":["https:\/\/elfederalmendoza.com.ar\/wp-content\/uploads\/2023\/06\/1686803469110.webp",800,450,false],"ultp_layout_landscape_large":["https:\/\/elfederalmendoza.com.ar\/wp-content\/uploads\/2023\/06\/1686803469110.webp",800,450,false],"ultp_layout_landscape":["https:\/\/elfederalmendoza.com.ar\/wp-content\/uploads\/2023\/06\/1686803469110.webp",800,450,false],"ultp_layout_portrait":["https:\/\/elfederalmendoza.com.ar\/wp-content\/uploads\/2023\/06\/1686803469110-600x450.webp",600,450,true],"ultp_layout_square":["https:\/\/elfederalmendoza.com.ar\/wp-content\/uploads\/2023\/06\/1686803469110-600x450.webp",600,450,true],"rpwe-thumbnail":["https:\/\/elfederalmendoza.com.ar\/wp-content\/uploads\/2023\/06\/1686803469110-45x45.webp",45,45,true],"advps-thumb-one":["https:\/\/elfederalmendoza.com.ar\/wp-content\/uploads\/2023\/06\/1686803469110-800x420.webp",800,420,true]},"rttpg_author":{"display_name":"Redacci\u00f3n El Federal","author_link":"https:\/\/elfederalmendoza.com.ar\/index.php\/author\/angelflores\/"},"rttpg_comment":0,"rttpg_category":"<a href=\"https:\/\/elfederalmendoza.com.ar\/index.php\/category\/mza\/\" rel=\"category tag\">Mendoza<\/a>","rttpg_excerpt":"El gobernador\u00a0Rodolfo Su\u00e1rez\u00a0encabez\u00f3 junto Alfredo Cornejo un acto de puesta en funcionamiento de\u00a0180 efectivos policiales\u00a0y la entrega de\u00a045 veh\u00edculos para patrullaje. En ese marco confirm\u00f3 que tom\u00f3 una propuesta clave del dirigente sanmartiniano:\u00a0la instalaci\u00f3n de inhibidores de celulares en las c\u00e1rceles. \u201cQuiero decir que en julio se va a habilitar Almafuerte II, donde vamos a&hellip;","_links":{"self":[{"href":"https:\/\/elfederalmendoza.com.ar\/index.php\/wp-json\/wp\/v2\/posts\/24132","targetHints":{"allow":["GET"]}}],"collection":[{"href":"https:\/\/elfederalmendoza.com.ar\/index.php\/wp-json\/wp\/v2\/posts"}],"about":[{"href":"https:\/\/elfederalmendoza.com.ar\/index.php\/wp-json\/wp\/v2\/types\/post"}],"author":[{"embeddable":true,"href":"https:\/\/elfederalmendoza.com.ar\/index.php\/wp-json\/wp\/v2\/users\/2"}],"replies":[{"embeddable":true,"href":"https:\/\/elfederalmendoza.com.ar\/index.php\/wp-json\/wp\/v2\/comments?post=24132"}],"version-history":[{"count":2,"href":"https:\/\/elfederalmendoza.com.ar\/index.php\/wp-json\/wp\/v2\/posts\/24132\/revisions"}],"predecessor-version":[{"id":24137,"href":"https:\/\/elfederalmendoza.com.ar\/index.php\/wp-json\/wp\/v2\/posts\/24132\/revisions\/24137"}],"wp:featuredmedia":[{"embeddable":true,"href":"https:\/\/elfederalmendoza.com.ar\/index.php\/wp-json\/wp\/v2\/media\/24133"}],"wp:attachment":[{"href":"https:\/\/elfederalmendoza.com.ar\/index.php\/wp-json\/wp\/v2\/media?parent=24132"}],"wp:term":[{"taxonomy":"category","embeddable":true,"href":"https:\/\/elfederalmendoza.com.ar\/index.php\/wp-json\/wp\/v2\/categories?post=24132"},{"taxonomy":"post_tag","embeddable":true,"href":"https:\/\/elfederalmendoza.com.ar\/index.php\/wp-json\/wp\/v2\/tags?post=24132"}],"curies":[{"name":"wp","href":"https:\/\/api.w.org\/{rel}","templated":true}]}}