{"id":24138,"date":"2023-06-16T05:03:00","date_gmt":"2023-06-16T08:03:00","guid":{"rendered":"https:\/\/elfederalmendoza.com\/?p=24138"},"modified":"2023-06-16T09:27:51","modified_gmt":"2023-06-16T12:27:51","slug":"la-imperdible-pelicula-en-netflix-con-lily-collins-y-taylor-lautner-que-arrasa-entre-los-jovenes","status":"publish","type":"post","link":"https:\/\/elfederalmendoza.com.ar\/index.php\/2023\/06\/16\/la-imperdible-pelicula-en-netflix-con-lily-collins-y-taylor-lautner-que-arrasa-entre-los-jovenes\/","title":{"rendered":"La imperdible pel\u00edcula en Netflix con Lily Collins y Taylor Lautner que arrasa entre los j\u00f3venes"},"content":{"rendered":"\n<p>El film se estren\u00f3 en cines en 2011, pero la plataforma la acaba de incluir en su cat\u00e1logo y se convirti\u00f3 en uno de los t\u00edtulos m\u00e1s vistos.<\/p>\n\n\n\n<p><strong>Taylor Lautne<\/strong>r (<em>Crep\u00fasculo)<\/em>\u00a0y\u00a0<strong>Lily Collins<\/strong>\u00a0(<em>Emily en Par\u00eds<\/em>), reci\u00e9n iniciaban sus carreras en la industria cuando en 2011 protagonizaron la pel\u00edcula\u00a0<em><strong>Sin escape\u00a0<\/strong>(Abduction<\/em>), que se acaba de convertir en uno de los t\u00edtulos m\u00e1s vistos en los \u00faltimos d\u00edas en\u00a0<strong>Netflix<\/strong>.<\/p>\n\n\n\n<p>La trama cuenta la historia de Nathan Harper (Lautner), quien desde que tiene uso de raz\u00f3n ha tenido la inquietante sensaci\u00f3n de que est\u00e1 viviendo la vida de otra persona. \u201cCuando se tropieza con una imagen de s\u00ed mismo cuando era un ni\u00f1o peque\u00f1o en un sitio web de personas desaparecidas, todos los miedos m\u00e1s oscuros de Nathan se hacen realidad: se da cuenta de que sus padres no son suyos y que su vida es una mentira, cuidadosamente fabricada para ocultar algo m\u00e1s misterioso y peligroso de lo que jam\u00e1s podr\u00eda haber imaginado\u201d, resume la sinopsis.<\/p>\n\n\n\n<figure class=\"wp-block-image size-full\"><img loading=\"lazy\" decoding=\"async\" width=\"899\" height=\"557\" src=\"https:\/\/elfederalmendoza.com\/wp-content\/uploads\/2023\/06\/sin-escape.jpg\" alt=\"\" class=\"wp-image-24142\" srcset=\"https:\/\/elfederalmendoza.com.ar\/wp-content\/uploads\/2023\/06\/sin-escape.jpg 899w, https:\/\/elfederalmendoza.com.ar\/wp-content\/uploads\/2023\/06\/sin-escape-300x186.jpg 300w, https:\/\/elfederalmendoza.com.ar\/wp-content\/uploads\/2023\/06\/sin-escape-768x476.jpg 768w\" sizes=\"auto, (max-width: 899px) 100vw, 899px\" \/><\/figure>\n\n\n\n<p>Taulor Lautner es uno de los protagonistas de \u00abSin escape\u00bb. (Netflix)<\/p>\n\n\n\n<p><strong>Lily Collins y Taylor Lautner en un thriller de hace m\u00e1s de 10 a\u00f1os<\/strong><\/p>\n\n\n\n<figure class=\"wp-block-embed is-type-video is-provider-youtube wp-block-embed-youtube wp-embed-aspect-16-9 wp-has-aspect-ratio\"><div class=\"wp-block-embed__wrapper\">\n<iframe loading=\"lazy\" title=\"Sin Salida (Trailer Oficial en Espa\u00f1ol)\" width=\"640\" height=\"360\" src=\"https:\/\/www.youtube.com\/embed\/V_Jbl1CEPys?feature=oembed\" frameborder=\"0\" allow=\"accelerometer; autoplay; clipboard-write; encrypted-media; gyroscope; picture-in-picture; web-share\" referrerpolicy=\"strict-origin-when-cross-origin\" allowfullscreen><\/iframe>\n<\/div><\/figure>\n\n\n\n<p>As\u00ed es c\u00f3mo Nathan intenta reconstruir su nueva identidad, pero sus deseos se ven truncos cuando se convierte en el objetivo de un equipo de asesinos entrenados. Es entonces el momento cuando comienza a huir con la \u00fanica persona en la que conf\u00eda: su vecina. Ella es Karen (Collins) y ambos deber\u00e1n evadir a un ej\u00e9rcito de asesinos y agentes federales que los persiguen. \u201cPero a medida que sus oponentes se acercan, Nathan se da cuenta de que la \u00fanica manera de sobrevivir y resolver el misterio de su escurridizo padre biol\u00f3gico es dejar de correr y tomar el asunto en sus propias manos\u201d, contin\u00faa la premisa oficial.<\/p>\n\n\n\n<p>En el momento del estreno se hab\u00eda rumoreado que la joven actriz (hija del cantante Phil Collins) y Taylor ten\u00edan un v\u00ednculo amoroso. Pero m\u00e1s all\u00e1 de esto, Lilly dio su opini\u00f3n con respecto a su compa\u00f1ero de elenco al canal&nbsp;<em>MTV<\/em>: \u201cOlv\u00eddense de los abdominales, en esta pel\u00edcula podr\u00e1n disfrutar de todos sus dotes interpretativas. Creo que los sorprender\u00e1 lo mucho que ha madurado\u201d, afirmaba de manera contundente Collins.<\/p>\n\n\n\n<p>A Lautner y a Collins los acompa\u00f1an un elenco de grandes figuras como&nbsp;<strong>Alfred Molina<\/strong>&nbsp;en el rol de Burton;&nbsp;<strong>Jason Issacs<\/strong>&nbsp;y Maria Bello que interpretan a Kevin y Mara Harper, los padres de Nathan; Michael Nyqvist que interpreta a Nikola Kozlow;&nbsp;<strong>Sigourney Weaver<\/strong>&nbsp;como Dra. Bennett y Dermot Mulroney como Martin Price, el padre biol\u00f3gico de Nathan, entre otros.<\/p>\n\n\n\n<p><em><strong>Sin escape&nbsp;<\/strong><\/em>fue dirigida por John Singleton (que falleci\u00f3 en 2019 luego de una hemorragia cerebral) y cont\u00f3 con Shawn Christensen como guionista. A pesar de contar con un 5% de aprobaci\u00f3n seg\u00fan&nbsp;<em>Rotten Tomatoe<\/em>s y haber sido un fracaso en t\u00e9rminos de taquilla, el film es ahora uno de los m\u00e1s vistos de&nbsp;<strong>Netflix&nbsp;<\/strong>con m\u00e1s de 9 millones de horas vistas en todo el mundo.<\/p>\n","protected":false},"excerpt":{"rendered":"<p>El film se estren\u00f3 en cines en 2011, pero la plataforma la acaba de incluir en su cat\u00e1logo y se convirti\u00f3 en uno de los t\u00edtulos m\u00e1s vistos. Taylor Lautner (Crep\u00fasculo)\u00a0y\u00a0Lily Collins\u00a0(Emily en Par\u00eds), reci\u00e9n iniciaban sus carreras en la industria cuando en 2011 protagonizaron la pel\u00edcula\u00a0Sin escape\u00a0(Abduction), que se acaba de convertir en uno<a class=\"read-more\" href=\"https:\/\/elfederalmendoza.com.ar\/index.php\/2023\/06\/16\/la-imperdible-pelicula-en-netflix-con-lily-collins-y-taylor-lautner-que-arrasa-entre-los-jovenes\/\"> [&hellip;]<\/a><\/p>\n","protected":false},"author":2,"featured_media":24143,"comment_status":"open","ping_status":"open","sticky":false,"template":"","format":"standard","meta":{"footnotes":""},"categories":[5618],"tags":[],"class_list":["post-24138","post","type-post","status-publish","format-standard","has-post-thumbnail","hentry","category-arg"],"rttpg_featured_image_url":{"full":["https:\/\/elfederalmendoza.com.ar\/wp-content\/uploads\/2023\/06\/sin-escape1.jpg",1012,673,false],"landscape":["https:\/\/elfederalmendoza.com.ar\/wp-content\/uploads\/2023\/06\/sin-escape1.jpg",1012,673,false],"portraits":["https:\/\/elfederalmendoza.com.ar\/wp-content\/uploads\/2023\/06\/sin-escape1.jpg",1012,673,false],"thumbnail":["https:\/\/elfederalmendoza.com.ar\/wp-content\/uploads\/2023\/06\/sin-escape1-150x150.jpg",150,150,true],"medium":["https:\/\/elfederalmendoza.com.ar\/wp-content\/uploads\/2023\/06\/sin-escape1-300x200.jpg",300,200,true],"large":["https:\/\/elfederalmendoza.com.ar\/wp-content\/uploads\/2023\/06\/sin-escape1.jpg",640,426,false],"1536x1536":["https:\/\/elfederalmendoza.com.ar\/wp-content\/uploads\/2023\/06\/sin-escape1.jpg",1012,673,false],"2048x2048":["https:\/\/elfederalmendoza.com.ar\/wp-content\/uploads\/2023\/06\/sin-escape1.jpg",1012,673,false],"ultp_layout_landscape_large":["https:\/\/elfederalmendoza.com.ar\/wp-content\/uploads\/2023\/06\/sin-escape1.jpg",1012,673,false],"ultp_layout_landscape":["https:\/\/elfederalmendoza.com.ar\/wp-content\/uploads\/2023\/06\/sin-escape1-870x570.jpg",870,570,true],"ultp_layout_portrait":["https:\/\/elfederalmendoza.com.ar\/wp-content\/uploads\/2023\/06\/sin-escape1-600x673.jpg",600,673,true],"ultp_layout_square":["https:\/\/elfederalmendoza.com.ar\/wp-content\/uploads\/2023\/06\/sin-escape1-600x600.jpg",600,600,true],"rpwe-thumbnail":["https:\/\/elfederalmendoza.com.ar\/wp-content\/uploads\/2023\/06\/sin-escape1-45x45.jpg",45,45,true],"advps-thumb-one":["https:\/\/elfederalmendoza.com.ar\/wp-content\/uploads\/2023\/06\/sin-escape1-1012x420.jpg",1012,420,true]},"rttpg_author":{"display_name":"Redacci\u00f3n El Federal","author_link":"https:\/\/elfederalmendoza.com.ar\/index.php\/author\/angelflores\/"},"rttpg_comment":0,"rttpg_category":"<a href=\"https:\/\/elfederalmendoza.com.ar\/index.php\/category\/arg\/\" rel=\"category tag\">Argentina<\/a>","rttpg_excerpt":"El film se estren\u00f3 en cines en 2011, pero la plataforma la acaba de incluir en su cat\u00e1logo y se convirti\u00f3 en uno de los t\u00edtulos m\u00e1s vistos. Taylor Lautner (Crep\u00fasculo)\u00a0y\u00a0Lily Collins\u00a0(Emily en Par\u00eds), reci\u00e9n iniciaban sus carreras en la industria cuando en 2011 protagonizaron la pel\u00edcula\u00a0Sin escape\u00a0(Abduction), que se acaba de convertir en uno&hellip;","_links":{"self":[{"href":"https:\/\/elfederalmendoza.com.ar\/index.php\/wp-json\/wp\/v2\/posts\/24138","targetHints":{"allow":["GET"]}}],"collection":[{"href":"https:\/\/elfederalmendoza.com.ar\/index.php\/wp-json\/wp\/v2\/posts"}],"about":[{"href":"https:\/\/elfederalmendoza.com.ar\/index.php\/wp-json\/wp\/v2\/types\/post"}],"author":[{"embeddable":true,"href":"https:\/\/elfederalmendoza.com.ar\/index.php\/wp-json\/wp\/v2\/users\/2"}],"replies":[{"embeddable":true,"href":"https:\/\/elfederalmendoza.com.ar\/index.php\/wp-json\/wp\/v2\/comments?post=24138"}],"version-history":[{"count":1,"href":"https:\/\/elfederalmendoza.com.ar\/index.php\/wp-json\/wp\/v2\/posts\/24138\/revisions"}],"predecessor-version":[{"id":24144,"href":"https:\/\/elfederalmendoza.com.ar\/index.php\/wp-json\/wp\/v2\/posts\/24138\/revisions\/24144"}],"wp:featuredmedia":[{"embeddable":true,"href":"https:\/\/elfederalmendoza.com.ar\/index.php\/wp-json\/wp\/v2\/media\/24143"}],"wp:attachment":[{"href":"https:\/\/elfederalmendoza.com.ar\/index.php\/wp-json\/wp\/v2\/media?parent=24138"}],"wp:term":[{"taxonomy":"category","embeddable":true,"href":"https:\/\/elfederalmendoza.com.ar\/index.php\/wp-json\/wp\/v2\/categories?post=24138"},{"taxonomy":"post_tag","embeddable":true,"href":"https:\/\/elfederalmendoza.com.ar\/index.php\/wp-json\/wp\/v2\/tags?post=24138"}],"curies":[{"name":"wp","href":"https:\/\/api.w.org\/{rel}","templated":true}]}}