{"id":24140,"date":"2023-06-16T07:08:00","date_gmt":"2023-06-16T10:08:00","guid":{"rendered":"https:\/\/elfederalmendoza.com\/?p=24140"},"modified":"2023-06-16T09:30:23","modified_gmt":"2023-06-16T12:30:23","slug":"es-una-basura-de-ser-humano-la-fuerte-critica-del-excandidato-a-gobernador-de-milei-en-neuquen","status":"publish","type":"post","link":"https:\/\/elfederalmendoza.com.ar\/index.php\/2023\/06\/16\/es-una-basura-de-ser-humano-la-fuerte-critica-del-excandidato-a-gobernador-de-milei-en-neuquen\/","title":{"rendered":"\u201cEs una basura de ser humano\u201d: la fuerte cr\u00edtica del excandidato a gobernador de Milei en Neuqu\u00e9n"},"content":{"rendered":"\n<p><strong>Mientras varias encuestas lo ubican entre los favoritos a nivel electoral, el candidato a presidente de La Libertad Avanza, Javier Milei, acumula varios traspi\u00e9s en las provincias. Adem\u00e1s de las derrotas en los distintos turnos electorales, en las \u00faltimas horas sum\u00f3 un desplante de un excandidato que se volvi\u00f3 viral. \u201cEs una basura de ser humano\u201d, afirm\u00f3 Carlos Egu\u00eda, que fue representante de LLA en los \u00faltimos comicios provinciales.<br><br>\u201cAyer me enter\u00e9 por un tuit que hab\u00edan armado una alianza con un partido de Larreta. Yo dec\u00eda que justamente lo que ellos tienen es la venta de la marca, y es lo que est\u00e1n haciendo<\/strong>\u201d, continu\u00f3 el periodista en su programa de radio en Cadena Uno.<strong>&nbsp;\u201cA ver Milei, adem\u00e1s de mentiroso, sos hip\u00f3crita y falso, sos un turro\u201d,&nbsp;<\/strong>agreg\u00f3 Egu\u00eda.<\/p>\n\n\n\n<p>Pero no fue solo eso lo que dijo el periodista. Tambi\u00e9n asegur\u00f3 que poco despu\u00e9s de las elecciones provinciales del 16 de abril, lo llam\u00f3 Julio Serna, asesor de Milei y le exigi\u00f3 cargos en la Legislatura de Neuqu\u00e9n.<strong>&nbsp;\u201cEl que habla de la casta, que habla de los pol\u00edticos chorros, el primer chorro es \u00e9l, porque lo primero que hicieron 20 d\u00edas despu\u00e9s de las elecciones fue pedirme un cargo en la Legislatura<\/strong>\u201d, asegur\u00f3<\/p>\n\n\n\n<p>En la misma l\u00ednea, el excandidato a gobernador manifest\u00f3:<strong>&nbsp;\u201cLa semana pasada dijiste que Tucum\u00e1n iba a ser la primera gran batalla. \u00a1C\u00f3mo, y nosotros, los de Tierra del Fuego, la gente que se jug\u00f3 en La Rioja, Neuqu\u00e9n y R\u00edo Negro qu\u00e9 vinimos a hacer! \u00bfQu\u00e9 venimos a hacer para vos? Mierda, s\u00ed, venimos a ser mierda para Milei\u201d.<\/strong><\/p>\n\n\n\n<p>El origen del enojo de Egu\u00eda viene a cuenta de que en la previa a las PASO del 13 de agosto, La Libertad Avanza sell\u00f3 una alianza con el partido Arriba Neuqu\u00e9n, que lidera la concejala capitalina Nadia M\u00e1rquez. El caso es que la edil en cuesti\u00f3n fue electa diputada provincial por el partido Comunidad, de la mano del triunfo de Rolando Figueroa el \u00faltimo 16 de abril. Antes, formaba parte de Democracia Cristiana, que lideraba el exgobernador Jorge Sobisch, partido que perdi\u00f3 la personalidad pol\u00edtica en agosto del a\u00f1o pasado.<\/p>\n\n\n\n<p>\u201cMe hicieron armar un frente llamado Fuerza Libertaria y ellos mismos ped\u00edan a sus dirigentes en el pa\u00eds que impugnaran nombres y logos. Por eso no ten\u00edamos un partido nacional para poder jugar\u201d, afirm\u00f3 Egu\u00eda, respecto de la jugada de Milei. Y a\u00f1adi\u00f3:<strong>&nbsp;\u201cLe dieron el partido a una aliada de Larreta. Mir\u00e1 si ser\u00e1 casta que ni siquiera termin\u00f3 de ser concejal, termina de ganar una elecci\u00f3n con Rolando Figueroa como candidata a diputada provincial, que todav\u00eda no asume y ya se quiere presentar a nivel pa\u00eds\u201d.<\/strong><br><strong><br>\u201cEvidentemente Javier Milei termin\u00f3 siendo m\u00e1s mierda de lo que cre\u00eda\u201d<\/strong>, afirm\u00f3. En su descargo, el periodista asegur\u00f3 que colaboradores del l\u00edder libertario le exigieron cargos desde Buenos Aires.&nbsp;<strong>\u201cSe merece que lo escupamos en la calle, no que nos saquemos una selfie\u201d,<\/strong>&nbsp;expres\u00f3 enfurecido. \u201c<strong>Le ten\u00e9s que garpar todo porque \u00e9l no pone un peso\u201d,&nbsp;<\/strong>remarc\u00f3 Egu\u00eda.<\/p>\n\n\n\n<p>El periodista se mostr\u00f3 muy molesto por el destrato ahora, pero tambi\u00e9n ni bien terminaron las elecciones en Neuqu\u00e9n, donde fue el representante de Milei que consigui\u00f3 los mejores resultados en el interior del pa\u00eds, solo superado por Mart\u00edn Menem en La Rioja. \u201cNunca nos llamaron para felicitarnos por la elecci\u00f3n\u201d, asegur\u00f3. Y sentenci\u00f3:<strong>&nbsp;\u201cVoten a quien quiera, pero no a Javier Milei<\/strong>\u201d.<\/p>\n","protected":false},"excerpt":{"rendered":"<p>Mientras varias encuestas lo ubican entre los favoritos a nivel electoral, el candidato a presidente de La Libertad Avanza, Javier Milei, acumula varios traspi\u00e9s en las provincias. Adem\u00e1s de las derrotas en los distintos turnos electorales, en las \u00faltimas horas sum\u00f3 un desplante de un excandidato que se volvi\u00f3 viral. \u201cEs una basura de ser<a class=\"read-more\" href=\"https:\/\/elfederalmendoza.com.ar\/index.php\/2023\/06\/16\/es-una-basura-de-ser-humano-la-fuerte-critica-del-excandidato-a-gobernador-de-milei-en-neuquen\/\"> [&hellip;]<\/a><\/p>\n","protected":false},"author":2,"featured_media":24147,"comment_status":"open","ping_status":"open","sticky":false,"template":"","format":"standard","meta":{"footnotes":""},"categories":[1],"tags":[],"class_list":["post-24140","post","type-post","status-publish","format-standard","has-post-thumbnail","hentry","category-mza"],"rttpg_featured_image_url":{"full":["https:\/\/elfederalmendoza.com.ar\/wp-content\/uploads\/2023\/06\/WhatsApp-Image-2023-06-16-at-09.20.39.jpeg",1440,806,false],"landscape":["https:\/\/elfederalmendoza.com.ar\/wp-content\/uploads\/2023\/06\/WhatsApp-Image-2023-06-16-at-09.20.39.jpeg",1440,806,false],"portraits":["https:\/\/elfederalmendoza.com.ar\/wp-content\/uploads\/2023\/06\/WhatsApp-Image-2023-06-16-at-09.20.39.jpeg",1440,806,false],"thumbnail":["https:\/\/elfederalmendoza.com.ar\/wp-content\/uploads\/2023\/06\/WhatsApp-Image-2023-06-16-at-09.20.39-150x150.jpeg",150,150,true],"medium":["https:\/\/elfederalmendoza.com.ar\/wp-content\/uploads\/2023\/06\/WhatsApp-Image-2023-06-16-at-09.20.39-300x168.jpeg",300,168,true],"large":["https:\/\/elfederalmendoza.com.ar\/wp-content\/uploads\/2023\/06\/WhatsApp-Image-2023-06-16-at-09.20.39-1024x573.jpeg",640,358,true],"1536x1536":["https:\/\/elfederalmendoza.com.ar\/wp-content\/uploads\/2023\/06\/WhatsApp-Image-2023-06-16-at-09.20.39.jpeg",1440,806,false],"2048x2048":["https:\/\/elfederalmendoza.com.ar\/wp-content\/uploads\/2023\/06\/WhatsApp-Image-2023-06-16-at-09.20.39.jpeg",1440,806,false],"ultp_layout_landscape_large":["https:\/\/elfederalmendoza.com.ar\/wp-content\/uploads\/2023\/06\/WhatsApp-Image-2023-06-16-at-09.20.39-1200x800.jpeg",1200,800,true],"ultp_layout_landscape":["https:\/\/elfederalmendoza.com.ar\/wp-content\/uploads\/2023\/06\/WhatsApp-Image-2023-06-16-at-09.20.39-870x570.jpeg",870,570,true],"ultp_layout_portrait":["https:\/\/elfederalmendoza.com.ar\/wp-content\/uploads\/2023\/06\/WhatsApp-Image-2023-06-16-at-09.20.39-600x806.jpeg",600,806,true],"ultp_layout_square":["https:\/\/elfederalmendoza.com.ar\/wp-content\/uploads\/2023\/06\/WhatsApp-Image-2023-06-16-at-09.20.39-600x600.jpeg",600,600,true],"rpwe-thumbnail":["https:\/\/elfederalmendoza.com.ar\/wp-content\/uploads\/2023\/06\/WhatsApp-Image-2023-06-16-at-09.20.39-45x45.jpeg",45,45,true],"advps-thumb-one":["https:\/\/elfederalmendoza.com.ar\/wp-content\/uploads\/2023\/06\/WhatsApp-Image-2023-06-16-at-09.20.39-1200x420.jpeg",1200,420,true]},"rttpg_author":{"display_name":"Redacci\u00f3n El Federal","author_link":"https:\/\/elfederalmendoza.com.ar\/index.php\/author\/angelflores\/"},"rttpg_comment":0,"rttpg_category":"<a href=\"https:\/\/elfederalmendoza.com.ar\/index.php\/category\/mza\/\" rel=\"category tag\">Mendoza<\/a>","rttpg_excerpt":"Mientras varias encuestas lo ubican entre los favoritos a nivel electoral, el candidato a presidente de La Libertad Avanza, Javier Milei, acumula varios traspi\u00e9s en las provincias. Adem\u00e1s de las derrotas en los distintos turnos electorales, en las \u00faltimas horas sum\u00f3 un desplante de un excandidato que se volvi\u00f3 viral. \u201cEs una basura de ser&hellip;","_links":{"self":[{"href":"https:\/\/elfederalmendoza.com.ar\/index.php\/wp-json\/wp\/v2\/posts\/24140","targetHints":{"allow":["GET"]}}],"collection":[{"href":"https:\/\/elfederalmendoza.com.ar\/index.php\/wp-json\/wp\/v2\/posts"}],"about":[{"href":"https:\/\/elfederalmendoza.com.ar\/index.php\/wp-json\/wp\/v2\/types\/post"}],"author":[{"embeddable":true,"href":"https:\/\/elfederalmendoza.com.ar\/index.php\/wp-json\/wp\/v2\/users\/2"}],"replies":[{"embeddable":true,"href":"https:\/\/elfederalmendoza.com.ar\/index.php\/wp-json\/wp\/v2\/comments?post=24140"}],"version-history":[{"count":1,"href":"https:\/\/elfederalmendoza.com.ar\/index.php\/wp-json\/wp\/v2\/posts\/24140\/revisions"}],"predecessor-version":[{"id":24148,"href":"https:\/\/elfederalmendoza.com.ar\/index.php\/wp-json\/wp\/v2\/posts\/24140\/revisions\/24148"}],"wp:featuredmedia":[{"embeddable":true,"href":"https:\/\/elfederalmendoza.com.ar\/index.php\/wp-json\/wp\/v2\/media\/24147"}],"wp:attachment":[{"href":"https:\/\/elfederalmendoza.com.ar\/index.php\/wp-json\/wp\/v2\/media?parent=24140"}],"wp:term":[{"taxonomy":"category","embeddable":true,"href":"https:\/\/elfederalmendoza.com.ar\/index.php\/wp-json\/wp\/v2\/categories?post=24140"},{"taxonomy":"post_tag","embeddable":true,"href":"https:\/\/elfederalmendoza.com.ar\/index.php\/wp-json\/wp\/v2\/tags?post=24140"}],"curies":[{"name":"wp","href":"https:\/\/api.w.org\/{rel}","templated":true}]}}