{"id":24151,"date":"2023-06-16T07:26:00","date_gmt":"2023-06-16T10:26:00","guid":{"rendered":"https:\/\/elfederalmendoza.com\/?p=24151"},"modified":"2023-06-16T10:35:12","modified_gmt":"2023-06-16T13:35:12","slug":"otro-famoso-futbolista-campeon-de-mundo-saco-su-propio-vino-en-mendoza-de-quien-se-trata","status":"publish","type":"post","link":"https:\/\/elfederalmendoza.com.ar\/index.php\/2023\/06\/16\/otro-famoso-futbolista-campeon-de-mundo-saco-su-propio-vino-en-mendoza-de-quien-se-trata\/","title":{"rendered":"Otro famoso futbolista campe\u00f3n de mundo sac\u00f3 su propio vino en Mendoza: de qui\u00e9n se trata"},"content":{"rendered":"\n<p>Una de las mayores figuras que ha dado el deporte argentino en general y el\u00a0<strong>f\u00fatbol\u00a0<\/strong>en particular, ha lanzado su l\u00ednea de\u00a0<strong>vinos<\/strong>. Se trata de\u00a0<strong>Ubaldo Matildo Fillol<\/strong>, el gran arquero hist\u00f3rico de la Argentina.\u00a0\u00ab<strong>Abrazo del Alma<\/strong>\u00ab, como se llama la l\u00ednea de\u00a0<strong>vinos<\/strong>, est\u00e1 integrada por dos varietales tintos: Malbec, y Cabernet Franc, y un cepaje blanco: Chardonnay.<\/p>\n\n\n\n<p><strong>TE PUEDE INTERESAR: <\/strong><a href=\"https:\/\/elfederalmendoza.com\/index.php\/2023\/01\/26\/leo-asi-es-el-vino-exclusivo-para-messi-hecho-en-una-bodega-de-argentina\/\"><strong>\u00abLeo\u00bb: as\u00ed es el vino exclusivo para Messi hecho en una bodega de Argentina <\/strong><\/a><\/p>\n\n\n\n<p>El famoso \u00abPato\u00bb se suma a una gran lista de futbolistas y ex futbolistas que se han animado a lanzar su\u00a0<strong>vinos\u00a0<\/strong>o una l\u00ednea completa de ejemplares y competir en un mercado muy din\u00e1mico. El proyecto lo lleva adelante\u00a0la bodega mendocina Andes Growers.<\/p>\n\n\n\n<p>.<\/p>\n\n\n\n<figure class=\"wp-block-image is-resized\"><img loading=\"lazy\" decoding=\"async\" src=\"https:\/\/www.mdzol.com\/u\/fotografias\/m\/2020\/7\/21\/f768x1-64365_64492_4928.jpg\" alt=\"\" width=\"835\" height=\"1113\"\/><figcaption class=\"wp-element-caption\">UN \u00cdDOLO DEL F\u00daTBOL ARGENTINO.<\/figcaption><\/figure>\n\n\n\n<p>\u201cUn abrazo es el reflejo de nuestro coraz\u00f3n, es sincero y expresa emociones sin emitir una palabra. Este&nbsp;<strong>vino&nbsp;<\/strong>fue pensado para esos momentos inolvidables que quedan grabados en nuestra memoria para toda la vida, un Abrazo del Alma que se renueva en cada copa\u201d. coment\u00f3 el famoso arquero sobre su&nbsp;<strong>vino<\/strong>.&nbsp;<\/p>\n\n\n\n<figure class=\"wp-block-image is-resized\"><img loading=\"lazy\" decoding=\"async\" src=\"https:\/\/www.mdzol.com\/u\/fotografias\/m\/2023\/6\/16\/f768x1-1427986_1428113_79.jpg\" alt=\"\" width=\"833\" height=\"833\"\/><figcaption class=\"wp-element-caption\">EL \u00abPATO\u00bb FILLOL Y SU VINO.<\/figcaption><\/figure>\n\n\n\n<p>El lanzamiento se va realizar el pr\u00f3ximo mi\u00e9rcoles 21 de junio en Buenos Aires y el proyecto est\u00e1 sustentado por un conjunto de profesionales y un gran terroir elegido. Se espera que seguidores del arquero y fan\u00e1ticos del&nbsp;<strong>f\u00fatbol&nbsp;<\/strong>en general, quieran acceder a probar este&nbsp;<strong>vino<\/strong>.&nbsp;<\/p>\n\n\n\n<p>El nombre del&nbsp;<strong>vino&nbsp;<\/strong>llega desde la&nbsp;imagen de \u201cAbrazo del alma\u201d, que es una foto ic\u00f3nica de la historia del deporte argentino. Es la foto que retrata el momento en que Argentina se consagr\u00f3 campe\u00f3n mundial del 78, donde derrot\u00f3 a Holanda y el famoso arquero se abrazaba con Tarantini.&nbsp;<\/p>\n","protected":false},"excerpt":{"rendered":"<p>Una de las mayores figuras que ha dado el deporte argentino en general y el\u00a0f\u00fatbol\u00a0en particular, ha lanzado su l\u00ednea de\u00a0vinos. Se trata de\u00a0Ubaldo Matildo Fillol, el gran arquero hist\u00f3rico de la Argentina.\u00a0\u00abAbrazo del Alma\u00ab, como se llama la l\u00ednea de\u00a0vinos, est\u00e1 integrada por dos varietales tintos: Malbec, y Cabernet Franc, y un cepaje blanco:<a class=\"read-more\" href=\"https:\/\/elfederalmendoza.com.ar\/index.php\/2023\/06\/16\/otro-famoso-futbolista-campeon-de-mundo-saco-su-propio-vino-en-mendoza-de-quien-se-trata\/\"> [&hellip;]<\/a><\/p>\n","protected":false},"author":2,"featured_media":24153,"comment_status":"open","ping_status":"open","sticky":false,"template":"","format":"standard","meta":{"footnotes":""},"categories":[1],"tags":[],"class_list":["post-24151","post","type-post","status-publish","format-standard","has-post-thumbnail","hentry","category-mza"],"rttpg_featured_image_url":{"full":["https:\/\/elfederalmendoza.com.ar\/wp-content\/uploads\/2023\/06\/VINO-PATO.jpg",874,637,false],"landscape":["https:\/\/elfederalmendoza.com.ar\/wp-content\/uploads\/2023\/06\/VINO-PATO.jpg",874,637,false],"portraits":["https:\/\/elfederalmendoza.com.ar\/wp-content\/uploads\/2023\/06\/VINO-PATO.jpg",874,637,false],"thumbnail":["https:\/\/elfederalmendoza.com.ar\/wp-content\/uploads\/2023\/06\/VINO-PATO-150x150.jpg",150,150,true],"medium":["https:\/\/elfederalmendoza.com.ar\/wp-content\/uploads\/2023\/06\/VINO-PATO-300x219.jpg",300,219,true],"large":["https:\/\/elfederalmendoza.com.ar\/wp-content\/uploads\/2023\/06\/VINO-PATO.jpg",640,466,false],"1536x1536":["https:\/\/elfederalmendoza.com.ar\/wp-content\/uploads\/2023\/06\/VINO-PATO.jpg",874,637,false],"2048x2048":["https:\/\/elfederalmendoza.com.ar\/wp-content\/uploads\/2023\/06\/VINO-PATO.jpg",874,637,false],"ultp_layout_landscape_large":["https:\/\/elfederalmendoza.com.ar\/wp-content\/uploads\/2023\/06\/VINO-PATO.jpg",874,637,false],"ultp_layout_landscape":["https:\/\/elfederalmendoza.com.ar\/wp-content\/uploads\/2023\/06\/VINO-PATO-870x570.jpg",870,570,true],"ultp_layout_portrait":["https:\/\/elfederalmendoza.com.ar\/wp-content\/uploads\/2023\/06\/VINO-PATO-600x637.jpg",600,637,true],"ultp_layout_square":["https:\/\/elfederalmendoza.com.ar\/wp-content\/uploads\/2023\/06\/VINO-PATO-600x600.jpg",600,600,true],"rpwe-thumbnail":["https:\/\/elfederalmendoza.com.ar\/wp-content\/uploads\/2023\/06\/VINO-PATO-45x45.jpg",45,45,true],"advps-thumb-one":["https:\/\/elfederalmendoza.com.ar\/wp-content\/uploads\/2023\/06\/VINO-PATO-874x420.jpg",874,420,true]},"rttpg_author":{"display_name":"Redacci\u00f3n El Federal","author_link":"https:\/\/elfederalmendoza.com.ar\/index.php\/author\/angelflores\/"},"rttpg_comment":0,"rttpg_category":"<a href=\"https:\/\/elfederalmendoza.com.ar\/index.php\/category\/mza\/\" rel=\"category tag\">Mendoza<\/a>","rttpg_excerpt":"Una de las mayores figuras que ha dado el deporte argentino en general y el\u00a0f\u00fatbol\u00a0en particular, ha lanzado su l\u00ednea de\u00a0vinos. Se trata de\u00a0Ubaldo Matildo Fillol, el gran arquero hist\u00f3rico de la Argentina.\u00a0\u00abAbrazo del Alma\u00ab, como se llama la l\u00ednea de\u00a0vinos, est\u00e1 integrada por dos varietales tintos: Malbec, y Cabernet Franc, y un cepaje blanco:&hellip;","_links":{"self":[{"href":"https:\/\/elfederalmendoza.com.ar\/index.php\/wp-json\/wp\/v2\/posts\/24151","targetHints":{"allow":["GET"]}}],"collection":[{"href":"https:\/\/elfederalmendoza.com.ar\/index.php\/wp-json\/wp\/v2\/posts"}],"about":[{"href":"https:\/\/elfederalmendoza.com.ar\/index.php\/wp-json\/wp\/v2\/types\/post"}],"author":[{"embeddable":true,"href":"https:\/\/elfederalmendoza.com.ar\/index.php\/wp-json\/wp\/v2\/users\/2"}],"replies":[{"embeddable":true,"href":"https:\/\/elfederalmendoza.com.ar\/index.php\/wp-json\/wp\/v2\/comments?post=24151"}],"version-history":[{"count":1,"href":"https:\/\/elfederalmendoza.com.ar\/index.php\/wp-json\/wp\/v2\/posts\/24151\/revisions"}],"predecessor-version":[{"id":24154,"href":"https:\/\/elfederalmendoza.com.ar\/index.php\/wp-json\/wp\/v2\/posts\/24151\/revisions\/24154"}],"wp:featuredmedia":[{"embeddable":true,"href":"https:\/\/elfederalmendoza.com.ar\/index.php\/wp-json\/wp\/v2\/media\/24153"}],"wp:attachment":[{"href":"https:\/\/elfederalmendoza.com.ar\/index.php\/wp-json\/wp\/v2\/media?parent=24151"}],"wp:term":[{"taxonomy":"category","embeddable":true,"href":"https:\/\/elfederalmendoza.com.ar\/index.php\/wp-json\/wp\/v2\/categories?post=24151"},{"taxonomy":"post_tag","embeddable":true,"href":"https:\/\/elfederalmendoza.com.ar\/index.php\/wp-json\/wp\/v2\/tags?post=24151"}],"curies":[{"name":"wp","href":"https:\/\/api.w.org\/{rel}","templated":true}]}}