{"id":24157,"date":"2023-06-16T19:46:51","date_gmt":"2023-06-16T22:46:51","guid":{"rendered":"https:\/\/elfederalmendoza.com\/?p=24157"},"modified":"2023-06-16T19:46:52","modified_gmt":"2023-06-16T22:46:52","slug":"cayo-el-jefe-de-la-barra-brava-de-la-lepra-por-venta-de-drogas-y-tenencia-de-armas","status":"publish","type":"post","link":"https:\/\/elfederalmendoza.com.ar\/index.php\/2023\/06\/16\/cayo-el-jefe-de-la-barra-brava-de-la-lepra-por-venta-de-drogas-y-tenencia-de-armas\/","title":{"rendered":"Cay\u00f3 el jefe de la barra brava de la Lepra por venta de drogas y tenencia de armas"},"content":{"rendered":"\n<p>Se trata de <strong>Federico Agust\u00edn Cano<\/strong>, quien fue capturado por narcomenudeo de coca\u00edna y marihuana. Otros dos sujetos fueron aprehendidos. Tambi\u00e9n incautaron cuatro armas de fuego y gran cantidad de municiones.<\/p>\n\n\n\n<p>Efectivos de la&nbsp;<strong>Polic\u00eda contra el Narcotr\u00e1fico (PCN)<\/strong>&nbsp;detuvieron la noche de este jueves al se\u00f1alado jefe de la barra brava de Independiente Rivadavia,&nbsp;<strong>Federico Agust\u00edn Cano<\/strong>&nbsp;(30). La captura se produjo luego de un par de allanamientos que se desprendieron de una investigaci\u00f3n que se inici\u00f3 hace pocos d\u00edas por comercializaci\u00f3n de drogas en peque\u00f1as cantidades en barrios del oeste de Godoy Cruz.<\/p>\n\n\n\n<p><mark>La detenci\u00f3n del barra gener\u00f3 fuerte impacto en la parcialidad que se instala en la popular Sur cada que vez que el club juega de local<\/mark>, debido a que este s\u00e1bado la Lepra recibe a&nbsp;<strong>Aldosivi&nbsp;<\/strong>en el estadio&nbsp;<strong>Bautista Gargantini&nbsp;<\/strong>desde las 18. La informaci\u00f3n sobre la detenci\u00f3n comenz\u00f3 a circular r\u00e1pidamente entre los integrantes con base en el citado departamento y \u201c<em>se mostraron preocupados<\/em>\u201d por la repercusiones que podr\u00eda generar en las pr\u00f3ximas horas.<\/p>\n\n\n\n<p>Adem\u00e1s de sustancias como marihuana y coca\u00edna, los polic\u00edas que trabajan casos de narcocriminalidad<mark><strong>\u00a0incautaron tres armas de fuego y una importante cantidad de municiones<\/strong><\/mark>. Hubo otros dos aprehendidos que podr\u00edan estar relacionados con la venta de drogas y las armas. Y uno de ellos ser\u00eda \u201c<em>soldado<\/em>\u201d de Cano en la hinchada.<\/p>\n\n\n\n<p><mark>Federico Cano es primo hermano de quien era uno de los jefes de la facci\u00f3n de Villa Hip\u00f3dromo, Nicol\u00e1s&nbsp;<em><strong>Gorda Martha<\/strong><\/em>&nbsp;Cano<\/mark>, quien fue condenado el 10 de mayo de este a\u00f1o luego de reconocer el crimen del barra&nbsp;<strong>Gabriel&nbsp;<em>Gabito&nbsp;<\/em>Videla<\/strong>&nbsp;durante los festejos por el aniversario del club la noche 23 enero del 2021, qued\u00f3 a disposici\u00f3n del Juzgado Federal N\u00ba3, a cargo de&nbsp;<strong>Marcelo Garnica<\/strong>, en calidad de \u201cincomunicado\u201d.<\/p>\n\n\n\n<p>La informaci\u00f3n a la que accedi\u00f3<em><strong>&nbsp;El Sol<\/strong><\/em>&nbsp;se\u00f1ala que la PCN trabaj\u00f3 una informaci\u00f3n venta de drogas en peque\u00f1as cantidades, lo que se denomina narcomenudeo, en zona de calle Guti\u00e9rrez al 800 de Godoy Cruz. All\u00ed tiene domicilio&nbsp;<strong>Federico Cano<\/strong>, quien conocido en la hinchada como \u201c<em>Fede<\/em>\u201c.<\/p>\n\n\n\n<p>Lo cierto es que, a las 22, el grupo operativo allan\u00f3 una casa en la citada calle y aprehendi\u00f3 a dos hombres, uno de 34 a\u00f1os viviendo ese lugar y otro de 28 a\u00f1os con domicilio en calle&nbsp;<strong>Derqui<\/strong>. Este \u00faltimo, tambi\u00e9n integrar\u00eda la hinchada y responder\u00eda a Cano.<\/p>\n\n\n\n<figure class=\"wp-block-image\"><img decoding=\"async\" src=\"https:\/\/i0.wp.com\/newspack-elsol.s3.amazonaws.com\/wp-content\/uploads\/2023\/06\/WhatsApp-Image-2023-06-16-at-08.44.13.jpeg?resize=768%2C1024&amp;ssl=1\" alt=\"\" class=\"wp-image-1842127\"\/><figcaption class=\"wp-element-caption\">Las armas y las drogas secuestradas por la PCN.<\/figcaption><\/figure>\n\n\n\n<p>En la propiedad secuestraron tres armas de fuego y una importante cantidad de municiones<strong>.\u00a0<mark>Una pistola Bersa calibre 380 con cargador colocado y 13 cartuchos en su interior; una pistola American Automatic sin numeraci\u00f3n y un cargador puesto, un rev\u00f3lver calibre 22 con tambor de seis alveolos marca Pasper, 50 cartuchos calibre 45, 39 calibre 22, 13 calibre 9 mil\u00edmetros, tres tel\u00e9fono celulares, un molinillo, una balanza digital y tres envoltorios (30 gramos) de marihuana<\/mark><\/strong><mark>,<\/mark>\u00a0fueron parte de la incautaci\u00f3n en el inmueble.\u00a0<\/p>\n\n\n\n<p>Los dos sujetos que se encontraban en la morada quedaron a disposici\u00f3n, en principio, de la Justicia provincial por el hallazgo de las armas y fueron derivados en calidad de \u201c<em>aprehendidos<\/em>\u201d a la Oficina Fiscal N\u00ba 4 (Comisar\u00eda 27\u00aa) de calle Alvear.<\/p>\n\n\n\n<p><mark><strong>Una hora despu\u00e9s, los efectivos de la PCN desarrollaron otra medida vinculada a la misma causa en calles Pedernera y Cayetano Silva de Godoy Cru<\/strong>z<\/mark>. All\u00ed fue identificado un comprador de estupefacientes que lleg\u00f3 hasta la zona desde el oeste de Ciudad y el supuesto vendedor, que ser\u00eda\u00a0<strong>Federico Cano<\/strong>. Ambos se movilizaban en un veh\u00edculo -as\u00ed ser\u00eda el modus operandi- y fueron sorprendidos por los polic\u00edas.<\/p>\n\n\n\n<p>Una vez que confirmaron los movimientos t\u00edpicos de comercializaci\u00f3n, se desarroll\u00f3 el procedimiento.\u00a0<mark><strong>Detuvieron a Cano y le encontraron coca\u00edna y marihuana<\/strong><\/mark>. Si bien la cantidad era menor (1,29 gramos de marihuana y 0,84 de coca\u00edna), la investigaci\u00f3n apunta a maniobras de venta en el interior del rodado.<\/p>\n\n\n\n<p>A&nbsp;<em>Fede&nbsp;<\/em>Cano tambi\u00e9n le incautaron un tel\u00e9fono celular y dinero en efectivo. Qued\u00f3 alojado en la Comisar\u00eda 27\u00aa y este viernes por la ma\u00f1ana fue trasladado a los Tribunales federales de calles Espa\u00f1a y Pedro Molina para que responda en la causa.<\/p>\n","protected":false},"excerpt":{"rendered":"<p>Se trata de Federico Agust\u00edn Cano, quien fue capturado por narcomenudeo de coca\u00edna y marihuana. Otros dos sujetos fueron aprehendidos. Tambi\u00e9n incautaron cuatro armas de fuego y gran cantidad de municiones. Efectivos de la&nbsp;Polic\u00eda contra el Narcotr\u00e1fico (PCN)&nbsp;detuvieron la noche de este jueves al se\u00f1alado jefe de la barra brava de Independiente Rivadavia,&nbsp;Federico Agust\u00edn Cano&nbsp;(30).<a class=\"read-more\" href=\"https:\/\/elfederalmendoza.com.ar\/index.php\/2023\/06\/16\/cayo-el-jefe-de-la-barra-brava-de-la-lepra-por-venta-de-drogas-y-tenencia-de-armas\/\"> [&hellip;]<\/a><\/p>\n","protected":false},"author":2,"featured_media":24159,"comment_status":"open","ping_status":"open","sticky":false,"template":"","format":"standard","meta":{"footnotes":""},"categories":[1],"tags":[],"class_list":["post-24157","post","type-post","status-publish","format-standard","has-post-thumbnail","hentry","category-mza"],"rttpg_featured_image_url":{"full":["https:\/\/elfederalmendoza.com.ar\/wp-content\/uploads\/2023\/06\/barra-brava3.jpg",1135,635,false],"landscape":["https:\/\/elfederalmendoza.com.ar\/wp-content\/uploads\/2023\/06\/barra-brava3.jpg",1135,635,false],"portraits":["https:\/\/elfederalmendoza.com.ar\/wp-content\/uploads\/2023\/06\/barra-brava3.jpg",1135,635,false],"thumbnail":["https:\/\/elfederalmendoza.com.ar\/wp-content\/uploads\/2023\/06\/barra-brava3-150x150.jpg",150,150,true],"medium":["https:\/\/elfederalmendoza.com.ar\/wp-content\/uploads\/2023\/06\/barra-brava3-300x168.jpg",300,168,true],"large":["https:\/\/elfederalmendoza.com.ar\/wp-content\/uploads\/2023\/06\/barra-brava3-1024x573.jpg",640,358,true],"1536x1536":["https:\/\/elfederalmendoza.com.ar\/wp-content\/uploads\/2023\/06\/barra-brava3.jpg",1135,635,false],"2048x2048":["https:\/\/elfederalmendoza.com.ar\/wp-content\/uploads\/2023\/06\/barra-brava3.jpg",1135,635,false],"ultp_layout_landscape_large":["https:\/\/elfederalmendoza.com.ar\/wp-content\/uploads\/2023\/06\/barra-brava3.jpg",1135,635,false],"ultp_layout_landscape":["https:\/\/elfederalmendoza.com.ar\/wp-content\/uploads\/2023\/06\/barra-brava3-870x570.jpg",870,570,true],"ultp_layout_portrait":["https:\/\/elfederalmendoza.com.ar\/wp-content\/uploads\/2023\/06\/barra-brava3-600x635.jpg",600,635,true],"ultp_layout_square":["https:\/\/elfederalmendoza.com.ar\/wp-content\/uploads\/2023\/06\/barra-brava3-600x600.jpg",600,600,true],"rpwe-thumbnail":["https:\/\/elfederalmendoza.com.ar\/wp-content\/uploads\/2023\/06\/barra-brava3-45x45.jpg",45,45,true],"advps-thumb-one":["https:\/\/elfederalmendoza.com.ar\/wp-content\/uploads\/2023\/06\/barra-brava3-1135x420.jpg",1135,420,true]},"rttpg_author":{"display_name":"Redacci\u00f3n El Federal","author_link":"https:\/\/elfederalmendoza.com.ar\/index.php\/author\/angelflores\/"},"rttpg_comment":0,"rttpg_category":"<a href=\"https:\/\/elfederalmendoza.com.ar\/index.php\/category\/mza\/\" rel=\"category tag\">Mendoza<\/a>","rttpg_excerpt":"Se trata de Federico Agust\u00edn Cano, quien fue capturado por narcomenudeo de coca\u00edna y marihuana. Otros dos sujetos fueron aprehendidos. Tambi\u00e9n incautaron cuatro armas de fuego y gran cantidad de municiones. Efectivos de la&nbsp;Polic\u00eda contra el Narcotr\u00e1fico (PCN)&nbsp;detuvieron la noche de este jueves al se\u00f1alado jefe de la barra brava de Independiente Rivadavia,&nbsp;Federico Agust\u00edn Cano&nbsp;(30).&hellip;","_links":{"self":[{"href":"https:\/\/elfederalmendoza.com.ar\/index.php\/wp-json\/wp\/v2\/posts\/24157","targetHints":{"allow":["GET"]}}],"collection":[{"href":"https:\/\/elfederalmendoza.com.ar\/index.php\/wp-json\/wp\/v2\/posts"}],"about":[{"href":"https:\/\/elfederalmendoza.com.ar\/index.php\/wp-json\/wp\/v2\/types\/post"}],"author":[{"embeddable":true,"href":"https:\/\/elfederalmendoza.com.ar\/index.php\/wp-json\/wp\/v2\/users\/2"}],"replies":[{"embeddable":true,"href":"https:\/\/elfederalmendoza.com.ar\/index.php\/wp-json\/wp\/v2\/comments?post=24157"}],"version-history":[{"count":1,"href":"https:\/\/elfederalmendoza.com.ar\/index.php\/wp-json\/wp\/v2\/posts\/24157\/revisions"}],"predecessor-version":[{"id":24160,"href":"https:\/\/elfederalmendoza.com.ar\/index.php\/wp-json\/wp\/v2\/posts\/24157\/revisions\/24160"}],"wp:featuredmedia":[{"embeddable":true,"href":"https:\/\/elfederalmendoza.com.ar\/index.php\/wp-json\/wp\/v2\/media\/24159"}],"wp:attachment":[{"href":"https:\/\/elfederalmendoza.com.ar\/index.php\/wp-json\/wp\/v2\/media?parent=24157"}],"wp:term":[{"taxonomy":"category","embeddable":true,"href":"https:\/\/elfederalmendoza.com.ar\/index.php\/wp-json\/wp\/v2\/categories?post=24157"},{"taxonomy":"post_tag","embeddable":true,"href":"https:\/\/elfederalmendoza.com.ar\/index.php\/wp-json\/wp\/v2\/tags?post=24157"}],"curies":[{"name":"wp","href":"https:\/\/api.w.org\/{rel}","templated":true}]}}