{"id":24166,"date":"2023-06-17T10:59:37","date_gmt":"2023-06-17T13:59:37","guid":{"rendered":"https:\/\/elfederalmendoza.com\/?p=24166"},"modified":"2023-06-17T10:59:38","modified_gmt":"2023-06-17T13:59:38","slug":"el-insolito-cartel-en-un-bano-del-tercer-piso-de-la-casa-de-gobierno-en-mendoza","status":"publish","type":"post","link":"https:\/\/elfederalmendoza.com.ar\/index.php\/2023\/06\/17\/el-insolito-cartel-en-un-bano-del-tercer-piso-de-la-casa-de-gobierno-en-mendoza\/","title":{"rendered":"El ins\u00f3lito cartel en un ba\u00f1o del tercer piso de la Casa de Gobierno en Mendoza"},"content":{"rendered":"\n<p>En Casa de Gobierno conviven miles de empleados p\u00fablicos diariamente, lo que moviliza mucha actividad: muchos de ellos almuerzan y hasta merendan en su lugar de trabajo, m\u00e1s all\u00e1 de la labor de escritorio. Y por supuesto, tienen que atender sus necesidades.<\/p>\n\n\n\n<p>Por eso, llam\u00f3 la atenci\u00f3n un cartel que se peg\u00f3 en la puerta del tercer piso. Parece un chiste, pero tambi\u00e9n puede leerse como una advertencia en rima. <strong>A lo que se puede interpretar que a alguien se le movi\u00f3 el inodoro.<\/strong><\/p>\n\n\n\n<p>\u201cCaguen felices, caguen contentos, pero caguen adentro\u201d.<\/p>\n\n\n\n<figure class=\"wp-block-image size-large\"><img loading=\"lazy\" decoding=\"async\" width=\"1024\" height=\"533\" src=\"https:\/\/elfederalmendoza.com\/wp-content\/uploads\/2023\/06\/caguen-adentro-1024x533.jpg\" alt=\"\" class=\"wp-image-24168\" srcset=\"https:\/\/elfederalmendoza.com.ar\/wp-content\/uploads\/2023\/06\/caguen-adentro-1024x533.jpg 1024w, https:\/\/elfederalmendoza.com.ar\/wp-content\/uploads\/2023\/06\/caguen-adentro-300x156.jpg 300w, https:\/\/elfederalmendoza.com.ar\/wp-content\/uploads\/2023\/06\/caguen-adentro-768x400.jpg 768w, https:\/\/elfederalmendoza.com.ar\/wp-content\/uploads\/2023\/06\/caguen-adentro.jpg 1247w\" sizes=\"auto, (max-width: 1024px) 100vw, 1024px\" \/><\/figure>\n","protected":false},"excerpt":{"rendered":"<p>En Casa de Gobierno conviven miles de empleados p\u00fablicos diariamente, lo que moviliza mucha actividad: muchos de ellos almuerzan y hasta merendan en su lugar de trabajo, m\u00e1s all\u00e1 de la labor de escritorio. Y por supuesto, tienen que atender sus necesidades. Por eso, llam\u00f3 la atenci\u00f3n un cartel que se peg\u00f3 en la puerta<a class=\"read-more\" href=\"https:\/\/elfederalmendoza.com.ar\/index.php\/2023\/06\/17\/el-insolito-cartel-en-un-bano-del-tercer-piso-de-la-casa-de-gobierno-en-mendoza\/\"> [&hellip;]<\/a><\/p>\n","protected":false},"author":2,"featured_media":24169,"comment_status":"open","ping_status":"open","sticky":false,"template":"","format":"standard","meta":{"footnotes":""},"categories":[1],"tags":[],"class_list":["post-24166","post","type-post","status-publish","format-standard","has-post-thumbnail","hentry","category-mza"],"rttpg_featured_image_url":{"full":["https:\/\/elfederalmendoza.com.ar\/wp-content\/uploads\/2023\/06\/cagando3.jpg",1035,525,false],"landscape":["https:\/\/elfederalmendoza.com.ar\/wp-content\/uploads\/2023\/06\/cagando3.jpg",1035,525,false],"portraits":["https:\/\/elfederalmendoza.com.ar\/wp-content\/uploads\/2023\/06\/cagando3.jpg",1035,525,false],"thumbnail":["https:\/\/elfederalmendoza.com.ar\/wp-content\/uploads\/2023\/06\/cagando3-150x150.jpg",150,150,true],"medium":["https:\/\/elfederalmendoza.com.ar\/wp-content\/uploads\/2023\/06\/cagando3-300x152.jpg",300,152,true],"large":["https:\/\/elfederalmendoza.com.ar\/wp-content\/uploads\/2023\/06\/cagando3-1024x519.jpg",640,324,true],"1536x1536":["https:\/\/elfederalmendoza.com.ar\/wp-content\/uploads\/2023\/06\/cagando3.jpg",1035,525,false],"2048x2048":["https:\/\/elfederalmendoza.com.ar\/wp-content\/uploads\/2023\/06\/cagando3.jpg",1035,525,false],"ultp_layout_landscape_large":["https:\/\/elfederalmendoza.com.ar\/wp-content\/uploads\/2023\/06\/cagando3.jpg",1035,525,false],"ultp_layout_landscape":["https:\/\/elfederalmendoza.com.ar\/wp-content\/uploads\/2023\/06\/cagando3-870x525.jpg",870,525,true],"ultp_layout_portrait":["https:\/\/elfederalmendoza.com.ar\/wp-content\/uploads\/2023\/06\/cagando3-600x525.jpg",600,525,true],"ultp_layout_square":["https:\/\/elfederalmendoza.com.ar\/wp-content\/uploads\/2023\/06\/cagando3-600x525.jpg",600,525,true],"rpwe-thumbnail":["https:\/\/elfederalmendoza.com.ar\/wp-content\/uploads\/2023\/06\/cagando3-45x45.jpg",45,45,true],"advps-thumb-one":["https:\/\/elfederalmendoza.com.ar\/wp-content\/uploads\/2023\/06\/cagando3-1035x420.jpg",1035,420,true]},"rttpg_author":{"display_name":"Redacci\u00f3n El Federal","author_link":"https:\/\/elfederalmendoza.com.ar\/index.php\/author\/angelflores\/"},"rttpg_comment":0,"rttpg_category":"<a href=\"https:\/\/elfederalmendoza.com.ar\/index.php\/category\/mza\/\" rel=\"category tag\">Mendoza<\/a>","rttpg_excerpt":"En Casa de Gobierno conviven miles de empleados p\u00fablicos diariamente, lo que moviliza mucha actividad: muchos de ellos almuerzan y hasta merendan en su lugar de trabajo, m\u00e1s all\u00e1 de la labor de escritorio. Y por supuesto, tienen que atender sus necesidades. Por eso, llam\u00f3 la atenci\u00f3n un cartel que se peg\u00f3 en la puerta&hellip;","_links":{"self":[{"href":"https:\/\/elfederalmendoza.com.ar\/index.php\/wp-json\/wp\/v2\/posts\/24166","targetHints":{"allow":["GET"]}}],"collection":[{"href":"https:\/\/elfederalmendoza.com.ar\/index.php\/wp-json\/wp\/v2\/posts"}],"about":[{"href":"https:\/\/elfederalmendoza.com.ar\/index.php\/wp-json\/wp\/v2\/types\/post"}],"author":[{"embeddable":true,"href":"https:\/\/elfederalmendoza.com.ar\/index.php\/wp-json\/wp\/v2\/users\/2"}],"replies":[{"embeddable":true,"href":"https:\/\/elfederalmendoza.com.ar\/index.php\/wp-json\/wp\/v2\/comments?post=24166"}],"version-history":[{"count":1,"href":"https:\/\/elfederalmendoza.com.ar\/index.php\/wp-json\/wp\/v2\/posts\/24166\/revisions"}],"predecessor-version":[{"id":24170,"href":"https:\/\/elfederalmendoza.com.ar\/index.php\/wp-json\/wp\/v2\/posts\/24166\/revisions\/24170"}],"wp:featuredmedia":[{"embeddable":true,"href":"https:\/\/elfederalmendoza.com.ar\/index.php\/wp-json\/wp\/v2\/media\/24169"}],"wp:attachment":[{"href":"https:\/\/elfederalmendoza.com.ar\/index.php\/wp-json\/wp\/v2\/media?parent=24166"}],"wp:term":[{"taxonomy":"category","embeddable":true,"href":"https:\/\/elfederalmendoza.com.ar\/index.php\/wp-json\/wp\/v2\/categories?post=24166"},{"taxonomy":"post_tag","embeddable":true,"href":"https:\/\/elfederalmendoza.com.ar\/index.php\/wp-json\/wp\/v2\/tags?post=24166"}],"curies":[{"name":"wp","href":"https:\/\/api.w.org\/{rel}","templated":true}]}}