{"id":24173,"date":"2023-06-17T11:39:16","date_gmt":"2023-06-17T14:39:16","guid":{"rendered":"https:\/\/elfederalmendoza.com\/?p=24173"},"modified":"2023-06-17T11:42:37","modified_gmt":"2023-06-17T14:42:37","slug":"una-trama-de-sexo-intrigas-politica-y-denuncias-sacude-a-la-municipalidad-de-las-heras","status":"publish","type":"post","link":"https:\/\/elfederalmendoza.com.ar\/index.php\/2023\/06\/17\/una-trama-de-sexo-intrigas-politica-y-denuncias-sacude-a-la-municipalidad-de-las-heras\/","title":{"rendered":"Una trama de sexo, intrigas, pol\u00edtica y denuncias que sacuden a la municipalidad de Las Heras"},"content":{"rendered":"\n<p>Por Ricardo Montacuto -Mendoza Post-<\/p>\n\n\n\n<p>&nbsp;&#8211; Hola&#8230;&nbsp;<em>\u00abReina\u00bb<\/em>&nbsp;por favor&#8230; &#8211;&nbsp;<strong>Buenas&#8230; Hasta las 18:00, no. S\u00f3lo tenemos \u00abPrincesa&#8230;\u00bb&nbsp;<\/strong>&#8211; Bueno,<em>&nbsp;\u00abPrincesa\u00bb<\/em>&nbsp;est\u00e1 bien.<\/p>\n\n\n\n<p>Esta conversaci\u00f3n en el ingreso de un hotel alojamiento del Gran Mendoza habr\u00eda ocurrido en noviembre del a\u00f1o pasado, cuando ya estaba lanzada la carrera electoral en la provincia pero a\u00fan no se defin\u00edan los candidatos a intendentes ni a gobernador en los principales frentes pol\u00edticos. El fragmento formar\u00eda parte de una conversaci\u00f3n de 26 minutos grabada por uno de los protagonistas,&nbsp;<strong>encriptada, y entregada a un fiscal de delitos contra la integridad sexual<\/strong>&nbsp;de Mendoza el jueves pasado y remitido luego al fiscal&nbsp;<strong>Gabriel Blanco<\/strong>, de la&nbsp;<strong>Unidad de Delitos No Especializados<\/strong>, bajo el expediente P-63716\/23. La grabaci\u00f3n podr\u00eda formar parte de una serie m\u00e1s amplia de registros en audio y video en el \u00e1mbito de las relaciones pol\u00edticas y laborales de la Municipalidad de Las Heras, cuyo alcance y prop\u00f3sito desconocemos, pero cuyos fragmentos ya est\u00e1n circulando a buena velocidad entre usuarios y grupos de mensajer\u00eda de Telegram y WhatsApp. De la escucha completa de este audio de casi media hora que ya est\u00e1 en manos de un fiscal, se infiere una presunta trama que incluir\u00eda&nbsp;<strong>intercambio de favores pol\u00edticos por relaciones sexuales, coacci\u00f3n, posible fraude al Estado, \u00abofertas\u00bb de puestos p\u00fablicos para cobrar sin trabajar<\/strong>, y una probable red de entidades asociativas que contratar\u00edan o habr\u00edan contratado con la Municipalidad desde 2019 y que podr\u00edan&nbsp;<strong>haber sido utilizadas en alg\u00fan momento -o en el presente- para fines distintos a su raz\u00f3n original.<\/strong><\/p>\n\n\n\n<p>Este entramado ya se investiga en la justicia provincial en dos frentes paralelos: probable comisi\u00f3n de delitos sexuales, incluidos hechos de coacci\u00f3n (sexo por mantener un trabajo), amenazas, y un presunto abuso gravemente ultrajante en un Centro de Integraci\u00f3n Comunitaria de Las Heras. Tambi\u00e9n se indagar\u00eda sobre la posible comisi\u00f3n de delitos de&nbsp;<strong>fraude a la administraci\u00f3n p\u00fablica<\/strong>&nbsp;contra la Municipalidad a trav\u00e9s del uso de supuestos \u00abempleados ficticios\u00bb de cooperativas de trabajo, asociaciones y fundaciones creadas en su mayor\u00eda desde fines de 2019.<\/p>\n\n\n\n<p>Las denuncias incluyen el probable encubrimiento de altos funcionarios y alg\u00fan grado de participaci\u00f3n de por lo menos&nbsp;<strong>tres miembros del gabinete local, y una escribana<\/strong>, en algunos de estos supuestos hechos.<\/p>\n\n\n\n<p>La mujer que grab\u00f3 este audio se present\u00f3 el jueves 8 de junio, la semana pasada, en una unidad fiscal de la justicia mendocina. Denunci\u00f3 delitos contra la integridad sexual, y adem\u00e1s declar\u00f3 como testigo en una causa por un presunto abuso contra una compa\u00f1era de trabajo. Al d\u00eda siguiente, el viernes 9, se present\u00f3 en declaraci\u00f3n testimonial y denunci\u00f3<strong>&nbsp;amenazas grav\u00edsimas, incluso de muerte<\/strong>. \u00abMe dijeron que me va a pasar lo de la chica Mar\u00eda Soledad, la de Catamarca, si hablo de funcionarios\u00bb cont\u00f3 en sede judicial. Involucr\u00f3 en esas amenazas a la Secretaria de Gobierno&nbsp;<strong>Janina Ortiz<\/strong>&nbsp;-candidata a diputada de La Uni\u00f3n Mendocina y pareja del intendente&nbsp;<strong>Daniel Orozco<\/strong>&#8211; y a la Directora de Relaciones con la Comunidad y Adultos Mayores de la Municipalidad de Las Heras,&nbsp;<strong>Patricia Alejandra Rivero<\/strong>, y entreg\u00f3 el audio de 26 minutos a la Unidad de Apoyo Para la Investigaci\u00f3n Fiscal. Respecto de este punto en particular, ante un requerimiento del Post, la propia Municipalidad nos hizo saber a trav\u00e9s de su Direcci\u00f3n de Prensa y Comunicaci\u00f3n, que no ten\u00edan \u00abconocimiento\u00bb de tales denuncias, y que por lo tanto, no las iban a contestar.<\/p>\n\n\n\n<figure class=\"wp-block-image is-resized\"><img loading=\"lazy\" decoding=\"async\" src=\"https:\/\/www.mendozapost.com\/files\/image\/407\/407099\/6300c51661ba7_570_376!.png?s=9fba766b014bfc0b74c5cf08939b6195&amp;d=1660994842\" alt=\"\" width=\"837\" height=\"552\"\/><figcaption class=\"wp-element-caption\">Janina Ortiz, secretaria de Gobierno de Las Heras.<\/figcaption><\/figure>\n\n\n\n<p>Tuvimos acceso a ese audio, por manos an\u00f3nimas que nos lo hicieron llegar varias semanas atr\u00e1s. El contenido podr\u00eda ser la punta de un iceberg de profundidad impensada.<\/p>\n\n\n\n<h2 class=\"wp-block-heading\"><strong>La punta del ovillo<\/strong><\/h2>\n\n\n\n<p>Para entender el inicio de esta madeja, resulta imprescindible describir de qu\u00e9 trata el audio que descubre esta presunta trama, y que reproducimos en sus partes centrales excluyendo ex profeso las partes privadas de la charla, que habr\u00eda comenzado camino a un hotel alojamiento, y terminado en una habitaci\u00f3n categor\u00eda \u00ab<em>Princesa<\/em>\u00bb del establecimiento.<\/p>\n\n\n\n<p>En una tarde de noviembre de 2022 se registr\u00f3 el siguiente fragmento de conversaci\u00f3n entre una mujer de 35 a\u00f1os &#8211;<strong>empleada en la Municipalidad de Las Heras<\/strong>&#8211; y un hombre que habr\u00eda sido identificado por esta agente p\u00fablica como&nbsp;<strong>Osvaldo Alberto Oyhenart (64)Subsecretario de Pol\u00edticas Sociales del municipio<\/strong>, mientras iban en camino a un hotel alojamiento a bordo de un autom\u00f3vil, y luego, ya en la privacidad de la habitaci\u00f3n.&nbsp;<\/p>\n\n\n\n<p>Ella grab\u00f3 la conversaci\u00f3n con su tel\u00e9fono celular, la semana pasada entreg\u00f3 el audio a la Justicia, y sostuvo que los protagonistas de la conversaci\u00f3n eran ella misma, y el subsecretario&nbsp;<strong>Oyhenart<\/strong>. Lo que sigue, son partes de la transcripci\u00f3n de ese audio.<\/p>\n\n\n\n<p><strong>\u00c9l:<\/strong>&nbsp;&#8211;<em>Te voy a decir lo que va a pasar&#8230; Te puede llamar&#8230;<\/em><\/p>\n\n\n\n<p><strong>Ella:<\/strong>&nbsp;&#8211;<em>\u00bfQui\u00e9n?<\/em><\/p>\n\n\n\n<p><strong>\u00c9l:<\/strong>&nbsp;<em>-La Janina&#8230;-<\/em><\/p>\n\n\n\n<p><strong>Ella:<\/strong>&nbsp;<em>-Ay, no&#8230;-<\/em><\/p>\n\n\n\n<p><strong>\u00c9l:<\/strong>&nbsp;<em>-Te puede llamar y preguntarte qui\u00e9n te dio la categor\u00eda&#8230; y te va a decir \u00absi me dec\u00eds, no te echo&#8230;\u00bb Eso puede ser una&#8230; O la otra&#8230; te puede decir&#8230; \u00absi me dec\u00eds, te mantengo la categor\u00eda\u00bb De todos modos, si ve que le has mentido&#8230; te va a echar&#8230;<\/em><\/p>\n\n\n\n<p><strong>Ella:<\/strong>&nbsp;<em>-Igual va a correr sangre&#8230;<\/em><\/p>\n\n\n\n<p><strong>\u00c9l:<\/strong>&nbsp;<em>-Te voy a decir lo que ten\u00e9s que hacer&#8230; No te va a echar&#8230; quedate tranquila, yo no te voy a dejar en banda, no pierdas los controles&#8230; no hagas nada, no le \u00abpostees\u00bb. No te hagas drama, no te vuelvas loca por la guita, que se puede conseguir por otro lado&#8230;-<\/em><\/p>\n\n\n\n<p>La conversaci\u00f3n se pone intrascendente, abordan asuntos personales&#8230; \u00abinternas\u00bb de oficina, hasta que el hombre que fue identificado como&nbsp;<strong>Oyhenart<\/strong>&nbsp;habla de una conversaci\u00f3n que mantuvo con alguien a quien identifica como&nbsp;<em>\u00ab&#8230;la Janina&#8230;\u00bb<\/em>-as\u00ed la cita- en la que habr\u00edan hablado del conflicto con esta empleada, a la que al parecer hab\u00edan subido de categor\u00eda sin que la persona que ser\u00eda la&nbsp;<strong>secretaria de gobierno<\/strong>&nbsp;supiese por qu\u00e9. El hombre sigue hablando y entra al punto que interesa, en el momento en que la mujer -que lo grab\u00f3- le manifiesta preocupaci\u00f3n por su trabajo:<\/p>\n\n\n\n<p><strong>\u00c9l:<\/strong>&nbsp;<em>-Quedate tranquila&#8230; Yo tengo un \u00abas\u00bb en la mano que la Janina no controla&#8230;<\/em><\/p>\n\n\n\n<p><strong>Ella:<\/strong>&nbsp;<em>-\u00bfQu\u00e9 cosa?<\/em><\/p>\n\n\n\n<p><strong>\u00c9l:<\/strong>&nbsp;<em>-Yo tengo una cooperativa que estoy haciendo laburar ahora. No me controlan&#8230; Pod\u00e9s poner otro nombre, vas a ganar la misma guita, y encima no vas a ir a laburar&#8230;<\/em><\/p>\n\n\n\n<p><strong>Ella:<\/strong>&nbsp;<em>-Yo estoy para eso&#8230;<\/em><\/p>\n\n\n\n<p><strong>\u00c9l:<\/strong>&nbsp;<em>-Esta cooperativa la arm\u00e9 yo, metemos gente a laburar en distintos lados&#8230; Pasan los nombres, puede ser que ella mire los nombres para ver si conoce a alguien&#8230; Pero vos, poniendo otro nombre, cualquiera, cualquier amiga, padre, cualquiera&#8230; Eso lo manejamos&#8230; un monotributo social cualquiera, eso lo manejamos&#8230; &#8211;<\/em>&nbsp;dice el hombre.<\/p>\n\n\n\n<p>Cuando ingresan a la habitaci\u00f3n, el interlocutor al que la mujer identific\u00f3 como&nbsp;<strong>Oyhenart<\/strong>&nbsp;le pregunta a su acompa\u00f1ante si tiene \u00abun hermano\u00bb o alg\u00fan hombre de confianza. As\u00ed sigue la conversaci\u00f3n:<\/p>\n\n\n\n<p><strong>\u00c9l:<\/strong>&nbsp;<em>-\u00bfTen\u00e9s un hermano var\u00f3n?<\/em><\/p>\n\n\n\n<p><strong>Ella:<\/strong>&nbsp;<em>-No&#8230;<\/em><\/p>\n\n\n\n<p><strong>\u00c9l:<\/strong>&nbsp;<em>-\u00bfPrimo, amigo var\u00f3n?<\/em><\/p>\n\n\n\n<p><strong>Ella:<\/strong><em>&nbsp;-S\u00ed, tengo muchos amigos&#8230;<\/em><\/p>\n\n\n\n<p><strong>\u00c9l:<\/strong>&nbsp;&#8211;<em>\u00bfLa est\u00e1s pasando bien donde est\u00e1s?<\/em><\/p>\n\n\n\n<p><strong>Ella:<\/strong>&nbsp;<em>-La estoy pasando mal, como el orto&#8230;<\/em><\/p>\n\n\n\n<p><strong>\u00c9l:<\/strong>&nbsp;<em>-Bueno, vamos a hacer una cosa. Yo necesito alguien que me facture todos los meses&#8230; Un contrato, locaci\u00f3n de servicios, lo que sea&#8230; (&#8230;) Vamos a hacer la siguiente estrategia: Renunci\u00e1, yo te voy a pagar todos los meses a trav\u00e9s de la cooperativa. Veinticinco lucas&#8230; y chau&#8230; te qued\u00e1s en tu casa.<\/em><\/p>\n\n\n\n<p><strong>Ella:<\/strong>&nbsp;<em>-\u00bfY vos no vas a tener quilombo?<\/em><\/p>\n\n\n\n<p><strong>\u00c9l:<\/strong>&nbsp;<em>-La cooperativa la controlo yo&#8230; \u00bfEntend\u00e9s? Tiene que ser un hombre&#8230; Vos renunci\u00e1s, y yo te doy mi palabra de que empez\u00e1s a cobrar en la cooperativa. Eso, no hay drama. Con una facturaci\u00f3n de factura social, de alguien que me traiga&#8230; traeme el nombre, yo le saco la foto, le hago hacer la facturaci\u00f3n&#8230; (&#8230;) y yo te hago cobrar todos los meses-&nbsp;<\/em>promete.<\/p>\n\n\n\n<p>Luego, el hombre de la grabaci\u00f3n le aconseja a la mujer que la persona para facturarle debe ser \u00abde confianza\u00bb, porque es quien debe cobrar el dinero para entreg\u00e1rselo a la \u00abbeneficiaria\u00bb. En los 26 minutos que dura la conversaci\u00f3n, y de los que s\u00f3lo extraemos poco menos de seis minutos de inter\u00e9s para el caso, nunca sugieren los protagonistas que hay \u00abbeneficios\u00bb extra o cobro de \u00abretornos\u00bb de la facturaci\u00f3n de las cooperativas. Pero s\u00ed, en el audio parece haber un&nbsp;<strong>funcionario p\u00fablico<\/strong>&nbsp;que maneja el \u00e1rea de pol\u00edticas sociales y por ende de las cooperativas que trabajan para el municipio, quien le ofrece a una mujer que renuncie a su trabajo en la Municipalidad de Las Heras, que \u00e9l le va a hacer \u00abcobrar\u00bb a trav\u00e9s de una \u00abcooperativa que maneja\u00bb, que debe presentar a otra persona en su lugar, y que va a percibir ese sueldo \u00absin trabajar\u00bb.<\/p>\n\n\n\n<p>El episodio mereci\u00f3 una<strong>&nbsp;denuncia por coacci\u00f3n<\/strong>. Semanas atr\u00e1s la mujer del audio habr\u00eda sido obligada a firmar una suerte de \u00abconvenio\u00bb de confidencialidad ante una&nbsp;<strong>escribana p\u00fablica<\/strong>, para que a partir de una probable desvinculaci\u00f3n de la Municipalidad no hablase de ning\u00fan funcionario ni ventilase ninguna conversaci\u00f3n delante de persona alguna. La denunciante a\u00fan seguir\u00eda siendo empleada p\u00fablica.<\/p>\n\n\n\n<p>Este es el extracto del audio entre la empleada municipal y el funcionario que -dijo ella en sede fiscal- es&nbsp;<strong>Osvaldo Oyhenart<\/strong>, en el que se habla de las cooperativas y de c\u00f3mo cobrar un sueldo a trav\u00e9s de estas entidades de la econom\u00eda social:<\/p>\n\n\n\n<figure class=\"wp-block-embed is-type-rich is-provider-soundcloud wp-block-embed-soundcloud\"><div class=\"wp-block-embed__wrapper\">\n<iframe loading=\"lazy\" title=\"Audio entregado a la justicia - Cooperativas de Las Heras by Mendoza Post\" width=\"640\" height=\"400\" scrolling=\"no\" frameborder=\"no\" src=\"https:\/\/w.soundcloud.com\/player\/?visual=true&#038;url=https%3A%2F%2Fapi.soundcloud.com%2Ftracks%2F1538263576&#038;show_artwork=true&#038;maxheight=960&#038;maxwidth=640\"><\/iframe>\n<\/div><\/figure>\n\n\n\n<h2 class=\"wp-block-heading\"><strong>El comienzo<\/strong><\/h2>\n\n\n\n<p>Hay una treintena de cooperativas de trabajo vigentes en Las Heras. Varias de estas entidades le facturan trabajos diversos al municipio. Muchas comunas utilizan estas figuras de asociativismo como herramienta social y para dar pseudo empleos de baja calificaci\u00f3n, o como pol\u00edtica clientelar. En el caso lasherino, una cantidad no determinada a\u00fan de esas cooperativas, mutuales, fundaciones y asociaciones que habr\u00edan facturado millones de pesos&nbsp;<strong>estar\u00edan integradas por personas relacionadas a funcionarios de la comuna<\/strong>, algunos de ellos de responsabilidades muy altas. Estas personas \u00abrelacionadas\u00bb aparecen en consejos de administraci\u00f3n, grupos directivos y responsables de una cantidad de fundaciones, asociaciones civiles, mutuales y cooperativas que le facturar\u00edan su trabajo al municipio, de acuerdo a documentaci\u00f3n oficial, \u00f3rdenes de compras y facturaciones a las que este diario tuvo acceso. La mayor\u00eda de esas entidades de orden social fueron creadas a partir de 2019, cuando comenzaba el segundo mandato del intendente radical&nbsp;<strong>Daniel<\/strong>&nbsp;<strong>Orozco<\/strong>.<\/p>\n\n\n\n<p>Este entramado de cooperativas y sociedades civiles manejadas por \u00aballegados\u00bb al poder local, podr\u00edan ser un&nbsp;<strong>motivo razonable<\/strong>&nbsp;para sospechar de la existencia de alg\u00fan delito contra el Estado, que deben ser investigados&nbsp;<strong>por la propia Municipalidad, el Concejo Deliberante local, y la justicia<\/strong>.<\/p>\n\n\n\n<p>Como contexto pol\u00edtico, vale decir que Las Heras es gobernado desde 2015 por&nbsp;<strong>Orozco<\/strong>, quien en la tarde del 20 de abril de este a\u00f1o abandon\u00f3 Cambia Mendoza, salt\u00f3 a la oposici\u00f3n y se sum\u00f3 como candidato a vicegobernador de&nbsp;<strong>Omar De Marchi<\/strong>&nbsp;en \u00abLa Uni\u00f3n Mendocina\u00bb lo que gener\u00f3 una fractura importante en el frente oficialista, especialmente en el municipio lasherino. Decenas de funcionarios y empleados fueron despedidos, o renunciaron, y&nbsp;<strong>Orozco<\/strong>&nbsp;present\u00f3 a sus propios candidatos para intentar retener la comuna local a trav\u00e9s del presidente del Concejo Deliberante&nbsp;<strong>Mart\u00edn Bustos<\/strong>. Desde que comenzaron a discutirse las candidaturas, la Municipalidad lasherina es un reino de&nbsp;<strong>intrigas, traiciones, denuncias de boicots, operaciones, despidos y sospechas<\/strong>. El domingo \u00faltimo, adem\u00e1s, Cambia Mendoza le gan\u00f3 la PASO local al frente de&nbsp;<strong>Omar De Marchi<\/strong>&nbsp;y&nbsp;<strong>Daniel Orozco<\/strong>&nbsp;en Las Heras, aunque&nbsp;<strong>Bustos<\/strong>&nbsp;gan\u00f3 la candidatura del frente La Uni\u00f3n Mendocina. Como \u00abcoletazo\u00bb de esas internas ocupar\u00e1 el cargo de secretario de Obras P\u00fablicas a cambio de uno de los \u00faltimos eyectados, el ahora ex secretario&nbsp;<strong>Bruno Ferraris<\/strong>&nbsp;que a su vez hab\u00eda sido el reemplazo de&nbsp;<strong>Francisco Lo Presti<\/strong>, quien ahora es el candidato a intendente por Cambia Mendoza.<\/p>\n\n\n\n<h2 class=\"wp-block-heading\"><strong>Las cooperativas familiares<\/strong><\/h2>\n\n\n\n<p><strong>Osvaldo Oyhenart<\/strong>&nbsp;es un hombre de amplia experiencia en el Estado, referente de la&nbsp;<strong>Uni\u00f3n C\u00edvica Radical<\/strong>&nbsp;al punto que fue presidente de su partido en el Comit\u00e9 Departamental hasta hace poco. Por muchos a\u00f1os funcionario de distintos gobiernos radicales, incluso fue secretario de gobierno de la Ciudad de Mendoza casi 20 a\u00f1os atr\u00e1s. Tras la fractura de Cambia Mendoza,&nbsp;<strong>renunci\u00f3 a su cargo de presidente<\/strong>&nbsp;de la UCR del departamento y se qued\u00f3 del lado de&nbsp;<strong>Daniel Orozco<\/strong>&nbsp;en&nbsp;<strong>La Uni\u00f3n Mendocina<\/strong>. Hoy, maneja las pol\u00edticas sociales en Las Heras y depende funcionalmente de la Secretaria de Gobierno&nbsp;<strong>Janina Ortiz<\/strong>. Consultada la Municipalidad a trav\u00e9s de su departamento de prensa respecto del audio, y la identificaci\u00f3n del funcionario que se cita, se nos envi\u00f3 por medio de la Direcci\u00f3n de Comunicaci\u00f3n y Prensa la siguiente respuesta: \u00ab&#8230;no existe identificaci\u00f3n de funcionario y se han solicitado informes&#8230; En tal sentido se debe recordar que est\u00e1 prohibida toda injerencia arbitraria en la vida privada de las personas&#8230;\u00bb M\u00e1s adelante, aclararon que \u00ab&#8230;el masculino que aparece en el audio no parece haber prestado consentimiento para ser grabado\u00bb, ni para su divulgaci\u00f3n, aclaran, a la vez que citan el derecho constitucional de privacidad que tienen las personas. No negaron, en comunicaci\u00f3n con este diario, que el hombre del audio sea Osvaldo Oyhenart, quien no contest\u00f3 preguntas de este diario.<\/p>\n\n\n\n<p>El audio del funcionario y la empleada parecer\u00eda tener su correlato en documentaci\u00f3n oficial. La&nbsp;<strong>Asociaci\u00f3n Civil Productiva y Comunitaria<\/strong>&nbsp;Las Heras (APROCUM) es una sociedad civil que habr\u00eda sido reconocida como tal el 23 de diciembre de 2019 de acuerdo a la documentaci\u00f3n a la que pudo acceder este diario. El mismo registro indicar\u00eda que un monotributista llamado<strong>&nbsp;Juan Pablo Pandolfi&nbsp;<\/strong>(36) es su presidente. No ser\u00eda cualquier persona.&nbsp;<strong>Pandolfi<\/strong>&nbsp;est\u00e1 en pareja con&nbsp;<strong>Felicitas Julieta Oyhenart<\/strong>&nbsp;(36), hija de&nbsp;<strong>Osvaldo Oyhenart<\/strong>, el subsecretario de pol\u00edticas sociales de Las Heras se\u00f1alado como \u00abel hombre del audio\u00bb que mostr\u00f3 la punta de este iceberg. Adem\u00e1s de&nbsp;<strong>Pandolfi<\/strong>, esta asociaci\u00f3n estar\u00eda integrada por Gisel Pamela Azcurra (secretaria), Diego Hern\u00e1n Sinibaldi (tesorero), y Mariano Croce (vocal titular). En paralelo,&nbsp;<strong>Juan Pablo Pandolfi<\/strong>, el yerno de&nbsp;<strong>Oyhenart<\/strong>, habr\u00eda prestado servicios individualmente al municipio, de acuerdo a documentaci\u00f3n interna de la comuna a la que tuvimos acceso.<\/p>\n\n\n\n<figure class=\"wp-block-image is-resized\"><img loading=\"lazy\" decoding=\"async\" src=\"https:\/\/www.mendozapost.com\/files\/image\/488\/488769\/6488b98b8ed85_570_683!.jpg?s=a1fd3832fd1afabfec9a670edc581cf7&amp;d=1686707129\" alt=\"\" width=\"836\" height=\"1002\"\/><figcaption class=\"wp-element-caption\">Juan Pablo Pandolfi, en un control pre-deportivo.<\/figcaption><\/figure>\n\n\n\n<p>Entre agosto de 2020 y enero del a\u00f1o pasado,&nbsp;<strong>Pandolfi<\/strong>&nbsp;le habr\u00eda facturado al municipio un total de $989.000, a trav\u00e9s de 24 facturas, la mayor\u00eda de ellas consecutivas, arrancando con el inicio de su actividad de monotributista y la factura n\u00famero 00000002 por 43.000 pesos. Adem\u00e1s,&nbsp;<strong>Pandolfi<\/strong>&nbsp;le factur\u00f3 a la comuna por medio de su asociaci\u00f3n&nbsp;<strong>APROCUM<\/strong>&nbsp;desde abril de 2020 hasta septiembre de 2021, la suma de 1,27 millones de pesos en doce facturas, tambi\u00e9n consecutivas y desde la n\u00famero 000000001. Estos datos no estar\u00edan completos, pero s\u00ed damos cuenta de aquellas operaciones sobre las que hay documentaci\u00f3n respaldatoria en poder de este diario.<\/p>\n\n\n\n<p>Habr\u00eda una coincidencia con<strong>&nbsp;Juan Pablo Pandolfi<\/strong>&nbsp;adem\u00e1s que es pareja de la hija de&nbsp;<strong>Oyhenart<\/strong>&nbsp;y le habr\u00eda facturado a la Municipalidad diversos servicios a trav\u00e9s de una asociaci\u00f3n, y por \u00e9l mismo. Contar\u00eda con una segunda sociedad civil llamada<strong>&nbsp;\u00abAbriendo Senderos\u00bb<\/strong>, cuyos integrantes directivos ser\u00edan exactamente los mismos que&nbsp;<strong>APROCUM<\/strong>, solo que en otros cargos. All\u00ed&nbsp;<strong>Pandolfi<\/strong>&nbsp;aparecer\u00eda como tesorero, mientras que Sinibaldi ser\u00eda presidente, Mariano Alejandro Croce aparecer\u00eda como vocal, y Gisel Pamela Azcurra ser\u00eda vocal titular de acuerdo a las consultas realizadas, y a la documentaci\u00f3n a la que tuvimos acceso. \u00abAbriendo Senderos\u00bb habr\u00eda sido reconocida el mismo d\u00eda que APROCUM, el 23 de diciembre de 2019. Desde el 9 de marzo de 2020 al 23 de mayo de 2022, esta segunda asociaci\u00f3n de&nbsp;<strong>Pandolfi<\/strong>&nbsp;le habr\u00eda facturado a la Municipalidad de Las Heras la suma de $4.914.122,91 en 22 pagos. La primera factura que present\u00f3 es tambi\u00e9n la n\u00famero 00000001 de su actividad, y son facturas consecutivas. Componiendo la \u00abcuenta\u00bb del yerno del secretario Oyhenart,&nbsp;<strong>Juan Pablo Pandolfi le habr\u00eda cobrado al municipio 7,18 millones de pesos desde marzo de 2020 hasta mayo del a\u00f1o pasado<\/strong>, un a\u00f1o atr\u00e1s. No hemos accedido a registros de este a\u00f1o, si los hubiese. \u00bfCu\u00e1l de estas asociaciones ser\u00eda la que el supuesto Osvaldo Oyhenart del audio \u00ab<em>maneja<\/em>\u00bb para \u00ab<em>meter gente a laburar<\/em>\u00ab, en las que podr\u00eda incluir a unas personas por otras, sin necesidad de que trabajen?<\/p>\n\n\n\n<p>Las actividades de estas entidades se habr\u00edan facturado contra \u00f3rdenes de compra que part\u00edan desde la Subsecretar\u00eda de Pol\u00edticas Sociales de la comuna que maneja el propio&nbsp;<strong>Osvaldo Oyhenart<\/strong>. Este medio accedi\u00f3 a varias de esas \u00f3rdenes. Es decir, Oyhenart \u00abordenaba\u00bb las compras a las asociaciones del joven compa\u00f1ero de su hija, de los productos m\u00e1s variados: confecci\u00f3n de barbijos, s\u00e1banas, bandejas de s\u00e1ndwiches de jam\u00f3n y queso en pan \u00e1rabe y una gaseosa de primera marca, s\u00e1ndwiches de milanesas, barras de cereal, frutas de estaci\u00f3n, gorras estampadas con logos&#8230; Lo que se dice, un multirubro muy productivo.&nbsp;<strong>Juan Pablo Pandolfi<\/strong>&nbsp;junto a Felicitas Oyhenart son adem\u00e1s instagramers viajeros. Se los puede ver en su perfil @enplenoviaje. Y Pandolfi en particular es reconocido como un deportista que se destaca en maratones.<\/p>\n\n\n\n<p>Consultamos a la Municipalidad sobre qu\u00e9 tareas les factur\u00f3&nbsp;<strong>Pandolfi<\/strong>&nbsp;a trav\u00e9s de sus dos fundaciones y por \u00e9l mismo. La comuna -siempre a trav\u00e9s de su Direcci\u00f3n de Prensa y Comunicaci\u00f3n- inform\u00f3 al Post que&nbsp;<strong>ni Pandolfi ni ninguna de las dos asociaciones civiles que mencionamos son actualmente proveedores<\/strong>&nbsp;o locadores de la comuna. Pero ante la repregunta, la oficina confirm\u00f3 que&nbsp;<strong>s\u00ed lo hab\u00edan sido en alg\u00fan momento de 2019, 2020, 2021 y 2022<\/strong>, tal como demuestra la profusa documentaci\u00f3n con la que cuenta este diario, y que permanece en custodia como respaldo de esta investigaci\u00f3n.<\/p>\n\n\n\n<h2 class=\"wp-block-heading\"><strong>La fundaci\u00f3n del ex candidato<\/strong><\/h2>\n\n\n\n<p><strong>N\u00e9stor Fabi\u00e1n Manzur (57)<\/strong>&nbsp;es un hombre conocido en el mundo de los negocios pyme y de la pol\u00edtica. Represent\u00f3 a los \u00absaloneros\u00bb de Mendoza, fue precandidato a intendente de Guaymall\u00e9n en 2015 al enfrentar a&nbsp;<strong>Marcelino Iglesias<\/strong>, intent\u00f3 otra vez en 2019 en la lista interna de&nbsp;<strong>Omar De Marchi<\/strong>&nbsp;cuando estaban ambos en Cambia Mendoza, y fue por tercera vez candidato a intendente del departamento, aunque ahora por La Uni\u00f3n Mendocina y tambi\u00e9n acoplado a la f\u00f3rmula&nbsp;<strong>De Marchi-Orozco<\/strong>. Perdi\u00f3 las primarias del \u00faltimo domingo frente a&nbsp;<strong>Gabriel Pradines<\/strong>.<\/p>\n\n\n\n<figure class=\"wp-block-image is-resized\"><img loading=\"lazy\" decoding=\"async\" src=\"https:\/\/www.mendozapost.com\/files\/image\/488\/488767\/6488b92e9634c_570_477!.jpg?s=841893e433b2bc6cb092100b25034ba4&amp;d=1686707496\" alt=\"\" width=\"838\" height=\"701\"\/><figcaption class=\"wp-element-caption\">Omar De Marchi junto a Fabi\u00e1n Manzur (La Uni\u00f3n Mendocina).<\/figcaption><\/figure>\n\n\n\n<p><strong>Manzur<\/strong>&nbsp;es un hombre inquieto que lleva adelante las actividades m\u00e1s variadas. Hace casi un a\u00f1o volvi\u00f3 a salir en los medios cuando se incendi\u00f3 el&nbsp;<strong>Hostal de Los Andes&nbsp;<\/strong>que regentea, y por el que habr\u00eda mantenido un conflicto judicial con los propietarios. Adem\u00e1s de sus actividades privadas,&nbsp;<strong>ser\u00eda funcionario de la Municipalidad de Las Heras desde octubre de 2021<\/strong>, y este a\u00f1o revist\u00f3 como \u00abasesor de intendencia\u00bb con clase 40, una de las m\u00e1s altas. Su cargo figura en el anexo del decreto municipal 1144 de este a\u00f1o, que grafica el organigrama funcional de la comuna para 2023. El propio Manzur dijo al Post que fue \u00abunos meses\u00bb asesor de&nbsp;<strong>Daniel Orozco<\/strong>&nbsp;y que renunci\u00f3 \u00abhace tiempo\u00bb. Sin embargo, en registros p\u00fablicos figura como empleado de la Municipalidad hasta abril de este a\u00f1o.<\/p>\n\n\n\n<p><strong>Fabi\u00e1n Manzur<\/strong>&nbsp;tambi\u00e9n tendr\u00eda un costado solidario. Eso es lo que le habr\u00eda llevado a abrir la fundaci\u00f3n&nbsp;<strong>\u00abJuntos x vos\u00bb<\/strong>, creada el 23 de agosto de 2019 y reconocida oficialmente en octubre de 2019, de acuerdo a la documentaci\u00f3n a la que tuvimos acceso. Cuando fue inscripta, Manzur figuraba como presidente de esta fundaci\u00f3n que tendr\u00eda domicilio en Adolfo Calle 1853 2do Piso Departamento 2 de Guaymall\u00e9n. Lo acompa\u00f1aron en la directiva de esta organizaci\u00f3n civil<strong>&nbsp;Sandra Elizabeth Caraccioli, Carlos Adri\u00e1n Copparini, King Alberto Di Julio<\/strong>&nbsp;y&nbsp;<strong>Jos\u00e9 Mariano Yanz\u00f3n<\/strong>.<\/p>\n\n\n\n<p>El 20 de marzo de 2020, la Fundaci\u00f3n \u00abJuntos x Vos\u00bb&nbsp;<strong>firm\u00f3 un acuerdo marco y un anexo con la Municipalidad de Las Heras<\/strong>. El intendente Orozco les dio un subsidio de $3.000.000 (tres millones de pesos) por medio del decreto 807 de ese d\u00eda. A cambio, la fundaci\u00f3n de&nbsp;<strong>Fabi\u00e1n Manzur<\/strong>&nbsp;pon\u00eda en marcha un programa denominado \u00abH\u00e9roes de Verano\u00bb, consistente en un plan de \u00abinclusi\u00f3n laboral\u00bb de j\u00f3venes en escuelas estivales. El dinero ser\u00eda aplicado a gastos, pago de servicios como internet y personal del que la fundaci\u00f3n deber\u00eda aportar nombres y DNI. Y rendici\u00f3n de gastos. El acuerdo con la Municipalidad no lo firm\u00f3 Manzur sino uno de sus hijos,&nbsp;<strong>Mat\u00edas Emanuel Manzur<\/strong>&nbsp;(33).<\/p>\n\n\n\n<p>Para comprender las relaciones: Uno de los&nbsp;<strong>candidatos a intendente<\/strong>&nbsp;de&nbsp;<strong>Omar De Marchi<\/strong>&nbsp;y&nbsp;<strong>Daniel Orozco&nbsp;<\/strong>en Guaymall\u00e9n,&nbsp;<strong>Fabi\u00e1n Manzur<\/strong>, es o fue asesor del municipio de Las Heras y a la vez tiene una fundaci\u00f3n \u00absolidaria\u00bb que recibi\u00f3 del intendente un subsidio de $3.000.000 para el verano 2022. El acuerdo con la comuna lo firm\u00f3 un hijo de Manzur como \u00abpresidente\u00bb de la fundaci\u00f3n. Al mismo tiempo, y en funci\u00f3n de documentos internos de la comuna a los que pudimos acceder,<strong>&nbsp;la fundaci\u00f3n habr\u00eda recibido del municipio $21,77 millones de pesos en tres pagos diferentes.<\/strong><\/p>\n\n\n\n<p>Consultado por este medio respecto del acuerdo entre la comuna y la fundaci\u00f3n \u00abJuntos X Vos\u00bb, y su relaci\u00f3n con esta entidad, Manzur confirm\u00f3 haber acordado con la comuna. \u00abFui presidente&#8230; hace m\u00e1s de un a\u00f1o renovaron las autoridades&#8230; Y hemos hecho dos convenios con el municipio. Gracias a Dios&#8230; con todo en regla. Lo pueden verificar en el tribunal de cuentas de la Municipalidad\u00bb asegur\u00f3, aunque tal oficina no existe. A su vez, la comuna nos inform\u00f3 que \u00abno hay acuerdo\u00bb con la fundaci\u00f3n. Sin embargo, le habr\u00eda liberado pagos a&nbsp;<strong>\u00abJuntos X Vos\u00bb<\/strong>&nbsp;el 16 de marzo del a\u00f1o pasado por $3.000.000; el 3 de febrero de 2023 por $9.385.000; y el 10 de marzo tambi\u00e9n de este a\u00f1o, por otros $9.385.000, de acuerdo con la documentaci\u00f3n a la que accedi\u00f3 este medio.<\/p>\n\n\n\n<p>El documento que sigue, es el facs\u00edmil de uno de los convenios entre&nbsp;<strong>\u00abJuntos X Vos\u00bb&nbsp;<\/strong>y la Municipalidad de Las Heras. Resultar\u00eda obvio que la comuna lasherina y la fundaci\u00f3n que presidi\u00f3 Manzur mientras era asesor de Orozco, tuvieron una relaci\u00f3n de prestaciones millonaria. As\u00ed lo demuestran las \u00f3rdenes de compra y la documentaci\u00f3n de pagos con la que cuenta este diario.<\/p>\n\n\n\n<figure class=\"wp-block-image is-resized\"><img loading=\"lazy\" decoding=\"async\" src=\"https:\/\/www.mendozapost.com\/files\/image\/488\/488763\/6488b7f08f8ec_570_406!.jpg?s=cd8cfa77bbbb12a334827dd4e44dc5c2&amp;d=1686708059\" alt=\"\" width=\"838\" height=\"597\"\/><figcaption class=\"wp-element-caption\">El primer convenio firmado por la cooperativa de los Manzur.<\/figcaption><\/figure>\n\n\n\n<h2 class=\"wp-block-heading\"><strong>Otros casos y el contexto de las cooperativas<\/strong><\/h2>\n\n\n\n<p>Hay otros casos de cooperativas que valdr\u00eda la pena \u00abrepasar\u00bb, porque sobre algunas de ellas habr\u00eda sospechas de alg\u00fan \u00abpadrinazgo\u00bb. Otras, son reales y de esos montos viven decenas de familias. La que m\u00e1s dinero factura entre aquellas a cuya documentaci\u00f3n tuvimos acceso, por ejemplo, es la cooperativa&nbsp;<strong>\u00abManos a la Obra\u00bb<\/strong>. Tambi\u00e9n&nbsp;<strong>fue creada en noviembre de 2019<\/strong>&nbsp;y seg\u00fan fuentes que hemos consultado, su actividad y los pagos ser\u00edan monitoreados directamente por&nbsp;<strong>Oyhenart<\/strong>, el hombre se\u00f1alado en la justicia como el funcionario \u00abdel audio\u00bb. Ser\u00eda adem\u00e1s el que controla qui\u00e9nes se van \u00abasociando\u00bb a esta cooperativa. La Municipalidad inform\u00f3 al Post que esta cooperativa&nbsp;<strong>fue seleccionada para ser proveedor de la comuna en una licitaci\u00f3n p\u00fablica<\/strong>, y que da trabajo a unas 70 familias.<\/p>\n\n\n\n<p>Desde diciembre de 2021 hasta marzo de este a\u00f1o, la cooperativa de recicladores de residuos \u00abManos a la Obra\u00bb&nbsp;<strong>le habr\u00eda facturado a la comuna $38,3 millones de pesos<\/strong>. Sus integrantes originales son una decena de personas, y su junta directiva est\u00e1 integrada por Adri\u00e1n Alejandro Perez, Gustavo Javier P\u00e9rez, Andrea Celeste Araya, Daniela Beatriz Pavez y Claudia Beatriz Paravani.<\/p>\n\n\n\n<p>Esta cooperativa factur\u00f3 su \u00faltimo trabajo por $1.048.000 hace unos d\u00edas. Una compra ordenada por la secretaria de gobierno&nbsp;<strong>Janina Ortiz<\/strong>. Siempre, seg\u00fan documentaci\u00f3n interna de la comuna a la que tuvimos acceso.<\/p>\n\n\n\n<p>Hay una suerte de \u00abexplosi\u00f3n\u00bb de las cooperativas de trabajo en territorio lasherino, grupos de personas que se asocian en este tipo de organizaciones civiles para realizar determinadas tareas. En Mendoza hay 395 cooperativas de este tipo inscritas formalmente en el&nbsp;<strong>Instituto Nacional de Asociativismo y Econom\u00eda Social<\/strong>. Treinta y siete de estas est\u00e1n radicadas en Las Heras y casi todas le facturan tareas y venta de productos y servicios al municipio. Nueve de estas asociaciones fueron creadas antes de 1998. En 2005, 2013 y 2014 se crearon una cada a\u00f1o.&nbsp;<strong>Las 24 restantes fueron creadas y registradas desde fines de 2019<\/strong>, cuando&nbsp;<strong>Osvaldo Alberto Oyhenart&nbsp;<\/strong>lleg\u00f3 a la subsecretar\u00eda de pol\u00edticas sociales del gobierno local.<\/p>\n\n\n\n<h2 class=\"wp-block-heading\"><strong>La trama judicial<\/strong><\/h2>\n\n\n\n<p>La empleada municipal que denunci\u00f3 la probable coacci\u00f3n de un funcionario, y delitos contra la integridad sexual, declar\u00f3 en esta misma causa un d\u00eda despu\u00e9s de la denuncia. Dijo que \u00abten\u00eda miedo\u00bb a ra\u00edz de la denuncia realizada, y dijo haber escuchado un audio que supuestamente habr\u00eda enviado la secretaria de gobierno&nbsp;<strong>Janina Ortiz<\/strong>&nbsp;a otra funcionaria,&nbsp;<strong>Patricia Rivero<\/strong>, en el que la funcionaria Ortiz dir\u00eda&nbsp;<em>\u00ab&#8230;yo no necesito mandar a nadie&#8230; yo voy sola y le abro la panza con una gillette\u00bb<\/em>. De acuerdo a la denuncia de esta mujer, la \u00abadvertencia\u00bb que denunci\u00f3 les habr\u00eda sido reproducida y transmitida por&nbsp;<strong>Rivero<\/strong>&nbsp;tanto a ella, como a una compa\u00f1era de trabajo que denunci\u00f3 un abuso sexual y el posterior&nbsp;<strong>encubrimiento<\/strong>&nbsp;en un CIC de Las Heras, ocurrido -de acuerdo a la presentaci\u00f3n realizada la semana pasada- tres a\u00f1os atr\u00e1s en una fiesta del 9 de julio. El relato de ese abuso es sencillamente horroroso.<\/p>\n\n\n\n<p>En esta misma ampliaci\u00f3n de su denuncia, el viernes \u00faltimo, esta empleada municipal lasherina que teme \u00abaparecer en una zanja\u00bb (tal su testimonio, al que tuvimos acceso), entreg\u00f3 el audio de 26 minutos, y sostuvo en una fiscal\u00eda que los protagonistas eran ella misma, y&nbsp;<strong>Osvaldo Oyhenart<\/strong>, el subsecretario de pol\u00edticas sociales del municipio. La grabaci\u00f3n no fue la \u00fanica medida de autoprotecci\u00f3n que habr\u00eda tomado esta empleada.&nbsp;<strong>Hay otra grabaci\u00f3n de seis minutos, supuestamente con una escribana<\/strong>, que habr\u00eda estado a cargo en alg\u00fan momento de las tramitaciones de entidades asociativas impulsadas por la comuna. Esta escribana es quien habr\u00eda cumplido el tr\u00e1mite de hacerles firmar a determinadas empleadas municipales un \u00abcompromiso\u00bb de \u00absilencio\u00bb. Ello, porque por razones desconocidas o por orden de alguien -se debe determinar- estas mujeres habr\u00edan grabado a algunos funcionarios.<\/p>\n\n\n\n<p>En ese fragmento de seis minutos, la empleada municipal y quien ser\u00eda la escribana hablan de una parte del audio original&nbsp;<strong>que fue muy compartido en WhatsApp y redes antes de las elecciones<\/strong>&nbsp;del domingo \u00faltimo, tambi\u00e9n hablan de&nbsp;<strong>Oyhenart<\/strong>&nbsp;y de otros funcionarios y empleados, y especulan sobre qui\u00e9n o qui\u00e9nes pudieron haber viralizado el audio. La interlocutora -la escribana, supuestamente- le pide a la empleada que haga silencio y que \u00abno hable con nadie\u00bb. Adem\u00e1s, le da instrucciones sobre grabar a otras personas y rendir cuentas de esas conversaciones. Ese audio de 6:04 segundos al que tuvimos acceso, no se puede reproducir de forma p\u00fablica porque en algunas partes habla de personas menores de edad.<\/p>\n\n\n\n<p>Estamos ante una trama verdaderamente&nbsp;<strong>tenebrosa<\/strong>. Ahora, es el fiscal&nbsp;<strong>Gabriel Blanco&nbsp;<\/strong>quien debe seguir el hilo de estas denuncias, y habr\u00e1 que ver si se abre un expediente paralelo por las probables relaciones entre entidades asociativas que le facturaron trabajos a la Municipalidad de Las Heras, supuestos empleos ficticios, y funcionarios de la comuna.<\/p>\n","protected":false},"excerpt":{"rendered":"<p>Por Ricardo Montacuto -Mendoza Post- &nbsp;&#8211; Hola&#8230;&nbsp;\u00abReina\u00bb&nbsp;por favor&#8230; &#8211;&nbsp;Buenas&#8230; Hasta las 18:00, no. S\u00f3lo tenemos \u00abPrincesa&#8230;\u00bb&nbsp;&#8211; Bueno,&nbsp;\u00abPrincesa\u00bb&nbsp;est\u00e1 bien. Esta conversaci\u00f3n en el ingreso de un hotel alojamiento del Gran Mendoza habr\u00eda ocurrido en noviembre del a\u00f1o pasado, cuando ya estaba lanzada la carrera electoral en la provincia pero a\u00fan no se defin\u00edan los candidatos a<a class=\"read-more\" href=\"https:\/\/elfederalmendoza.com.ar\/index.php\/2023\/06\/17\/una-trama-de-sexo-intrigas-politica-y-denuncias-sacude-a-la-municipalidad-de-las-heras\/\"> [&hellip;]<\/a><\/p>\n","protected":false},"author":2,"featured_media":24175,"comment_status":"open","ping_status":"open","sticky":false,"template":"","format":"standard","meta":{"footnotes":""},"categories":[1],"tags":[],"class_list":["post-24173","post","type-post","status-publish","format-standard","has-post-thumbnail","hentry","category-mza"],"rttpg_featured_image_url":{"full":["https:\/\/elfederalmendoza.com.ar\/wp-content\/uploads\/2023\/06\/sexo-muni.jpeg",1000,667,false],"landscape":["https:\/\/elfederalmendoza.com.ar\/wp-content\/uploads\/2023\/06\/sexo-muni.jpeg",1000,667,false],"portraits":["https:\/\/elfederalmendoza.com.ar\/wp-content\/uploads\/2023\/06\/sexo-muni.jpeg",1000,667,false],"thumbnail":["https:\/\/elfederalmendoza.com.ar\/wp-content\/uploads\/2023\/06\/sexo-muni-150x150.jpeg",150,150,true],"medium":["https:\/\/elfederalmendoza.com.ar\/wp-content\/uploads\/2023\/06\/sexo-muni-300x200.jpeg",300,200,true],"large":["https:\/\/elfederalmendoza.com.ar\/wp-content\/uploads\/2023\/06\/sexo-muni.jpeg",640,427,false],"1536x1536":["https:\/\/elfederalmendoza.com.ar\/wp-content\/uploads\/2023\/06\/sexo-muni.jpeg",1000,667,false],"2048x2048":["https:\/\/elfederalmendoza.com.ar\/wp-content\/uploads\/2023\/06\/sexo-muni.jpeg",1000,667,false],"ultp_layout_landscape_large":["https:\/\/elfederalmendoza.com.ar\/wp-content\/uploads\/2023\/06\/sexo-muni.jpeg",1000,667,false],"ultp_layout_landscape":["https:\/\/elfederalmendoza.com.ar\/wp-content\/uploads\/2023\/06\/sexo-muni-870x570.jpeg",870,570,true],"ultp_layout_portrait":["https:\/\/elfederalmendoza.com.ar\/wp-content\/uploads\/2023\/06\/sexo-muni-600x667.jpeg",600,667,true],"ultp_layout_square":["https:\/\/elfederalmendoza.com.ar\/wp-content\/uploads\/2023\/06\/sexo-muni-600x600.jpeg",600,600,true],"rpwe-thumbnail":["https:\/\/elfederalmendoza.com.ar\/wp-content\/uploads\/2023\/06\/sexo-muni-45x45.jpeg",45,45,true],"advps-thumb-one":["https:\/\/elfederalmendoza.com.ar\/wp-content\/uploads\/2023\/06\/sexo-muni-1000x420.jpeg",1000,420,true]},"rttpg_author":{"display_name":"Redacci\u00f3n El Federal","author_link":"https:\/\/elfederalmendoza.com.ar\/index.php\/author\/angelflores\/"},"rttpg_comment":0,"rttpg_category":"<a href=\"https:\/\/elfederalmendoza.com.ar\/index.php\/category\/mza\/\" rel=\"category tag\">Mendoza<\/a>","rttpg_excerpt":"Por Ricardo Montacuto -Mendoza Post- &nbsp;&#8211; Hola&#8230;&nbsp;\u00abReina\u00bb&nbsp;por favor&#8230; &#8211;&nbsp;Buenas&#8230; Hasta las 18:00, no. S\u00f3lo tenemos \u00abPrincesa&#8230;\u00bb&nbsp;&#8211; Bueno,&nbsp;\u00abPrincesa\u00bb&nbsp;est\u00e1 bien. Esta conversaci\u00f3n en el ingreso de un hotel alojamiento del Gran Mendoza habr\u00eda ocurrido en noviembre del a\u00f1o pasado, cuando ya estaba lanzada la carrera electoral en la provincia pero a\u00fan no se defin\u00edan los candidatos a&hellip;","_links":{"self":[{"href":"https:\/\/elfederalmendoza.com.ar\/index.php\/wp-json\/wp\/v2\/posts\/24173","targetHints":{"allow":["GET"]}}],"collection":[{"href":"https:\/\/elfederalmendoza.com.ar\/index.php\/wp-json\/wp\/v2\/posts"}],"about":[{"href":"https:\/\/elfederalmendoza.com.ar\/index.php\/wp-json\/wp\/v2\/types\/post"}],"author":[{"embeddable":true,"href":"https:\/\/elfederalmendoza.com.ar\/index.php\/wp-json\/wp\/v2\/users\/2"}],"replies":[{"embeddable":true,"href":"https:\/\/elfederalmendoza.com.ar\/index.php\/wp-json\/wp\/v2\/comments?post=24173"}],"version-history":[{"count":2,"href":"https:\/\/elfederalmendoza.com.ar\/index.php\/wp-json\/wp\/v2\/posts\/24173\/revisions"}],"predecessor-version":[{"id":24178,"href":"https:\/\/elfederalmendoza.com.ar\/index.php\/wp-json\/wp\/v2\/posts\/24173\/revisions\/24178"}],"wp:featuredmedia":[{"embeddable":true,"href":"https:\/\/elfederalmendoza.com.ar\/index.php\/wp-json\/wp\/v2\/media\/24175"}],"wp:attachment":[{"href":"https:\/\/elfederalmendoza.com.ar\/index.php\/wp-json\/wp\/v2\/media?parent=24173"}],"wp:term":[{"taxonomy":"category","embeddable":true,"href":"https:\/\/elfederalmendoza.com.ar\/index.php\/wp-json\/wp\/v2\/categories?post=24173"},{"taxonomy":"post_tag","embeddable":true,"href":"https:\/\/elfederalmendoza.com.ar\/index.php\/wp-json\/wp\/v2\/tags?post=24173"}],"curies":[{"name":"wp","href":"https:\/\/api.w.org\/{rel}","templated":true}]}}