{"id":24179,"date":"2023-06-17T02:05:00","date_gmt":"2023-06-17T05:05:00","guid":{"rendered":"https:\/\/elfederalmendoza.com\/?p=24179"},"modified":"2023-06-17T12:06:23","modified_gmt":"2023-06-17T15:06:23","slug":"el-sugestivo-mensaje-de-anibal-fernandez-a-cristina-kirchner-me-ha-mandado-a-hacer-todo-tipo-de-trabajos","status":"publish","type":"post","link":"https:\/\/elfederalmendoza.com.ar\/index.php\/2023\/06\/17\/el-sugestivo-mensaje-de-anibal-fernandez-a-cristina-kirchner-me-ha-mandado-a-hacer-todo-tipo-de-trabajos\/","title":{"rendered":"El sugestivo mensaje de An\u00edbal Fern\u00e1ndez a Cristina Kirchner: \u201cMe ha mandado a hacer todo tipo de trabajos\u201d"},"content":{"rendered":"\n<p>Quiz\u00e1 herido por verse circunstancialmente en la vereda de enfrente de&nbsp;<strong>Cristina Kirchner -\u00abLa se\u00f1ora hace 20 a\u00f1os que me conoce\u00bb<\/strong>, recuerda-,<strong>&nbsp;An\u00edbal Fern\u00e1ndez&nbsp;<\/strong>acaba de hacer gala de su verborragia nunca inocente para deslizar en tres frases lapidarias un mensaje oculto para la vicepresidenta.<\/p>\n\n\n\n<p><strong>\u00abMe ha mandado a hacer todo tipo de trabajos y jam\u00e1s dije que no&#8230;\u00bb.<\/strong><\/p>\n\n\n\n<p><strong>\u00abNunca le saqu\u00e9 el cuerpo a hacer un trabajo por ella\u00bb.<br><br>\u00abTodos los trabajos que me ha pedido hacer, los he hecho&#8230;\u00bb.<\/strong><\/p>\n\n\n\n<p>Es una saga de frases interesantes.<\/p>\n\n\n\n<p>\u00bfDe qu\u00e9 habla&nbsp;<strong>An\u00edbal,<\/strong>&nbsp;cuando dice&nbsp;<strong>\u00abtodo tipo de trabajos\u00bb?<\/strong><\/p>\n\n\n\n<p>El actual cargo de ministro de Seguridad de la Naci\u00f3n es el empleo p\u00fablico n\u00famero 22 de&nbsp;<strong>An\u00edbal Fern\u00e1ndez,<\/strong>&nbsp;desde que comenz\u00f3 como asesor en el Senado bonaerense, en 1983.<\/p>\n\n\n\n<p>En cinco de todos los cargos que ocup\u00f3 fue elegido por el voto ciudadano, pero en los otros 17 fue nombrado como funcionario en puestos no electivos (asesor, interventor, secretario, ministro) principalmente por&nbsp;<strong>Eduardo Duhalde, N\u00e9stor Kirchner, Cristina Kirchner y Alberto Fern\u00e1ndez.<br><\/strong><br>Con<strong>&nbsp;Cristina<\/strong>&nbsp;presidenta, sin embargo, s\u00f3lo ocup\u00f3 tres cargos: Ministro de Justicia y Seguridad (2007-2009), jefe de Gabinete (dos veces, en 2009 y 2015) y Secretario General de la Presidencia (2014-2015).<\/p>\n\n\n\n<p>La expresi\u00f3n\u00a0<strong>\u00abtodo tipo de trabajos\u00bb<\/strong>\u00a0parece incluir bastante m\u00e1s actividad que ocupar tres puestos formales en los gobiernos de\u00a0<strong>Cristina.<\/strong><\/p>\n\n\n\n<p>En la segunda frase va m\u00e1s lejos:&nbsp;<strong>\u00abNunca le saqu\u00e9 el cuerpo a hacer un trabajo por ella\u00bb.<\/strong><\/p>\n\n\n\n<p>Ya no hay dudas de que no est\u00e1 hablando de los ministerios que ocup\u00f3.<\/p>\n\n\n\n<p>Ninguno de esos trabajos pudo hacerlos&nbsp;<strong>\u00abpor ella\u00bb,&nbsp;<\/strong>ya que ella era su jefa, la Presidenta, y ten\u00eda su propio trabajo por hacer.<\/p>\n\n\n\n<p>Habla de trabajos que&nbsp;<strong>Cristina&nbsp;<\/strong>le pidi\u00f3 hacer, sin decir cu\u00e1les. Pero al aclarar que los hizo&nbsp;<strong>\u00abpor ella\u00bb&nbsp;<\/strong>nos da a entender, quiz\u00e1, que de otro modo no los hubiera hecho.<\/p>\n\n\n\n<p>No los aclara porque&nbsp;<strong>Cristina&nbsp;<\/strong>los conoce. Ella es la destinataria del mensaje.<\/p>\n\n\n\n<p><strong>\u00abTodos los trabajos que me ha pedido hacer, los he hecho\u00bb,&nbsp;<\/strong>finaliza, pasando factura de una cuenta que s\u00f3lo parece conocer la vicepresidenta.<\/p>\n\n\n\n<p>El mensaje entre l\u00edneas es: \u00bfHice todo lo que me pediste todo el tiempo y justo ahora me acus\u00e1s de ir a lo que vos llam\u00e1s el Partido Judicial?<\/p>\n\n\n\n<p>Hay ejemplos bien concretos de&nbsp;<strong>An\u00edbal Fern\u00e1ndez&nbsp;<\/strong>haciendo o dejando de hacer cosas m\u00e1s all\u00e1 de sus funciones espec\u00edficas para beneficiar directamente a&nbsp;<strong>Cristina Kirchner&nbsp;<\/strong>o a su gobierno.<\/p>\n\n\n\n<p>En 2007 se dejaron de publicar durante a\u00f1os las estad\u00edsticas de delitos que se llevaban en el Ministerio de Justicia y Seguridad que ocup\u00f3 An\u00edbal. \u00c9l argumentaba que conocer las cifras de los delitos hac\u00eda a la gente entrar en p\u00e1nico y que no hab\u00eda ninguna necesidad de difundirlos. Se trataba de estad\u00edsticas oficiales que el pa\u00eds dej\u00f3 de medir hasta que&nbsp;<strong>An\u00edbal&nbsp;<\/strong>cambi\u00f3 de puesto.<\/p>\n\n\n\n<p>De ese modo no bajaron los delitos, pero dejaron de existir en las planillas oficiales.<\/p>\n\n\n\n<p>En 2015,&nbsp;<strong>An\u00edbal&nbsp;<\/strong>era secretario general de la Presidencia cuando el fiscal&nbsp;<strong>Nisman&nbsp;<\/strong>denunci\u00f3 a&nbsp;<strong>Cristina&nbsp;<\/strong>por encubrir a los terroristas que volaron la AMIA<\/p>\n\n\n\n<p>La denuncia del fiscal fue el mi\u00e9rcoles 14 de enero. El lunes 19 llevar\u00eda las pruebas al juzgado y ampliar\u00eda sobre los alcances de su denuncia en el Congreso de la Naci\u00f3n. Pero el domingo 18 apareci\u00f3 muerto con un tiro en la cabeza.<\/p>\n\n\n\n<p>El d\u00eda anterior al hallazgo de su cad\u00e1ver, s\u00e1bado 17, hubo un extra\u00f1o incendio en la Casa Rosada que s\u00f3lo afect\u00f3 a los servidores que guardaban la informaci\u00f3n sobre todas las entradas y salidas de la Casa de Gobierno durante los a\u00f1os en que se negociaba el Pacto con Ir\u00e1n, denunciado por Nisman esa misma semana.<\/p>\n\n\n\n<p>Toda la informaci\u00f3n se perdi\u00f3 para siempre.<\/p>\n\n\n\n<p>Aunque un pu\u00f1ado de bomberos termin\u00f3 internado en el Hospital Churruca por inhalaci\u00f3n de humo y las causas del incendio fueron dudosas, el episodio jam\u00e1s se denunci\u00f3 a la justicia.<\/p>\n\n\n\n<p>La seguridad de la Casa Rosada depende del Secretario General de la Presidencia, a quien reporta el jefe de la Casa Militar. En ese momento, el secretario general era&nbsp;<strong>An\u00edbal Fern\u00e1ndez.<\/strong><\/p>\n\n\n\n<p>Cuando varios meses despu\u00e9s trascendi\u00f3 el episodio, An\u00edbal minti\u00f3 dos veces.<\/p>\n\n\n\n<p>Primero dijo que el incendio hab\u00eda sido el 21 de febrero, 35 d\u00edas despu\u00e9s de la fecha en que realmente ocurri\u00f3. \u00bfLo hizo para llevarlo lejos de la denuncia y la muerte de&nbsp;<strong>Nisman<\/strong>?<\/p>\n\n\n\n<p>Y despu\u00e9s afirm\u00f3:&nbsp;<strong>\u00abHay backup de todo. No se perdi\u00f3 ning\u00fan tipo de informaci\u00f3n\u00bb.<\/strong><\/p>\n\n\n\n<p>Eso tambi\u00e9n era falso.<\/p>\n\n\n\n<p>Hoy, ocho a\u00f1os despu\u00e9s, los 130.000 registros de entradas y salidas a la Casa Rosada correspondientes a los accesos de Balcarce 24, Balcarce 50 e Hip\u00f3lito Yrigoyen 219 entre los a\u00f1os 2011 y 2015 jam\u00e1s se pudieron recuperar.<\/p>\n\n\n\n<p>Cuando&nbsp;<strong>An\u00edbal Fern\u00e1ndez&nbsp;<\/strong>explicaba eso, hac\u00eda 40 d\u00edas que el \u00e1rea de Seguridad del edificio -que depend\u00eda de \u00e9l mismo- le hab\u00eda ordenado a la empresa de tecnolog\u00eda NEC, a cargo del servicio, que no intentara recuperar los registros de visitas de los discos r\u00edgidos da\u00f1ados por la suba de tensi\u00f3n que provoc\u00f3 el incendio.<\/p>\n\n\n\n<p>El responsable de NEC Argentina era&nbsp;<strong>Carlos Martin\u00e1ngeli,&nbsp;<\/strong>amigo personal y colega en la comisi\u00f3n directiva de Quilmes de&nbsp;<strong>An\u00edbal Fern\u00e1ndez.&nbsp;<\/strong>Despu\u00e9s de estar en la empresa durante m\u00e1s de 15 a\u00f1os,&nbsp;<strong>Martin\u00e1ngeli&nbsp;<\/strong>renunci\u00f3 a ella apenas nueve d\u00edas despu\u00e9s de aquel incendio.<\/p>\n\n\n\n<p>Al mes,&nbsp;<strong>An\u00edbal&nbsp;<\/strong>dej\u00f3 la secretar\u00eda general de la Presidencia y jur\u00f3 como jefe de Gabinete.<\/p>\n\n\n\n<p>Desde all\u00ed encabez\u00f3 una campa\u00f1a feroz para denostar al fiscal&nbsp;<strong>Nisman&nbsp;<\/strong>recientemente fallecido, al mismo tiempo en que Buenos Aires amanec\u00eda empapelada de afiches con fotos de&nbsp;<strong>Nisman&nbsp;<\/strong>acompa\u00f1ado de mujeres j\u00f3venes en playas paradis\u00edacas.<\/p>\n\n\n\n<p>Quiz\u00e1 sea algunos de estos -y, desde luego, otros que no conocemos- los trabajos que&nbsp;<strong>An\u00edbal&nbsp;<\/strong>le dice ahora a&nbsp;<strong>Cristina Kirchner&nbsp;<\/strong>que ella le mand\u00f3 a hacer.<\/p>\n\n\n\n<p>Si es as\u00ed, no los une el amor.&nbsp;<\/p>\n","protected":false},"excerpt":{"rendered":"<p>Quiz\u00e1 herido por verse circunstancialmente en la vereda de enfrente de&nbsp;Cristina Kirchner -\u00abLa se\u00f1ora hace 20 a\u00f1os que me conoce\u00bb, recuerda-,&nbsp;An\u00edbal Fern\u00e1ndez&nbsp;acaba de hacer gala de su verborragia nunca inocente para deslizar en tres frases lapidarias un mensaje oculto para la vicepresidenta. \u00abMe ha mandado a hacer todo tipo de trabajos y jam\u00e1s dije que<a class=\"read-more\" href=\"https:\/\/elfederalmendoza.com.ar\/index.php\/2023\/06\/17\/el-sugestivo-mensaje-de-anibal-fernandez-a-cristina-kirchner-me-ha-mandado-a-hacer-todo-tipo-de-trabajos\/\"> [&hellip;]<\/a><\/p>\n","protected":false},"author":2,"featured_media":20547,"comment_status":"open","ping_status":"open","sticky":false,"template":"","format":"standard","meta":{"footnotes":""},"categories":[5618],"tags":[],"class_list":["post-24179","post","type-post","status-publish","format-standard","has-post-thumbnail","hentry","category-arg"],"rttpg_featured_image_url":{"full":["https:\/\/elfederalmendoza.com.ar\/wp-content\/uploads\/2023\/02\/anibal-fer.jpg",1280,720,false],"landscape":["https:\/\/elfederalmendoza.com.ar\/wp-content\/uploads\/2023\/02\/anibal-fer.jpg",1280,720,false],"portraits":["https:\/\/elfederalmendoza.com.ar\/wp-content\/uploads\/2023\/02\/anibal-fer.jpg",1280,720,false],"thumbnail":["https:\/\/elfederalmendoza.com.ar\/wp-content\/uploads\/2023\/02\/anibal-fer-150x150.jpg",150,150,true],"medium":["https:\/\/elfederalmendoza.com.ar\/wp-content\/uploads\/2023\/02\/anibal-fer-300x169.jpg",300,169,true],"large":["https:\/\/elfederalmendoza.com.ar\/wp-content\/uploads\/2023\/02\/anibal-fer-1024x576.jpg",640,360,true],"1536x1536":["https:\/\/elfederalmendoza.com.ar\/wp-content\/uploads\/2023\/02\/anibal-fer.jpg",1280,720,false],"2048x2048":["https:\/\/elfederalmendoza.com.ar\/wp-content\/uploads\/2023\/02\/anibal-fer.jpg",1280,720,false],"ultp_layout_landscape_large":["https:\/\/elfederalmendoza.com.ar\/wp-content\/uploads\/2023\/02\/anibal-fer-1200x720.jpg",1200,720,true],"ultp_layout_landscape":["https:\/\/elfederalmendoza.com.ar\/wp-content\/uploads\/2023\/02\/anibal-fer-870x570.jpg",870,570,true],"ultp_layout_portrait":["https:\/\/elfederalmendoza.com.ar\/wp-content\/uploads\/2023\/02\/anibal-fer-600x720.jpg",600,720,true],"ultp_layout_square":["https:\/\/elfederalmendoza.com.ar\/wp-content\/uploads\/2023\/02\/anibal-fer-600x600.jpg",600,600,true],"rpwe-thumbnail":["https:\/\/elfederalmendoza.com.ar\/wp-content\/uploads\/2023\/02\/anibal-fer-45x45.jpg",45,45,true],"advps-thumb-one":["https:\/\/elfederalmendoza.com.ar\/wp-content\/uploads\/2023\/02\/anibal-fer-1200x420.jpg",1200,420,true]},"rttpg_author":{"display_name":"Redacci\u00f3n El Federal","author_link":"https:\/\/elfederalmendoza.com.ar\/index.php\/author\/angelflores\/"},"rttpg_comment":0,"rttpg_category":"<a href=\"https:\/\/elfederalmendoza.com.ar\/index.php\/category\/arg\/\" rel=\"category tag\">Argentina<\/a>","rttpg_excerpt":"Quiz\u00e1 herido por verse circunstancialmente en la vereda de enfrente de&nbsp;Cristina Kirchner -\u00abLa se\u00f1ora hace 20 a\u00f1os que me conoce\u00bb, recuerda-,&nbsp;An\u00edbal Fern\u00e1ndez&nbsp;acaba de hacer gala de su verborragia nunca inocente para deslizar en tres frases lapidarias un mensaje oculto para la vicepresidenta. \u00abMe ha mandado a hacer todo tipo de trabajos y jam\u00e1s dije que&hellip;","_links":{"self":[{"href":"https:\/\/elfederalmendoza.com.ar\/index.php\/wp-json\/wp\/v2\/posts\/24179","targetHints":{"allow":["GET"]}}],"collection":[{"href":"https:\/\/elfederalmendoza.com.ar\/index.php\/wp-json\/wp\/v2\/posts"}],"about":[{"href":"https:\/\/elfederalmendoza.com.ar\/index.php\/wp-json\/wp\/v2\/types\/post"}],"author":[{"embeddable":true,"href":"https:\/\/elfederalmendoza.com.ar\/index.php\/wp-json\/wp\/v2\/users\/2"}],"replies":[{"embeddable":true,"href":"https:\/\/elfederalmendoza.com.ar\/index.php\/wp-json\/wp\/v2\/comments?post=24179"}],"version-history":[{"count":1,"href":"https:\/\/elfederalmendoza.com.ar\/index.php\/wp-json\/wp\/v2\/posts\/24179\/revisions"}],"predecessor-version":[{"id":24181,"href":"https:\/\/elfederalmendoza.com.ar\/index.php\/wp-json\/wp\/v2\/posts\/24179\/revisions\/24181"}],"wp:featuredmedia":[{"embeddable":true,"href":"https:\/\/elfederalmendoza.com.ar\/index.php\/wp-json\/wp\/v2\/media\/20547"}],"wp:attachment":[{"href":"https:\/\/elfederalmendoza.com.ar\/index.php\/wp-json\/wp\/v2\/media?parent=24179"}],"wp:term":[{"taxonomy":"category","embeddable":true,"href":"https:\/\/elfederalmendoza.com.ar\/index.php\/wp-json\/wp\/v2\/categories?post=24179"},{"taxonomy":"post_tag","embeddable":true,"href":"https:\/\/elfederalmendoza.com.ar\/index.php\/wp-json\/wp\/v2\/tags?post=24179"}],"curies":[{"name":"wp","href":"https:\/\/api.w.org\/{rel}","templated":true}]}}