{"id":24184,"date":"2023-06-17T02:25:00","date_gmt":"2023-06-17T05:25:00","guid":{"rendered":"https:\/\/elfederalmendoza.com\/?p=24184"},"modified":"2023-06-17T12:26:15","modified_gmt":"2023-06-17T15:26:15","slug":"sale-a-la-luz-el-sistema-de-milei-para-otorgar-franquicias-electorales-a-cambio-de-dinero-y-cargos-en-el-estado","status":"publish","type":"post","link":"https:\/\/elfederalmendoza.com.ar\/index.php\/2023\/06\/17\/sale-a-la-luz-el-sistema-de-milei-para-otorgar-franquicias-electorales-a-cambio-de-dinero-y-cargos-en-el-estado\/","title":{"rendered":"Sale a la luz el sistema de Milei para otorgar \u00abfranquicias\u00bb electorales, a cambio de dinero y cargos en el Estado"},"content":{"rendered":"\n<p><strong>El ex candidato de Javier Milei a gobernador en Neuqu\u00e9n, Carlos Egu\u00eda, expuso un \u201cmodus operandi\u201d que el espacio libertario reproduce desde hace meses -o incluso a\u00f1os- en otras provincias y en la ciudad de Buenos Aires. Abarca la exigencia de entregar cargos en el Estado, la venta de \u201cfranquicias\u201d electorales y el pago de \u201ccachets\u201d para viajes, entre otras pr\u00e1cticas, seg\u00fan reconstruy\u00f3 La Naci\u00f3n durante los \u00faltimos meses.<\/strong><\/p>\n\n\n\n<p>Las \u00faltimas revelaciones surgieron ayer, cuando Egu\u00eda afirm\u00f3 que el c\u00edrculo \u00edntimo de Milei lo contact\u00f3 veinte d\u00edas despu\u00e9s de los comicios neuquinos para exigirle que consiguiera cargos en la Legislatura provincial y designara a aquellos que le ordenaran en Buenos Aires, sin que esas personas viajaran a la provincia, ni prestaran servicios, planteos que dijo que rechaz\u00f3.<\/p>\n\n\n\n<p>\u201cMe llamaron para pedirme cargos en la Legislatura de Neuqu\u00e9n\u201d, afirm\u00f3 Egu\u00eda en su programa de radio, lo que luego reafirm\u00f3 ante la consulta de La Naci\u00f3n. \u201cMe pidieron los mejores cargos, ya fueron dos o tres o los que pudiera conseguir. Imag\u00ednese: yo les dije que ni s\u00e9 cu\u00e1nto cobra un legislador provincial y ellos me respondieron que s\u00ed saben, que gana entre 600.000 y 700.000 pesos. Yo les pregunt\u00e9 si esas personas eran de Neuqu\u00e9n o si iban a trabajar, y me dijeron que no, por lo que me negu\u00e9. \u2018De ninguna manera\u2019, les respond\u00ed, y ah\u00ed rompieron la alianza conmigo y fueron a buscar a otro partido\u201d, denunci\u00f3.<\/p>\n\n\n\n<p>Egu\u00eda afirm\u00f3 que las primeras exigencias de cargos se las plante\u00f3 Julio Serna, un operador que integra el c\u00edrculo \u00edntimo de Milei, pero que luego comprendi\u00f3 que el pedido era sist\u00e9mico. \u201cMe lo pidi\u00f3 Julio Serna, primero, y despu\u00e9s me lo pidieron en una conferencia [telef\u00f3nica] que tuvimos Karina [Milei], Carlos Kikuchi y yo. Pens\u00e9 que Karina le iba a decir a Serna: \u2018V\u00e1yase, ya no trabaja con nosotros\u2019, pero me dijo a m\u00ed que era una pavada. Y eso lo tengo grabado\u201d.<\/p>\n\n\n\n<p>El otrora candidato a gobernador por el espacio libertario sostuvo que otros referentes del espacio tambi\u00e9n est\u00e1n al tanto de ese tipo de exigencias, como el legislador porte\u00f1o Ramiro Marra. \u201cMe mand\u00f3 un mensaje pregunt\u00e1ndome si Serna me hab\u00eda pedido dinero. Le respond\u00ed que plata no me hab\u00eda pedido, pero s\u00ed me pidi\u00f3 cargos, y tengo guardados esos mensajes\u201d, sostuvo.<\/p>\n\n\n\n<p>La Naci\u00f3n le consult\u00f3 a Egu\u00eda si pod\u00eda entregar una copia de la grabaci\u00f3n telef\u00f3nica que mantuvo con Karina Milei, Serna y Kikuchi, o de los mensajes que dijo que intercambi\u00f3 con Marra, pero se neg\u00f3. \u201cTengo todo, pero si ellos no salen a decir que miento, no los vos a mostrar. Pero no es necesario. F\u00edjese que denunci\u00e9 esto hace 24 horas y lo \u00fanico que salieron a decir es que yo me peleo con todos, desde Patricia Bullrich a Lilita Carri\u00f3 y eso es falso\u201d.<\/p>\n\n\n\n<p><strong>\u201cMe pidieron todos los contratos\u201d<\/strong><\/p>\n\n\n\n<p>Egu\u00eda no es, sin embargo, el primero que denunci\u00f3 que los libertarios exig\u00edan ubicar a determinadas personas en cargos del Estado. La legisladora porte\u00f1a Rebeca Fleitas, quien asumi\u00f3 en 2021 por la lista de La Libertad Avanza, acus\u00f3 a otro de los m\u00e1ximos colaboradores de Milei, Nicol\u00e1s Emma, de exigirle designar a todos los asesores de su despacho.<\/p>\n\n\n\n<p>\u201cMe pidieron todos los contratos, me hab\u00edan designado a todo el personal del despacho, yo no pod\u00eda elegir ni al parlamentario ni al secretario administrativo\u201d, detall\u00f3 Fleitas durante una entrevista que el programa D\u00eda L subi\u00f3 a la plataforma YouTube hace 7 meses, pero que no lleg\u00f3 a trascender.<\/p>\n\n\n\n<p>Durante esa entrevista, Fleitas revel\u00f3 adem\u00e1s que quisieron hacerle firmar \u201cuna carta de renuncia por anticipaci\u00f3n y despu\u00e9s escribieron un documento en el que redactaron a nombre m\u00edo las personas que yo supuestamente designaba en el cargo\u201d. Pero al igual que sostuvo Egu\u00eda ahora, ella explic\u00f3 que rechaz\u00f3 las exigencias del Partido Libertario, lo que provoc\u00f3 la ruptura. \u201cCuando me plant\u00e9, se dieron cuenta que no me iban a poder controlar y hubo un quiebre total\u201d, relat\u00f3.<\/p>\n\n\n\n<p>Seg\u00fan reconstruy\u00f3 La Naci\u00f3n, esa ruptura conllev\u00f3 que Fleitas afrentara amenazas e intimidaciones, que denunci\u00f3, por lo que una Fiscal\u00eda dispuso otorgarle una custodia por cuatro meses. \u201cSufr\u00ed maltratos desde verbales hasta amenazas, he recibido muchos ataques en las redes sociales\u201d, detall\u00f3 la legisladora durante ese reportaje con D\u00eda L.<\/p>\n\n\n\n<p>Ante la consulta de La Naci\u00f3n, Fleitas no se desdijo de sus declaraciones durante aquella entrevista, pero decidi\u00f3 no ahondar en lo ocurrido. \u201cRespecto al Partido Libertario, para m\u00ed es un tema terminado\u201d, explic\u00f3, para luego indicar que ahora enfoca toda su energ\u00eda en su trabajo legislativo.<\/p>\n\n\n\n<p>Egu\u00eda y Fleitas, a su vez, tampoco son casos aislados. Meses atr\u00e1s, la entonces referente de la agrupaci\u00f3n juvenil La Generaci\u00f3n Libertaria, Mila Zurbriggen, denunci\u00f3 que se suced\u00edan las arbitrariedades y acomodos en el espacio, con el dinero y el sexo como dos herramientas determinantes para acceder a cargos p\u00fablicos o espacios de poder.<\/p>\n\n\n\n<p><strong>El vicepresidente de esa misma agrupaci\u00f3n, Agust\u00edn P\u00e9rez, ahond\u00f3 entonces en otro eje que recurrente: \u201cSi vos quer\u00e9s ocupar una posici\u00f3n importante en el partido te piden plata. Si quer\u00e9s sacarte una foto con Milei te piden plata, si quer\u00e9s que haga una charla, hay un solo pedido: \u2018pon\u00e9 plata\u2019\u201d, detall\u00f3.<\/strong><\/p>\n\n\n\n<p>Desde Nuequ\u00e9n, Egu\u00eda confirm\u00f3 esa din\u00e1mica. Por un lado, revel\u00f3 que uno de los cargos en la Legislatura neuquina ser\u00eda para una \u201cnoviecita\u201d de un referente nacional del espacio. Por el otro, confirm\u00f3 que Milei toma decisiones electorales como si vendiera franquicias comerciales. \u201cLo que est\u00e1n haciendo es vender la marca. Es as\u00ed\u201d, sostuvo.<\/p>\n\n\n\n<p>Egu\u00eda detall\u00f3, en ese sentido, que cuando Milei y su entorno \u2013custodios incluidos- viajaron a San Mart\u00edn de los Andes, debieron solventarle los gastos de avi\u00f3n, traslados terrestres, alojamientos y comidas. \u201cNo es que est\u00e9 enojado, porque eso ya pas\u00f3. Lo que estoy es decepcionado\u201d, dijo. \u201cPorque Milei y los suyos, que tanto denuncian a la \u2018casta\u2019 y a los \u2018\u00f1oquis\u2019 y ellos son eso\u201d.<\/p>\n","protected":false},"excerpt":{"rendered":"<p>El ex candidato de Javier Milei a gobernador en Neuqu\u00e9n, Carlos Egu\u00eda, expuso un \u201cmodus operandi\u201d que el espacio libertario reproduce desde hace meses -o incluso a\u00f1os- en otras provincias y en la ciudad de Buenos Aires. Abarca la exigencia de entregar cargos en el Estado, la venta de \u201cfranquicias\u201d electorales y el pago de<a class=\"read-more\" href=\"https:\/\/elfederalmendoza.com.ar\/index.php\/2023\/06\/17\/sale-a-la-luz-el-sistema-de-milei-para-otorgar-franquicias-electorales-a-cambio-de-dinero-y-cargos-en-el-estado\/\"> [&hellip;]<\/a><\/p>\n","protected":false},"author":2,"featured_media":22333,"comment_status":"open","ping_status":"open","sticky":false,"template":"","format":"standard","meta":{"footnotes":""},"categories":[5618],"tags":[],"class_list":["post-24184","post","type-post","status-publish","format-standard","has-post-thumbnail","hentry","category-arg"],"rttpg_featured_image_url":{"full":["https:\/\/elfederalmendoza.com.ar\/wp-content\/uploads\/2023\/04\/MILEI-SE-VIENE.jpg",1128,637,false],"landscape":["https:\/\/elfederalmendoza.com.ar\/wp-content\/uploads\/2023\/04\/MILEI-SE-VIENE.jpg",1128,637,false],"portraits":["https:\/\/elfederalmendoza.com.ar\/wp-content\/uploads\/2023\/04\/MILEI-SE-VIENE.jpg",1128,637,false],"thumbnail":["https:\/\/elfederalmendoza.com.ar\/wp-content\/uploads\/2023\/04\/MILEI-SE-VIENE-150x150.jpg",150,150,true],"medium":["https:\/\/elfederalmendoza.com.ar\/wp-content\/uploads\/2023\/04\/MILEI-SE-VIENE-300x169.jpg",300,169,true],"large":["https:\/\/elfederalmendoza.com.ar\/wp-content\/uploads\/2023\/04\/MILEI-SE-VIENE-1024x578.jpg",640,361,true],"1536x1536":["https:\/\/elfederalmendoza.com.ar\/wp-content\/uploads\/2023\/04\/MILEI-SE-VIENE.jpg",1128,637,false],"2048x2048":["https:\/\/elfederalmendoza.com.ar\/wp-content\/uploads\/2023\/04\/MILEI-SE-VIENE.jpg",1128,637,false],"ultp_layout_landscape_large":["https:\/\/elfederalmendoza.com.ar\/wp-content\/uploads\/2023\/04\/MILEI-SE-VIENE.jpg",1128,637,false],"ultp_layout_landscape":["https:\/\/elfederalmendoza.com.ar\/wp-content\/uploads\/2023\/04\/MILEI-SE-VIENE-870x570.jpg",870,570,true],"ultp_layout_portrait":["https:\/\/elfederalmendoza.com.ar\/wp-content\/uploads\/2023\/04\/MILEI-SE-VIENE-600x637.jpg",600,637,true],"ultp_layout_square":["https:\/\/elfederalmendoza.com.ar\/wp-content\/uploads\/2023\/04\/MILEI-SE-VIENE-600x600.jpg",600,600,true],"rpwe-thumbnail":["https:\/\/elfederalmendoza.com.ar\/wp-content\/uploads\/2023\/04\/MILEI-SE-VIENE-45x45.jpg",45,45,true],"advps-thumb-one":["https:\/\/elfederalmendoza.com.ar\/wp-content\/uploads\/2023\/04\/MILEI-SE-VIENE-1128x420.jpg",1128,420,true]},"rttpg_author":{"display_name":"Redacci\u00f3n El Federal","author_link":"https:\/\/elfederalmendoza.com.ar\/index.php\/author\/angelflores\/"},"rttpg_comment":0,"rttpg_category":"<a href=\"https:\/\/elfederalmendoza.com.ar\/index.php\/category\/arg\/\" rel=\"category tag\">Argentina<\/a>","rttpg_excerpt":"El ex candidato de Javier Milei a gobernador en Neuqu\u00e9n, Carlos Egu\u00eda, expuso un \u201cmodus operandi\u201d que el espacio libertario reproduce desde hace meses -o incluso a\u00f1os- en otras provincias y en la ciudad de Buenos Aires. Abarca la exigencia de entregar cargos en el Estado, la venta de \u201cfranquicias\u201d electorales y el pago de&hellip;","_links":{"self":[{"href":"https:\/\/elfederalmendoza.com.ar\/index.php\/wp-json\/wp\/v2\/posts\/24184","targetHints":{"allow":["GET"]}}],"collection":[{"href":"https:\/\/elfederalmendoza.com.ar\/index.php\/wp-json\/wp\/v2\/posts"}],"about":[{"href":"https:\/\/elfederalmendoza.com.ar\/index.php\/wp-json\/wp\/v2\/types\/post"}],"author":[{"embeddable":true,"href":"https:\/\/elfederalmendoza.com.ar\/index.php\/wp-json\/wp\/v2\/users\/2"}],"replies":[{"embeddable":true,"href":"https:\/\/elfederalmendoza.com.ar\/index.php\/wp-json\/wp\/v2\/comments?post=24184"}],"version-history":[{"count":1,"href":"https:\/\/elfederalmendoza.com.ar\/index.php\/wp-json\/wp\/v2\/posts\/24184\/revisions"}],"predecessor-version":[{"id":24185,"href":"https:\/\/elfederalmendoza.com.ar\/index.php\/wp-json\/wp\/v2\/posts\/24184\/revisions\/24185"}],"wp:featuredmedia":[{"embeddable":true,"href":"https:\/\/elfederalmendoza.com.ar\/index.php\/wp-json\/wp\/v2\/media\/22333"}],"wp:attachment":[{"href":"https:\/\/elfederalmendoza.com.ar\/index.php\/wp-json\/wp\/v2\/media?parent=24184"}],"wp:term":[{"taxonomy":"category","embeddable":true,"href":"https:\/\/elfederalmendoza.com.ar\/index.php\/wp-json\/wp\/v2\/categories?post=24184"},{"taxonomy":"post_tag","embeddable":true,"href":"https:\/\/elfederalmendoza.com.ar\/index.php\/wp-json\/wp\/v2\/tags?post=24184"}],"curies":[{"name":"wp","href":"https:\/\/api.w.org\/{rel}","templated":true}]}}