{"id":24188,"date":"2023-06-18T10:09:32","date_gmt":"2023-06-18T13:09:32","guid":{"rendered":"https:\/\/elfederalmendoza.com\/?p=24188"},"modified":"2023-06-18T10:09:32","modified_gmt":"2023-06-18T13:09:32","slug":"jorge-capitanich-hablo-sobre-el-femicidio-de-cecilia-strzyzowski-y-afirmo-un-hecho-policial-no-puede-convertirse-en-un-hecho-politico","status":"publish","type":"post","link":"https:\/\/elfederalmendoza.com.ar\/index.php\/2023\/06\/18\/jorge-capitanich-hablo-sobre-el-femicidio-de-cecilia-strzyzowski-y-afirmo-un-hecho-policial-no-puede-convertirse-en-un-hecho-politico\/","title":{"rendered":"Jorge Capitanich habl\u00f3 sobre el femicidio de Cecilia Strzyzowski y afirm\u00f3: \u00abUn hecho policial no puede convertirse en un hecho pol\u00edtico\u00bb"},"content":{"rendered":"\n<p>El gobernador de Chaco encabez\u00f3 una conferencia de prensa tras votar en las PASO de la provincia, en donde tambi\u00e9n hizo referencia a la relaci\u00f3n del gobierno con la organizaci\u00f3n liderada por Emerenciano Sena. \u201cLos culpables ser\u00e1n castigados con todo el peso de la ley\u201d, asegur\u00f3.<\/p>\n\n\n\n<p>El gobernador de Chaco,<strong>&nbsp;Jorge Capitanich<\/strong>, se refiri\u00f3 hoy al femicidio&nbsp;<strong>Cecilia Strzyzowski&nbsp;<\/strong>y a la relaci\u00f3n de su gobierno con la organizaci\u00f3n liderada por&nbsp;<strong>Emerenciano Sena<\/strong>. \u201cUn hecho policial no puede convertirse en un hecho pol\u00edtico\u201d, sostuvo el mandatario provincial luego de emitir su voto en las PASO.<\/p>\n\n\n\n<p>\u201cNos preocupa la violencia, la violencia de g\u00e9nero, estos hechos son aberrantes y deben ser esclarecidos\u201d, agreg\u00f3. A su vez, indic\u00f3 que \u201clos culpables ser\u00e1n castigados con todo el peso de la ley\u201d.<\/p>\n\n\n\n<p>\u201cCompartimos el dolor de una madre y sus familiares. Es un hecho que merece el repudio.&nbsp;<strong>Nadie puede dudar que estamos del lado de la v\u00edctima\u201d<\/strong>, afirm\u00f3 Capitanich luego de que trascendiera la estrecha vinculaci\u00f3n que tiene con la familia Sena, acusada de planear el crimen de la joven.<\/p>\n\n\n\n<p>Consultado acerca de las declaraciones de la madre de Cecilia, que le pidi\u00f3 al gobierno nacional la intervenci\u00f3n de la provincia de Chaco, Capitanich trat\u00f3 de despegarse de la pol\u00e9mica. \u201cLa madre con su abogada fueron recibidas por la vicegobernadora y estamos con el m\u00e1ximo nivel de empat\u00eda. Desde el dolor acepto todo, cualquier tipo de declaraciones y manifestaciones desde el dolor\u201d, remarc\u00f3 el gobernador, al insistir que \u201chay plena libertad de expresi\u00f3n en Chaco y todos pueden&nbsp; decir lo que se le ocurra\u201d. Sin embargo, aclar\u00f3: \u201cNo establezcamos cuestiones que no existen\u201d.<\/p>\n\n\n\n<p>\u201cHay plena autonom\u00eda e independencia del Poder Judicial\u201d, manifest\u00f3 el gobernador oficialista, en medio de cr\u00edticas por supuestas intervenciones del Poder Ejecutivo en la investigaci\u00f3n. \u201cLo que nosotros hacemos es garantizar el pleno proceso en un Estado de derecho. Cualquier tipo de interpretaci\u00f3n capciosa, malintencionada, eso forma parte de&nbsp;<strong>operaciones&nbsp;<\/strong>o&nbsp;<strong>interpretaciones&nbsp;<\/strong>que no se corresponden con la realidad\u201d, enfatiz\u00f3.<\/p>\n\n\n\n<p>\u201cEste hecho policial repudiable cuenta con un fiscal, que es el responsable de la acci\u00f3n penal, y ratifico que Chaco tiene un sistema de elecci\u00f3n de jueces que se hace por concurso de antecedentes, oposici\u00f3n y audiencia p\u00fablica. Somos la \u00fanica provincia que lo hace. El poder judicial es independiente del poder pol\u00edtico\u201d, explic\u00f3.<\/p>\n\n\n\n<p>Adem\u00e1s, record\u00f3 que en la Secretar\u00eda de Derechos Humanos y de G\u00e9nero de la provincia se constituy\u00f3 como querellante en la causa y pidi\u00f3 la prisi\u00f3n preventiva del clan Sena:<strong>\u201cHay siete detenidos en la causa, la Justicia act\u00faa con contundencia\u201d.<\/strong><\/p>\n\n\n\n<p>Capitanich se preocup\u00f3 por dejar bien en claro que repudia lo ocurrido y pidi\u00f3 que la sociedad sea objetiva. No tengo ninguna denuncia como gobernador. Estoy conmovido por el hecho y&nbsp;<strong>vamos a actuar hasta las \u00faltimas consecuencias\u201d,&nbsp;<\/strong>resalt\u00f3.<\/p>\n\n\n\n<p>En ese sentido, aclar\u00f3 que todos los involucrados en el caso fueron excluidos de las listas del Frente Chaque\u00f1o:&nbsp;<strong>\u201cNo hay ning\u00fan miembro del caso Cecilia en las listas.&nbsp;<\/strong>Los imputados est\u00e1n detenidos y excluidos. Espero que el chaque\u00f1o participe de la elecci\u00f3n y lo haga con objetividad\u201d.<\/p>\n\n\n\n<p>Y con respecto a la relaci\u00f3n que mantiene con la familia se\u00f1alada como culpable por el femicidio, aclar\u00f3:&nbsp;<strong>\u201cCon respecto al tema del padrinazgo de los Sena lo hago con muchas familias porque es un pedido que me hacen las familias y lo hago de forma desinteresada.&nbsp;<\/strong>Tratan de ensuciar una relaci\u00f3n de esas caracter\u00edsticas con el hecho\u201d.<\/p>\n\n\n\n<p>El gobernador tambi\u00e9n intent\u00f3 desentendersedel piquetero al minimizar su influencia pol\u00edtica en la provincia: \u201cTenemos 5000 organizaciones que dan empleo a 30 mil chaque\u00f1os\u201d. Luego, inform\u00f3 que la fundaci\u00f3n Sa\u00fal Acu\u00f1a, que hace pocos d\u00edas recibi\u00f3 140 millones de pesos de parte del gobierno provincial, fue intervenida para asegurar las fuentes de empleo.<\/p>\n\n\n\n<p>\u201cLos Sena tienen un programa de construcci\u00f3n de viviendas y en ese contexto se le asigna un valor al m2 que es la mitad de cualquier otra vivienda. El administrador tendr\u00e1 el objetivo de la rendici\u00f3n de cuentas y el sistema de ejecuci\u00f3n de las obras. No es la \u00fanica organizaci\u00f3n social que recibe fondos. Tenemos un sistema transparente y hay muchos trabajadores que dependen de esas fundaciones\u201d, detall\u00f3.<\/p>\n","protected":false},"excerpt":{"rendered":"<p>El gobernador de Chaco encabez\u00f3 una conferencia de prensa tras votar en las PASO de la provincia, en donde tambi\u00e9n hizo referencia a la relaci\u00f3n del gobierno con la organizaci\u00f3n liderada por Emerenciano Sena. \u201cLos culpables ser\u00e1n castigados con todo el peso de la ley\u201d, asegur\u00f3. El gobernador de Chaco,&nbsp;Jorge Capitanich, se refiri\u00f3 hoy al<a class=\"read-more\" href=\"https:\/\/elfederalmendoza.com.ar\/index.php\/2023\/06\/18\/jorge-capitanich-hablo-sobre-el-femicidio-de-cecilia-strzyzowski-y-afirmo-un-hecho-policial-no-puede-convertirse-en-un-hecho-politico\/\"> [&hellip;]<\/a><\/p>\n","protected":false},"author":2,"featured_media":24190,"comment_status":"open","ping_status":"open","sticky":false,"template":"","format":"standard","meta":{"footnotes":""},"categories":[5618],"tags":[],"class_list":["post-24188","post","type-post","status-publish","format-standard","has-post-thumbnail","hentry","category-arg"],"rttpg_featured_image_url":{"full":["https:\/\/elfederalmendoza.com.ar\/wp-content\/uploads\/2023\/06\/CAPITANICH1.jpg",938,624,false],"landscape":["https:\/\/elfederalmendoza.com.ar\/wp-content\/uploads\/2023\/06\/CAPITANICH1.jpg",938,624,false],"portraits":["https:\/\/elfederalmendoza.com.ar\/wp-content\/uploads\/2023\/06\/CAPITANICH1.jpg",938,624,false],"thumbnail":["https:\/\/elfederalmendoza.com.ar\/wp-content\/uploads\/2023\/06\/CAPITANICH1-150x150.jpg",150,150,true],"medium":["https:\/\/elfederalmendoza.com.ar\/wp-content\/uploads\/2023\/06\/CAPITANICH1-300x200.jpg",300,200,true],"large":["https:\/\/elfederalmendoza.com.ar\/wp-content\/uploads\/2023\/06\/CAPITANICH1.jpg",640,426,false],"1536x1536":["https:\/\/elfederalmendoza.com.ar\/wp-content\/uploads\/2023\/06\/CAPITANICH1.jpg",938,624,false],"2048x2048":["https:\/\/elfederalmendoza.com.ar\/wp-content\/uploads\/2023\/06\/CAPITANICH1.jpg",938,624,false],"ultp_layout_landscape_large":["https:\/\/elfederalmendoza.com.ar\/wp-content\/uploads\/2023\/06\/CAPITANICH1.jpg",938,624,false],"ultp_layout_landscape":["https:\/\/elfederalmendoza.com.ar\/wp-content\/uploads\/2023\/06\/CAPITANICH1-870x570.jpg",870,570,true],"ultp_layout_portrait":["https:\/\/elfederalmendoza.com.ar\/wp-content\/uploads\/2023\/06\/CAPITANICH1-600x624.jpg",600,624,true],"ultp_layout_square":["https:\/\/elfederalmendoza.com.ar\/wp-content\/uploads\/2023\/06\/CAPITANICH1-600x600.jpg",600,600,true],"rpwe-thumbnail":["https:\/\/elfederalmendoza.com.ar\/wp-content\/uploads\/2023\/06\/CAPITANICH1-45x45.jpg",45,45,true],"advps-thumb-one":["https:\/\/elfederalmendoza.com.ar\/wp-content\/uploads\/2023\/06\/CAPITANICH1-938x420.jpg",938,420,true]},"rttpg_author":{"display_name":"Redacci\u00f3n El Federal","author_link":"https:\/\/elfederalmendoza.com.ar\/index.php\/author\/angelflores\/"},"rttpg_comment":0,"rttpg_category":"<a href=\"https:\/\/elfederalmendoza.com.ar\/index.php\/category\/arg\/\" rel=\"category tag\">Argentina<\/a>","rttpg_excerpt":"El gobernador de Chaco encabez\u00f3 una conferencia de prensa tras votar en las PASO de la provincia, en donde tambi\u00e9n hizo referencia a la relaci\u00f3n del gobierno con la organizaci\u00f3n liderada por Emerenciano Sena. \u201cLos culpables ser\u00e1n castigados con todo el peso de la ley\u201d, asegur\u00f3. El gobernador de Chaco,&nbsp;Jorge Capitanich, se refiri\u00f3 hoy al&hellip;","_links":{"self":[{"href":"https:\/\/elfederalmendoza.com.ar\/index.php\/wp-json\/wp\/v2\/posts\/24188","targetHints":{"allow":["GET"]}}],"collection":[{"href":"https:\/\/elfederalmendoza.com.ar\/index.php\/wp-json\/wp\/v2\/posts"}],"about":[{"href":"https:\/\/elfederalmendoza.com.ar\/index.php\/wp-json\/wp\/v2\/types\/post"}],"author":[{"embeddable":true,"href":"https:\/\/elfederalmendoza.com.ar\/index.php\/wp-json\/wp\/v2\/users\/2"}],"replies":[{"embeddable":true,"href":"https:\/\/elfederalmendoza.com.ar\/index.php\/wp-json\/wp\/v2\/comments?post=24188"}],"version-history":[{"count":1,"href":"https:\/\/elfederalmendoza.com.ar\/index.php\/wp-json\/wp\/v2\/posts\/24188\/revisions"}],"predecessor-version":[{"id":24191,"href":"https:\/\/elfederalmendoza.com.ar\/index.php\/wp-json\/wp\/v2\/posts\/24188\/revisions\/24191"}],"wp:featuredmedia":[{"embeddable":true,"href":"https:\/\/elfederalmendoza.com.ar\/index.php\/wp-json\/wp\/v2\/media\/24190"}],"wp:attachment":[{"href":"https:\/\/elfederalmendoza.com.ar\/index.php\/wp-json\/wp\/v2\/media?parent=24188"}],"wp:term":[{"taxonomy":"category","embeddable":true,"href":"https:\/\/elfederalmendoza.com.ar\/index.php\/wp-json\/wp\/v2\/categories?post=24188"},{"taxonomy":"post_tag","embeddable":true,"href":"https:\/\/elfederalmendoza.com.ar\/index.php\/wp-json\/wp\/v2\/tags?post=24188"}],"curies":[{"name":"wp","href":"https:\/\/api.w.org\/{rel}","templated":true}]}}