{"id":24207,"date":"2023-06-19T10:50:47","date_gmt":"2023-06-19T13:50:47","guid":{"rendered":"https:\/\/elfederalmendoza.com\/?p=24207"},"modified":"2023-06-19T10:55:07","modified_gmt":"2023-06-19T13:55:07","slug":"un-sector-del-pj-exige-el-recuento-de-votos-en-las-heras-dice-que-sumaron-votos-suyos-a-los-de-su-rival-en-la-interna","status":"publish","type":"post","link":"https:\/\/elfederalmendoza.com.ar\/index.php\/2023\/06\/19\/un-sector-del-pj-exige-el-recuento-de-votos-en-las-heras-dice-que-sumaron-votos-suyos-a-los-de-su-rival-en-la-interna\/","title":{"rendered":"Un sector del PJ exige el recuento de votos en Las Heras: dice que sumaron votos suyos a los de su rival en la interna"},"content":{"rendered":"\n<p>Carlos Gallo\u00a0fue precandidato a intendente por el\u00a0<strong>Frente Eleg\u00ed\u00a0<\/strong>en<strong>\u00a0Las Heras\u00a0<\/strong>representando la lista 502 C &#8211; F y, en las\u00a0<strong>PASO<\/strong>\u00a0del 11 de junio, qued\u00f3 en el segundo lugar en la interna peronista con 5.224 votos. El primer lugar fue ocupado por Adriana Cano quien obtuvo 5.713 votos, con una diferencia entre ambos precandidatos de tan solo 489 votos.<\/p>\n\n\n\n<p>La diferencia es m\u00ednima y las consecuencias son importantes teniendo en cuenta que Gallo qued\u00f3 eliminado en la carrera para ser candidato a intendente y ese lugar queda en manos de Cano. Es por eso que el precandidato que, a priori, perdi\u00f3 ha solicitado que se realice un recuento en la totalidad de las urnas.<\/p>\n\n\n\n<p>El problema se adjudica a que pueden haber errores a la hora de contar los votos ya que las listas son muy similares, una es la C y la otra la C &#8211; F. Por lo tanto, seg\u00fan explica el jefe regional de\u00a0Anses, \u201cHa habido mucha discusi\u00f3n ese mismo d\u00eda de las elecciones y lo que suced\u00eda muchas veces es que como en la boleta figuraba 512 F y en la planilla usaba F para contabilizar los votos cuando me votaban a m\u00ed a nuestra lista, a la 512 F, contabilizaban un voto para la C y un voto para la F. O sea, hay un voto doble. Y eso tambi\u00e9n est\u00e1 contando, tambi\u00e9n hay diferencias en muchos casos entre la cantidad de votos y la cantidad de votantes\u201d.<\/p>\n\n\n\n<p>La\u00a0<strong>Junta Electoral<\/strong>\u00a0suele abrir las\u00a0urnas\u00a0donde el candidato no haya tenido votos o solo haya tenido a un elector, lo que solicita Gallo es que se revisen todas las urnas porque el\u00a0error\u00a0puede ser constante y generalizado.<\/p>\n\n\n\n<p>\u201cEl objeto final es que la voluntad popular quede expresada en el recuento definitivo, que es lo que esperamos nosotros y es un acto democr\u00e1tico, por lo tanto, estimo que tambi\u00e9n es lo que corresponde y lo que espera la ciudadan\u00eda, que su voluntad haya sido expresada y que en definitiva los candidatos que queden de cara a las elecciones del 24 de septiembre hayan sido los que haya elegido los lasherinos y las lasherinas\u201d cerr\u00f3 Carlos Gallo.<\/p>\n\n\n\n<p><\/p>\n\n\n\n<p><\/p>\n","protected":false},"excerpt":{"rendered":"<p>Carlos Gallo\u00a0fue precandidato a intendente por el\u00a0Frente Eleg\u00ed\u00a0en\u00a0Las Heras\u00a0representando la lista 502 C &#8211; F y, en las\u00a0PASO\u00a0del 11 de junio, qued\u00f3 en el segundo lugar en la interna peronista con 5.224 votos. El primer lugar fue ocupado por Adriana Cano quien obtuvo 5.713 votos, con una diferencia entre ambos precandidatos de tan solo 489<a class=\"read-more\" href=\"https:\/\/elfederalmendoza.com.ar\/index.php\/2023\/06\/19\/un-sector-del-pj-exige-el-recuento-de-votos-en-las-heras-dice-que-sumaron-votos-suyos-a-los-de-su-rival-en-la-interna\/\"> [&hellip;]<\/a><\/p>\n","protected":false},"author":2,"featured_media":24209,"comment_status":"open","ping_status":"open","sticky":false,"template":"","format":"standard","meta":{"footnotes":""},"categories":[1],"tags":[],"class_list":["post-24207","post","type-post","status-publish","format-standard","has-post-thumbnail","hentry","category-mza"],"rttpg_featured_image_url":{"full":["https:\/\/elfederalmendoza.com.ar\/wp-content\/uploads\/2023\/06\/carlos-gallo-ansesjpg.webp",776,675,false],"landscape":["https:\/\/elfederalmendoza.com.ar\/wp-content\/uploads\/2023\/06\/carlos-gallo-ansesjpg.webp",776,675,false],"portraits":["https:\/\/elfederalmendoza.com.ar\/wp-content\/uploads\/2023\/06\/carlos-gallo-ansesjpg.webp",776,675,false],"thumbnail":["https:\/\/elfederalmendoza.com.ar\/wp-content\/uploads\/2023\/06\/carlos-gallo-ansesjpg-150x150.webp",150,150,true],"medium":["https:\/\/elfederalmendoza.com.ar\/wp-content\/uploads\/2023\/06\/carlos-gallo-ansesjpg-300x261.webp",300,261,true],"large":["https:\/\/elfederalmendoza.com.ar\/wp-content\/uploads\/2023\/06\/carlos-gallo-ansesjpg.webp",640,557,false],"1536x1536":["https:\/\/elfederalmendoza.com.ar\/wp-content\/uploads\/2023\/06\/carlos-gallo-ansesjpg.webp",776,675,false],"2048x2048":["https:\/\/elfederalmendoza.com.ar\/wp-content\/uploads\/2023\/06\/carlos-gallo-ansesjpg.webp",776,675,false],"ultp_layout_landscape_large":["https:\/\/elfederalmendoza.com.ar\/wp-content\/uploads\/2023\/06\/carlos-gallo-ansesjpg.webp",776,675,false],"ultp_layout_landscape":["https:\/\/elfederalmendoza.com.ar\/wp-content\/uploads\/2023\/06\/carlos-gallo-ansesjpg-776x570.webp",776,570,true],"ultp_layout_portrait":["https:\/\/elfederalmendoza.com.ar\/wp-content\/uploads\/2023\/06\/carlos-gallo-ansesjpg-600x675.webp",600,675,true],"ultp_layout_square":["https:\/\/elfederalmendoza.com.ar\/wp-content\/uploads\/2023\/06\/carlos-gallo-ansesjpg-600x600.webp",600,600,true],"rpwe-thumbnail":["https:\/\/elfederalmendoza.com.ar\/wp-content\/uploads\/2023\/06\/carlos-gallo-ansesjpg-45x45.webp",45,45,true],"advps-thumb-one":["https:\/\/elfederalmendoza.com.ar\/wp-content\/uploads\/2023\/06\/carlos-gallo-ansesjpg-776x420.webp",776,420,true]},"rttpg_author":{"display_name":"Redacci\u00f3n El Federal","author_link":"https:\/\/elfederalmendoza.com.ar\/index.php\/author\/angelflores\/"},"rttpg_comment":0,"rttpg_category":"<a href=\"https:\/\/elfederalmendoza.com.ar\/index.php\/category\/mza\/\" rel=\"category tag\">Mendoza<\/a>","rttpg_excerpt":"Carlos Gallo\u00a0fue precandidato a intendente por el\u00a0Frente Eleg\u00ed\u00a0en\u00a0Las Heras\u00a0representando la lista 502 C &#8211; F y, en las\u00a0PASO\u00a0del 11 de junio, qued\u00f3 en el segundo lugar en la interna peronista con 5.224 votos. El primer lugar fue ocupado por Adriana Cano quien obtuvo 5.713 votos, con una diferencia entre ambos precandidatos de tan solo 489&hellip;","_links":{"self":[{"href":"https:\/\/elfederalmendoza.com.ar\/index.php\/wp-json\/wp\/v2\/posts\/24207","targetHints":{"allow":["GET"]}}],"collection":[{"href":"https:\/\/elfederalmendoza.com.ar\/index.php\/wp-json\/wp\/v2\/posts"}],"about":[{"href":"https:\/\/elfederalmendoza.com.ar\/index.php\/wp-json\/wp\/v2\/types\/post"}],"author":[{"embeddable":true,"href":"https:\/\/elfederalmendoza.com.ar\/index.php\/wp-json\/wp\/v2\/users\/2"}],"replies":[{"embeddable":true,"href":"https:\/\/elfederalmendoza.com.ar\/index.php\/wp-json\/wp\/v2\/comments?post=24207"}],"version-history":[{"count":3,"href":"https:\/\/elfederalmendoza.com.ar\/index.php\/wp-json\/wp\/v2\/posts\/24207\/revisions"}],"predecessor-version":[{"id":24214,"href":"https:\/\/elfederalmendoza.com.ar\/index.php\/wp-json\/wp\/v2\/posts\/24207\/revisions\/24214"}],"wp:featuredmedia":[{"embeddable":true,"href":"https:\/\/elfederalmendoza.com.ar\/index.php\/wp-json\/wp\/v2\/media\/24209"}],"wp:attachment":[{"href":"https:\/\/elfederalmendoza.com.ar\/index.php\/wp-json\/wp\/v2\/media?parent=24207"}],"wp:term":[{"taxonomy":"category","embeddable":true,"href":"https:\/\/elfederalmendoza.com.ar\/index.php\/wp-json\/wp\/v2\/categories?post=24207"},{"taxonomy":"post_tag","embeddable":true,"href":"https:\/\/elfederalmendoza.com.ar\/index.php\/wp-json\/wp\/v2\/tags?post=24207"}],"curies":[{"name":"wp","href":"https:\/\/api.w.org\/{rel}","templated":true}]}}