{"id":24215,"date":"2023-06-19T10:58:37","date_gmt":"2023-06-19T13:58:37","guid":{"rendered":"https:\/\/elfederalmendoza.com\/?p=24215"},"modified":"2023-06-19T11:48:56","modified_gmt":"2023-06-19T14:48:56","slug":"si-se-repiten-los-resultados-de-las-paso-en-mendoza-el-peronismo-sufriria-una-sangria-historica","status":"publish","type":"post","link":"https:\/\/elfederalmendoza.com.ar\/index.php\/2023\/06\/19\/si-se-repiten-los-resultados-de-las-paso-en-mendoza-el-peronismo-sufriria-una-sangria-historica\/","title":{"rendered":"Si se repiten los resultados de las PASO en Mendoza, el peronismo sufrir\u00eda una sangr\u00eda hist\u00f3rica en la Legislatura\u00a0"},"content":{"rendered":"\n<p><strong>Cambia Mendoza<\/strong>&nbsp;(CM) incrementar\u00e1 su poder en la Legislatura provincial,&nbsp;<strong>La Uni\u00f3n Mendocina<\/strong>&nbsp;(LUM) sumar\u00e1 m\u00e1s diputados y senadores y el&nbsp;<strong>peronismo<\/strong>, si bien seguir\u00e1 siendo la primera minor\u00eda, sufrir\u00e1 una fuerte sangr\u00eda en ambas c\u00e1maras. Ese es el hipot\u00e9tico escenario que surge de trasladar el resultado provisorio de las&nbsp;<strong>Primarias, Abiertas, Simult\u00e1neas y Obligatorias (PASO)&nbsp;<\/strong>del domingo pasado a la elecci\u00f3n general del 24 de septiembre pr\u00f3ximo.<\/p>\n\n\n\n<p>Las PASO no s\u00f3lo definieron los candidatos que competir\u00e1n en la elecci\u00f3n general por la renovaci\u00f3n de la mitad de la c\u00e1mara de Diputados y del Senado.\u00a0<mark>Tambi\u00e9n marcaron una tendencia<\/mark>\u00a0que permiten proyectar qu\u00e9 cantidad de legisladores tendr\u00e1n las tres fuerzas pol\u00edticas que pondr\u00e1n bancas en juego.<\/p>\n\n\n\n<p>La C\u00e1mara de Diputados est\u00e1 conformada por 48 legisladores y en septiembre se renovar\u00e1n 24 bancas. Entre radicales y aliados,&nbsp;<mark>CM tiene actualmente 25 diputados<\/mark>, justo la mitad m\u00e1s uno del cuerpo, necesaria para obtener qu\u00f3rum para sesionar y aprobar la mayor\u00eda de las normas.<\/p>\n\n\n\n<p>El oficialismo arriesga 11 esca\u00f1os, pero puede estar tranquilo. Seg\u00fan un c\u00e1lculo preliminar, ganar\u00e1 cuatro m\u00e1s.\u00a0<mark>Es decir que podr\u00eda llegar a 29 diputados propios.<\/mark><\/p>\n\n\n\n<p>Si en las elecciones generales se repiten los resultados de las Primarias,&nbsp;<strong>Omar de Marchi<\/strong>&nbsp;tendr\u00e1 un bloque de 7 diputados en la Legislatura. LUM puso en juego 3 bancas y se quedar\u00eda con 5: una ganancia de 2 esca\u00f1os, que no le alcanza para convertirse en la primera minor\u00eda,&nbsp;<mark>pese al fuerte retroceso del PJ.<\/mark><\/p>\n\n\n\n<p>Esos seis potenciales lugares en la C\u00e1mara baja que ganar\u00e1n CM (+4) y LUM (+2)\u00a0<mark>son los mismos que perder\u00e1 el peronismo<\/mark>. En caso de reiterar en septiembre el magro 16% que obtuvo en las PASO, el bloque del Frente de Todos s\u00f3lo podr\u00e1 retener 4 de las 10 bancas que compromete y quedar\u00e1 en 11.<\/p>\n\n\n\n<p>En el&nbsp;<strong>Senado&nbsp;<\/strong>se renovar\u00e1n 19 de sus 38 bancas. CM tiene actualmente 20 miembros y, con el resultado de las PASO, sumar\u00eda uno m\u00e1s, a 21. De esta manera mantendr\u00e1 la mayor\u00eda.<\/p>\n\n\n\n<p>En tanto, el PJ, que hoy tiene 14 integrantes, caer\u00eda a 10. Mientras que LUM sumar\u00eda tres bancas para llegar a 7.<\/p>\n\n\n\n<h2 class=\"wp-block-heading\" id=\"h-el-bloque-petri\">El bloque Petri<\/h2>\n\n\n\n<p>Gracias a su gran elecci\u00f3n,\u00a0<strong>Luis Petri<\/strong>\u00a0logr\u00f3 colar a varios candidatos en las listas definitivas del actual oficialismo para la Legislatura. Y en caso de ratificarse en septiembre los resultados de las PASO, el exdiputado nacional -que confirm\u00f3 su pertenencia a CM- contar\u00e1 con bloques propios en ambas c\u00e1maras, conformados por cuatro diputados (<strong>Alberto L\u00f3pez, Ra\u00fal Villach, Mar\u00eda Eugenia De Marchi y Lucas Villar<\/strong>) y tres senadores (<strong>Oscar Sevilla, Mar\u00eda Gali\u00f1ares y Diego Arenas<\/strong>).<\/p>\n\n\n\n<p>La ley de las PASO establece que depender\u00e1 de cada frente pol\u00edtico qu\u00e9 sistema usar\u00e1 para conformar las listas definitivas de concejales o legisladores. En el caso de CM, hab\u00eda que superar el umbral del 25% que determina el esquema de mayor\u00edas y minor\u00edas.&nbsp;<mark>La lista de Petri alcanz\u00f3 casi el 40% en la interna<\/mark>, por lo que sus postulantes quedaron en tercer lugar para el Senado y Diputados, con chances reales de ser electos en las generales.<\/p>\n\n\n\n<p>Desde LUM se hicieron eco del fen\u00f3meno electoral e impulsaron un proyecto de ley para que los partidos pol\u00edticos est\u00e9n obligados a aplicar el sistema de proporcionalidad D\u2019Hondt.\u00a0<em>\u201cEs el m\u00e1s justo para la distribuci\u00f3n de las bancas legislativas, pues las adjudica en funci\u00f3n directa de la cantidad de votos que efectivamente obtenga cada lista, sin distorsiones artificiales producto de la implementaci\u00f3n de sistemas como el de mayor\u00eda y minor\u00eda\u201d<\/em>, destaca la iniciativa del actual diputado Gustavo Cairo.<\/p>\n\n\n\n<p>En concreto, se propone una modificaci\u00f3n del primer p\u00e1rrafo del art\u00edculo 17 de la ley electoral.&nbsp;<em>\u201cPara la adjudicaci\u00f3n de bancas de candidatos legislativos, ser\u00e1 obligatorio para las agrupaciones pol\u00edticas aplicar el sistema electoral proporcional, denominado D\u2019Hondt\u201d<\/em>, es el agregado impulsado por el legislador demarchista.<\/p>\n\n\n\n<h2 class=\"wp-block-heading\" id=\"h-sistema-d-hondt\">Sistema D\u2019Hondt<\/h2>\n\n\n\n<p>El sistema para distribuir las bancas en ambas c\u00e1maras legislativas fue ideado por el jurista belga&nbsp;<strong>V\u00edctor D\u2019Hondt<\/strong>&nbsp;en 1878 y se us\u00f3 por primera vez en la Argentina en 1957.<br>Consiste en una compleja f\u00f3rmula matem\u00e1tica para obtener promedios mayores entre los votos totales de cada fuerza pol\u00edtica y los cargos en juego.<\/p>\n\n\n\n<p>Como en todos los esquemas proporcionales, en el sistema D\u2019Hondt hay alg\u00fan tipo de distorsi\u00f3n. Las claves de la f\u00f3rmula electoral que actualmente se emplea en decenas de pa\u00edses son:<\/p>\n\n\n\n<ul class=\"wp-block-list\">\n<li>Se descartan a todas las listas que no superan el 3 por ciento del padr\u00f3n de un distrito.<\/li>\n\n\n\n<li>Se divide la cantidad de sufragios de cada lista de acuerdo al n\u00famero de bancas en juego.<\/li>\n\n\n\n<li>Los resultados obtenidos se ordenan de mayor a menor y se asignan a los bancas en base a los resultados m\u00e1s altos hasta que se acaben.<\/li>\n<\/ul>\n","protected":false},"excerpt":{"rendered":"<p>Cambia Mendoza&nbsp;(CM) incrementar\u00e1 su poder en la Legislatura provincial,&nbsp;La Uni\u00f3n Mendocina&nbsp;(LUM) sumar\u00e1 m\u00e1s diputados y senadores y el&nbsp;peronismo, si bien seguir\u00e1 siendo la primera minor\u00eda, sufrir\u00e1 una fuerte sangr\u00eda en ambas c\u00e1maras. Ese es el hipot\u00e9tico escenario que surge de trasladar el resultado provisorio de las&nbsp;Primarias, Abiertas, Simult\u00e1neas y Obligatorias (PASO)&nbsp;del domingo pasado a la<a class=\"read-more\" href=\"https:\/\/elfederalmendoza.com.ar\/index.php\/2023\/06\/19\/si-se-repiten-los-resultados-de-las-paso-en-mendoza-el-peronismo-sufriria-una-sangria-historica\/\"> [&hellip;]<\/a><\/p>\n","protected":false},"author":2,"featured_media":24217,"comment_status":"open","ping_status":"open","sticky":false,"template":"","format":"standard","meta":{"footnotes":""},"categories":[1],"tags":[],"class_list":["post-24215","post","type-post","status-publish","format-standard","has-post-thumbnail","hentry","category-mza"],"rttpg_featured_image_url":{"full":["https:\/\/elfederalmendoza.com.ar\/wp-content\/uploads\/2023\/06\/LEGISLATURA_SENADO_-galdame-6-scaled.jpg",2560,1707,false],"landscape":["https:\/\/elfederalmendoza.com.ar\/wp-content\/uploads\/2023\/06\/LEGISLATURA_SENADO_-galdame-6-scaled.jpg",2560,1707,false],"portraits":["https:\/\/elfederalmendoza.com.ar\/wp-content\/uploads\/2023\/06\/LEGISLATURA_SENADO_-galdame-6-scaled.jpg",2560,1707,false],"thumbnail":["https:\/\/elfederalmendoza.com.ar\/wp-content\/uploads\/2023\/06\/LEGISLATURA_SENADO_-galdame-6-150x150.jpg",150,150,true],"medium":["https:\/\/elfederalmendoza.com.ar\/wp-content\/uploads\/2023\/06\/LEGISLATURA_SENADO_-galdame-6-300x200.jpg",300,200,true],"large":["https:\/\/elfederalmendoza.com.ar\/wp-content\/uploads\/2023\/06\/LEGISLATURA_SENADO_-galdame-6-1024x683.jpg",640,427,true],"1536x1536":["https:\/\/elfederalmendoza.com.ar\/wp-content\/uploads\/2023\/06\/LEGISLATURA_SENADO_-galdame-6-1536x1024.jpg",1536,1024,true],"2048x2048":["https:\/\/elfederalmendoza.com.ar\/wp-content\/uploads\/2023\/06\/LEGISLATURA_SENADO_-galdame-6-2048x1366.jpg",2048,1366,true],"ultp_layout_landscape_large":["https:\/\/elfederalmendoza.com.ar\/wp-content\/uploads\/2023\/06\/LEGISLATURA_SENADO_-galdame-6-1200x800.jpg",1200,800,true],"ultp_layout_landscape":["https:\/\/elfederalmendoza.com.ar\/wp-content\/uploads\/2023\/06\/LEGISLATURA_SENADO_-galdame-6-870x570.jpg",870,570,true],"ultp_layout_portrait":["https:\/\/elfederalmendoza.com.ar\/wp-content\/uploads\/2023\/06\/LEGISLATURA_SENADO_-galdame-6-600x900.jpg",600,900,true],"ultp_layout_square":["https:\/\/elfederalmendoza.com.ar\/wp-content\/uploads\/2023\/06\/LEGISLATURA_SENADO_-galdame-6-600x600.jpg",600,600,true],"rpwe-thumbnail":["https:\/\/elfederalmendoza.com.ar\/wp-content\/uploads\/2023\/06\/LEGISLATURA_SENADO_-galdame-6-45x45.jpg",45,45,true],"advps-thumb-one":["https:\/\/elfederalmendoza.com.ar\/wp-content\/uploads\/2023\/06\/LEGISLATURA_SENADO_-galdame-6-1200x420.jpg",1200,420,true]},"rttpg_author":{"display_name":"Redacci\u00f3n El Federal","author_link":"https:\/\/elfederalmendoza.com.ar\/index.php\/author\/angelflores\/"},"rttpg_comment":0,"rttpg_category":"<a href=\"https:\/\/elfederalmendoza.com.ar\/index.php\/category\/mza\/\" rel=\"category tag\">Mendoza<\/a>","rttpg_excerpt":"Cambia Mendoza&nbsp;(CM) incrementar\u00e1 su poder en la Legislatura provincial,&nbsp;La Uni\u00f3n Mendocina&nbsp;(LUM) sumar\u00e1 m\u00e1s diputados y senadores y el&nbsp;peronismo, si bien seguir\u00e1 siendo la primera minor\u00eda, sufrir\u00e1 una fuerte sangr\u00eda en ambas c\u00e1maras. Ese es el hipot\u00e9tico escenario que surge de trasladar el resultado provisorio de las&nbsp;Primarias, Abiertas, Simult\u00e1neas y Obligatorias (PASO)&nbsp;del domingo pasado a la&hellip;","_links":{"self":[{"href":"https:\/\/elfederalmendoza.com.ar\/index.php\/wp-json\/wp\/v2\/posts\/24215","targetHints":{"allow":["GET"]}}],"collection":[{"href":"https:\/\/elfederalmendoza.com.ar\/index.php\/wp-json\/wp\/v2\/posts"}],"about":[{"href":"https:\/\/elfederalmendoza.com.ar\/index.php\/wp-json\/wp\/v2\/types\/post"}],"author":[{"embeddable":true,"href":"https:\/\/elfederalmendoza.com.ar\/index.php\/wp-json\/wp\/v2\/users\/2"}],"replies":[{"embeddable":true,"href":"https:\/\/elfederalmendoza.com.ar\/index.php\/wp-json\/wp\/v2\/comments?post=24215"}],"version-history":[{"count":2,"href":"https:\/\/elfederalmendoza.com.ar\/index.php\/wp-json\/wp\/v2\/posts\/24215\/revisions"}],"predecessor-version":[{"id":24228,"href":"https:\/\/elfederalmendoza.com.ar\/index.php\/wp-json\/wp\/v2\/posts\/24215\/revisions\/24228"}],"wp:featuredmedia":[{"embeddable":true,"href":"https:\/\/elfederalmendoza.com.ar\/index.php\/wp-json\/wp\/v2\/media\/24217"}],"wp:attachment":[{"href":"https:\/\/elfederalmendoza.com.ar\/index.php\/wp-json\/wp\/v2\/media?parent=24215"}],"wp:term":[{"taxonomy":"category","embeddable":true,"href":"https:\/\/elfederalmendoza.com.ar\/index.php\/wp-json\/wp\/v2\/categories?post=24215"},{"taxonomy":"post_tag","embeddable":true,"href":"https:\/\/elfederalmendoza.com.ar\/index.php\/wp-json\/wp\/v2\/tags?post=24215"}],"curies":[{"name":"wp","href":"https:\/\/api.w.org\/{rel}","templated":true}]}}