{"id":24222,"date":"2023-06-19T11:37:52","date_gmt":"2023-06-19T14:37:52","guid":{"rendered":"https:\/\/elfederalmendoza.com\/?p=24222"},"modified":"2023-06-19T11:37:52","modified_gmt":"2023-06-19T14:37:52","slug":"detienen-en-las-heras-a-un-hombre-que-violaba-a-su-hijastra-y-lo-transmitia-en-vivo-por-redes-sociales","status":"publish","type":"post","link":"https:\/\/elfederalmendoza.com.ar\/index.php\/2023\/06\/19\/detienen-en-las-heras-a-un-hombre-que-violaba-a-su-hijastra-y-lo-transmitia-en-vivo-por-redes-sociales\/","title":{"rendered":"Detienen en Las Heras a un hombre que violaba a su hijastra y lo transmit\u00eda en vivo por redes sociales"},"content":{"rendered":"\n<p>Un hombre que abusaba sexualmente de su&nbsp;<strong>hijastra<\/strong>&nbsp;menor de edad y lo transmit\u00eda en vivo por internet qued\u00f3 con prisi\u00f3n preventiva en&nbsp;<strong>Las Heras<\/strong>. El sujeto hab\u00eda sido&nbsp;<strong>detenido<\/strong>&nbsp;el pasado 26 de abril y, gracias a las nuevas pruebas, la jueza Amalia Yornet consider\u00f3 que el sospechoso deb\u00eda permanecer en prisi\u00f3n mientras sigue desarroll\u00e1ndose la investigaci\u00f3n.<\/p>\n\n\n\n<p>La invetigaci\u00f3n inici\u00f3 cuando la menor de edad cont\u00f3 a la maestra y la vicedirectora de la escuela que sufr\u00eda&nbsp;<strong>abusos sexuales<\/strong>&nbsp;por parte de su padrastro, un t\u00e9cnico de computadoras que estaba de novio con su mam\u00e1, en&nbsp;<strong>Las Heras<\/strong>. La versi\u00f3n fue confirmada en entrevistas preliminares y en c\u00e1mara Gesell.<\/p>\n\n\n\n<p>La acusaci\u00f3n se\u00f1ala que los hechos se produjeron entre mayo de 2018 y 2021, cuando la ni\u00f1a ten\u00eda entre 9 y 11 a\u00f1os, en el barrio Tamarindos. All\u00ed viv\u00eda la ni\u00f1a con su madre y el novio de ella, un hombre de 39 a\u00f1os. La madre trabajaba como empleada de limpieza y el sujeto quedaba a solas con la ni\u00f1a, inform\u00f3&nbsp;<em>Diario Uno<\/em>.<\/p>\n\n\n\n<p>Los\u00a0<strong>abusos<\/strong>\u00a0comenzaron siendo tocamientos y terminaron en\u00a0<strong>violaciones<\/strong>\u00a0con acceso carnal. La v\u00edctima relat\u00f3 que el hombre la atacaba en una pieza <strong>con una computadora que ten\u00eda una c\u00e1mara encendida. En las sesiones en vivo, los espectadores le preguntaban al hombre qui\u00e9n era la ni\u00f1a y \u00e9l contestaba que era su novia. Adem\u00e1s, la v\u00edctima cont\u00f3 que su padrastro cobraba por esos videos.<\/strong><\/p>\n\n\n\n<figure class=\"wp-block-image is-resized\"><img loading=\"lazy\" decoding=\"async\" src=\"https:\/\/www.mendozapost.com\/files\/image\/439\/439709\/638c872fe39f2_570_319!.jpg?s=aaefd69a3c744e91b3b65e74ac0608c6&amp;d=1687171532\" alt=\"\" width=\"837\" height=\"468\"\/><figcaption class=\"wp-element-caption\">El hombre habr\u00eda abusado de su hijastra cuando la madre se iba a trabajar.<\/figcaption><\/figure>\n\n\n\n<p>Para que no contara los&nbsp;<strong>abusos<\/strong>, el hombre habr\u00eda amenazado a la ni\u00f1a con que su madre iba a terminar presa si lo hac\u00eda.&nbsp;<\/p>\n\n\n\n<p>El Cuerpo M\u00e9dico Forense (CMF) hall\u00f3 lesiones en las partes \u00edntimas de la v\u00edctima. Otra de las pruebas es que, a nivel psicol\u00f3gico, la menor tiene <strong>\u00absignos de madurez psicosexual<\/strong>\u00ab, adem\u00e1s de pesadillas, angustia y sonambulismo.<\/p>\n\n\n\n<p>El hombre de 39 a\u00f1os est\u00e1 imputado por&nbsp;<strong>abuso sexual<\/strong>&nbsp;simple, gravemente ultrajante, con acceso carnal, corrupci\u00f3n de menores y producci\u00f3n de material de abuso sexual infantil; todo agravado por su relaci\u00f3n y la edad de la v\u00edctima.<\/p>\n\n\n\n<figure class=\"wp-block-image is-resized\"><img loading=\"lazy\" decoding=\"async\" src=\"https:\/\/www.mendozapost.com\/files\/image\/318\/318643\/6125978511e6e_570_320!.jpg?s=9523041e659952fcb333a4584a77d38a&amp;d=1638235333\" alt=\"\" width=\"838\" height=\"470\"\/><figcaption class=\"wp-element-caption\">La denuncia de la v\u00edctima se\u00f1ala que los abusos ocurrieron entre 2018 y 2021. La ni\u00f1a se los cont\u00f3 a la maestra y a la vicedirectora de su escuela.<\/figcaption><\/figure>\n\n\n\n<p><strong>Los tel\u00e9fonos y computadoras secuestradas al sospechoso podr\u00edan arrojar en los pr\u00f3ximos d\u00edas pruebas clave para la Fiscal\u00eda de Delitos Sexuales<\/strong>, inform\u00f3 el mismo medio. El informe de extracci\u00f3n de informaci\u00f3n podr\u00eda revelar los videos que presuntamente eran grabados por el imputado.<\/p>\n","protected":false},"excerpt":{"rendered":"<p>Un hombre que abusaba sexualmente de su&nbsp;hijastra&nbsp;menor de edad y lo transmit\u00eda en vivo por internet qued\u00f3 con prisi\u00f3n preventiva en&nbsp;Las Heras. El sujeto hab\u00eda sido&nbsp;detenido&nbsp;el pasado 26 de abril y, gracias a las nuevas pruebas, la jueza Amalia Yornet consider\u00f3 que el sospechoso deb\u00eda permanecer en prisi\u00f3n mientras sigue desarroll\u00e1ndose la investigaci\u00f3n. La invetigaci\u00f3n<a class=\"read-more\" href=\"https:\/\/elfederalmendoza.com.ar\/index.php\/2023\/06\/19\/detienen-en-las-heras-a-un-hombre-que-violaba-a-su-hijastra-y-lo-transmitia-en-vivo-por-redes-sociales\/\"> [&hellip;]<\/a><\/p>\n","protected":false},"author":2,"featured_media":24224,"comment_status":"open","ping_status":"open","sticky":false,"template":"","format":"standard","meta":{"footnotes":""},"categories":[1],"tags":[],"class_list":["post-24222","post","type-post","status-publish","format-standard","has-post-thumbnail","hentry","category-mza"],"rttpg_featured_image_url":{"full":["https:\/\/elfederalmendoza.com.ar\/wp-content\/uploads\/2023\/06\/pdi1.jpg",1344,646,false],"landscape":["https:\/\/elfederalmendoza.com.ar\/wp-content\/uploads\/2023\/06\/pdi1.jpg",1344,646,false],"portraits":["https:\/\/elfederalmendoza.com.ar\/wp-content\/uploads\/2023\/06\/pdi1.jpg",1344,646,false],"thumbnail":["https:\/\/elfederalmendoza.com.ar\/wp-content\/uploads\/2023\/06\/pdi1-150x150.jpg",150,150,true],"medium":["https:\/\/elfederalmendoza.com.ar\/wp-content\/uploads\/2023\/06\/pdi1-300x144.jpg",300,144,true],"large":["https:\/\/elfederalmendoza.com.ar\/wp-content\/uploads\/2023\/06\/pdi1-1024x492.jpg",640,308,true],"1536x1536":["https:\/\/elfederalmendoza.com.ar\/wp-content\/uploads\/2023\/06\/pdi1.jpg",1344,646,false],"2048x2048":["https:\/\/elfederalmendoza.com.ar\/wp-content\/uploads\/2023\/06\/pdi1.jpg",1344,646,false],"ultp_layout_landscape_large":["https:\/\/elfederalmendoza.com.ar\/wp-content\/uploads\/2023\/06\/pdi1-1200x646.jpg",1200,646,true],"ultp_layout_landscape":["https:\/\/elfederalmendoza.com.ar\/wp-content\/uploads\/2023\/06\/pdi1-870x570.jpg",870,570,true],"ultp_layout_portrait":["https:\/\/elfederalmendoza.com.ar\/wp-content\/uploads\/2023\/06\/pdi1-600x646.jpg",600,646,true],"ultp_layout_square":["https:\/\/elfederalmendoza.com.ar\/wp-content\/uploads\/2023\/06\/pdi1-600x600.jpg",600,600,true],"rpwe-thumbnail":["https:\/\/elfederalmendoza.com.ar\/wp-content\/uploads\/2023\/06\/pdi1-45x45.jpg",45,45,true],"advps-thumb-one":["https:\/\/elfederalmendoza.com.ar\/wp-content\/uploads\/2023\/06\/pdi1-1200x420.jpg",1200,420,true]},"rttpg_author":{"display_name":"Redacci\u00f3n El Federal","author_link":"https:\/\/elfederalmendoza.com.ar\/index.php\/author\/angelflores\/"},"rttpg_comment":0,"rttpg_category":"<a href=\"https:\/\/elfederalmendoza.com.ar\/index.php\/category\/mza\/\" rel=\"category tag\">Mendoza<\/a>","rttpg_excerpt":"Un hombre que abusaba sexualmente de su&nbsp;hijastra&nbsp;menor de edad y lo transmit\u00eda en vivo por internet qued\u00f3 con prisi\u00f3n preventiva en&nbsp;Las Heras. El sujeto hab\u00eda sido&nbsp;detenido&nbsp;el pasado 26 de abril y, gracias a las nuevas pruebas, la jueza Amalia Yornet consider\u00f3 que el sospechoso deb\u00eda permanecer en prisi\u00f3n mientras sigue desarroll\u00e1ndose la investigaci\u00f3n. La invetigaci\u00f3n&hellip;","_links":{"self":[{"href":"https:\/\/elfederalmendoza.com.ar\/index.php\/wp-json\/wp\/v2\/posts\/24222","targetHints":{"allow":["GET"]}}],"collection":[{"href":"https:\/\/elfederalmendoza.com.ar\/index.php\/wp-json\/wp\/v2\/posts"}],"about":[{"href":"https:\/\/elfederalmendoza.com.ar\/index.php\/wp-json\/wp\/v2\/types\/post"}],"author":[{"embeddable":true,"href":"https:\/\/elfederalmendoza.com.ar\/index.php\/wp-json\/wp\/v2\/users\/2"}],"replies":[{"embeddable":true,"href":"https:\/\/elfederalmendoza.com.ar\/index.php\/wp-json\/wp\/v2\/comments?post=24222"}],"version-history":[{"count":1,"href":"https:\/\/elfederalmendoza.com.ar\/index.php\/wp-json\/wp\/v2\/posts\/24222\/revisions"}],"predecessor-version":[{"id":24225,"href":"https:\/\/elfederalmendoza.com.ar\/index.php\/wp-json\/wp\/v2\/posts\/24222\/revisions\/24225"}],"wp:featuredmedia":[{"embeddable":true,"href":"https:\/\/elfederalmendoza.com.ar\/index.php\/wp-json\/wp\/v2\/media\/24224"}],"wp:attachment":[{"href":"https:\/\/elfederalmendoza.com.ar\/index.php\/wp-json\/wp\/v2\/media?parent=24222"}],"wp:term":[{"taxonomy":"category","embeddable":true,"href":"https:\/\/elfederalmendoza.com.ar\/index.php\/wp-json\/wp\/v2\/categories?post=24222"},{"taxonomy":"post_tag","embeddable":true,"href":"https:\/\/elfederalmendoza.com.ar\/index.php\/wp-json\/wp\/v2\/tags?post=24222"}],"curies":[{"name":"wp","href":"https:\/\/api.w.org\/{rel}","templated":true}]}}