{"id":24235,"date":"2023-06-19T12:43:03","date_gmt":"2023-06-19T15:43:03","guid":{"rendered":"https:\/\/elfederalmendoza.com\/?p=24235"},"modified":"2023-06-19T12:45:13","modified_gmt":"2023-06-19T15:45:13","slug":"descubrieron-a-un-papu-gomez-relajado-en-mendoza","status":"publish","type":"post","link":"https:\/\/elfederalmendoza.com.ar\/index.php\/2023\/06\/19\/descubrieron-a-un-papu-gomez-relajado-en-mendoza\/","title":{"rendered":"Descubrieron a un \u00abPapu\u00bb G\u00f3mez muy relajado en Mendoza"},"content":{"rendered":"\n<p>El posteo del&nbsp;<strong>Papu&nbsp;<\/strong>en su espacio personal de Instagram<strong> fue escueto<\/strong>: solo subi\u00f3 una foto a su feed en la que se encuentran disfrutando del sol y muy relajados \u00c9l, su esposa y un grupo de amigos en Mendoza. Sin embargo el fanatismo que produjo su presencia en la provincia del Oeste hizo que trascienda el dato.&nbsp;<\/p>\n\n\n\n<p><strong>MDZ<\/strong>&nbsp;estuvo con el jugador en los dominios de Alejandro Vigil y Mar\u00eda Sance, en Maip\u00fa, y descubri\u00f3 que el jugador est\u00e1 totalmente relajado y en clave de disfrute. \u00abSi est\u00e1 amargado o en su interior tiene ganas de estar con la&nbsp;Selecci\u00f3n en Asia, no lo demuestra\u00bb, coment\u00f3 un fan\u00e1tico que le pidi\u00f3 una selfie.<\/p>\n\n\n\n<p>Fue en Chachingo donde el Papu se sac\u00f3 fotos y almorz\u00f3 el domingo 18 de junio. Si quer\u00e9s saber m\u00e1s de ese momento,&nbsp;<a href=\"https:\/\/www.mdzol.com\/estilo\/2023\/6\/18\/el-papu-gomez-esta-en-mendoza-te-contamos-donde-haciendo-que-346530.html\" target=\"_blank\" rel=\"noreferrer noopener\">hac\u00e9 click aqu\u00ed<\/a>.&nbsp;&nbsp;<\/p>\n\n\n\n<figure class=\"wp-block-image\"><img decoding=\"async\" src=\"https:\/\/www.mdzol.com\/u\/fotografias\/m\/2023\/6\/19\/f768x1036-1429082_1542764_5050.png\" alt=\"\"\/><figcaption class=\"wp-element-caption\">EL POSTEO EN EL FEED DEL INSTAGRAM DEL PAPU G\u00d3MEZ.<\/figcaption><\/figure>\n\n\n\n<p>Hace un par de d\u00edas, el&nbsp;<strong>Papu&nbsp;<\/strong>fue noticia porque Leandro Paredes explic\u00f3 con detalles una de las c\u00e1balas m\u00e1s grandes de un grupo de jugadores de la Selecci\u00f3n Argentina, que Alejandro G\u00f3mez cumpl\u00eda a rajatabla cuando era parte.<\/p>\n\n\n\n<p>Se sabe que la Selecci\u00f3n Argentina&nbsp;tiene muchos rituales y los muchachos son muy cabuleros. Paredes se refiri\u00f3 a una costumbre espec\u00edfica:&nbsp;la de los caramelos.&nbsp;<\/p>\n\n\n\n<p>\u00abHace bastante que, justo antes de un partido, se nos dio por comer caramelos Sugus a Rodrigo De Paul, al&nbsp;<strong>Papu G\u00f3mez<\/strong>&nbsp;y a m\u00ed. Cuando salimos a la cancha antes del calentamiento, estuvimos comiendo caramelitos de esa marca; luego ganamos y por supuesto decidimos seguir haci\u00e9ndolo\u00bb, explic\u00f3 Leandro.&nbsp;&nbsp;<\/p>\n\n\n\n<p>La c\u00e1bala, detallaba Paredes, tiene especificaciones: los caramelos son contados para que los jugadores coman siempre la misma cantidad. En el caso de Leandro, son siete: tres de lim\u00f3n -amarillos- y cuatro de anan\u00e1 -azules-.&nbsp;\u201cLos utileros ya la conocen y se aseguran de agarrar unos Sugus para traernos antes de cada partido\u00bb, asegur\u00f3.<\/p>\n\n\n\n<figure class=\"wp-block-image is-resized\"><img loading=\"lazy\" decoding=\"async\" src=\"https:\/\/www.mdzol.com\/u\/fotografias\/m\/2023\/6\/19\/f768x1234-1429081_1564486_5050.png\" alt=\"\" width=\"836\" height=\"1343\"\/><figcaption class=\"wp-element-caption\">PAPU G\u00d3MEZ EN CASA VIGIL DE CHACHINGO, MAIP\u00da.<\/figcaption><\/figure>\n\n\n\n<p>Ahora el&nbsp;<strong>Papu G\u00f3mez<\/strong>&nbsp;ya no ser\u00e1 m\u00e1s parte de ese rito, pues al finalizar el Mundial de Qatar 2022 ya no fue convocado por Scaloni para ser parte de la Selecci\u00f3n Argentina, donde fue parte de 17 partidos y 3 goles desde que debut\u00f3 en 2017.<\/p>\n","protected":false},"excerpt":{"rendered":"<p>El posteo del&nbsp;Papu&nbsp;en su espacio personal de Instagram fue escueto: solo subi\u00f3 una foto a su feed en la que se encuentran disfrutando del sol y muy relajados \u00c9l, su esposa y un grupo de amigos en Mendoza. Sin embargo el fanatismo que produjo su presencia en la provincia del Oeste hizo que trascienda el<a class=\"read-more\" href=\"https:\/\/elfederalmendoza.com.ar\/index.php\/2023\/06\/19\/descubrieron-a-un-papu-gomez-relajado-en-mendoza\/\"> [&hellip;]<\/a><\/p>\n","protected":false},"author":2,"featured_media":24237,"comment_status":"open","ping_status":"open","sticky":false,"template":"","format":"standard","meta":{"footnotes":""},"categories":[1],"tags":[],"class_list":["post-24235","post","type-post","status-publish","format-standard","has-post-thumbnail","hentry","category-mza"],"rttpg_featured_image_url":{"full":["https:\/\/elfederalmendoza.com.ar\/wp-content\/uploads\/2023\/06\/papu-gomez.jpg",986,647,false],"landscape":["https:\/\/elfederalmendoza.com.ar\/wp-content\/uploads\/2023\/06\/papu-gomez.jpg",986,647,false],"portraits":["https:\/\/elfederalmendoza.com.ar\/wp-content\/uploads\/2023\/06\/papu-gomez.jpg",986,647,false],"thumbnail":["https:\/\/elfederalmendoza.com.ar\/wp-content\/uploads\/2023\/06\/papu-gomez-150x150.jpg",150,150,true],"medium":["https:\/\/elfederalmendoza.com.ar\/wp-content\/uploads\/2023\/06\/papu-gomez-300x197.jpg",300,197,true],"large":["https:\/\/elfederalmendoza.com.ar\/wp-content\/uploads\/2023\/06\/papu-gomez.jpg",640,420,false],"1536x1536":["https:\/\/elfederalmendoza.com.ar\/wp-content\/uploads\/2023\/06\/papu-gomez.jpg",986,647,false],"2048x2048":["https:\/\/elfederalmendoza.com.ar\/wp-content\/uploads\/2023\/06\/papu-gomez.jpg",986,647,false],"ultp_layout_landscape_large":["https:\/\/elfederalmendoza.com.ar\/wp-content\/uploads\/2023\/06\/papu-gomez.jpg",986,647,false],"ultp_layout_landscape":["https:\/\/elfederalmendoza.com.ar\/wp-content\/uploads\/2023\/06\/papu-gomez-870x570.jpg",870,570,true],"ultp_layout_portrait":["https:\/\/elfederalmendoza.com.ar\/wp-content\/uploads\/2023\/06\/papu-gomez-600x647.jpg",600,647,true],"ultp_layout_square":["https:\/\/elfederalmendoza.com.ar\/wp-content\/uploads\/2023\/06\/papu-gomez-600x600.jpg",600,600,true],"rpwe-thumbnail":["https:\/\/elfederalmendoza.com.ar\/wp-content\/uploads\/2023\/06\/papu-gomez-45x45.jpg",45,45,true],"advps-thumb-one":["https:\/\/elfederalmendoza.com.ar\/wp-content\/uploads\/2023\/06\/papu-gomez-986x420.jpg",986,420,true]},"rttpg_author":{"display_name":"Redacci\u00f3n El Federal","author_link":"https:\/\/elfederalmendoza.com.ar\/index.php\/author\/angelflores\/"},"rttpg_comment":0,"rttpg_category":"<a href=\"https:\/\/elfederalmendoza.com.ar\/index.php\/category\/mza\/\" rel=\"category tag\">Mendoza<\/a>","rttpg_excerpt":"El posteo del&nbsp;Papu&nbsp;en su espacio personal de Instagram fue escueto: solo subi\u00f3 una foto a su feed en la que se encuentran disfrutando del sol y muy relajados \u00c9l, su esposa y un grupo de amigos en Mendoza. Sin embargo el fanatismo que produjo su presencia en la provincia del Oeste hizo que trascienda el&hellip;","_links":{"self":[{"href":"https:\/\/elfederalmendoza.com.ar\/index.php\/wp-json\/wp\/v2\/posts\/24235","targetHints":{"allow":["GET"]}}],"collection":[{"href":"https:\/\/elfederalmendoza.com.ar\/index.php\/wp-json\/wp\/v2\/posts"}],"about":[{"href":"https:\/\/elfederalmendoza.com.ar\/index.php\/wp-json\/wp\/v2\/types\/post"}],"author":[{"embeddable":true,"href":"https:\/\/elfederalmendoza.com.ar\/index.php\/wp-json\/wp\/v2\/users\/2"}],"replies":[{"embeddable":true,"href":"https:\/\/elfederalmendoza.com.ar\/index.php\/wp-json\/wp\/v2\/comments?post=24235"}],"version-history":[{"count":2,"href":"https:\/\/elfederalmendoza.com.ar\/index.php\/wp-json\/wp\/v2\/posts\/24235\/revisions"}],"predecessor-version":[{"id":24241,"href":"https:\/\/elfederalmendoza.com.ar\/index.php\/wp-json\/wp\/v2\/posts\/24235\/revisions\/24241"}],"wp:featuredmedia":[{"embeddable":true,"href":"https:\/\/elfederalmendoza.com.ar\/index.php\/wp-json\/wp\/v2\/media\/24237"}],"wp:attachment":[{"href":"https:\/\/elfederalmendoza.com.ar\/index.php\/wp-json\/wp\/v2\/media?parent=24235"}],"wp:term":[{"taxonomy":"category","embeddable":true,"href":"https:\/\/elfederalmendoza.com.ar\/index.php\/wp-json\/wp\/v2\/categories?post=24235"},{"taxonomy":"post_tag","embeddable":true,"href":"https:\/\/elfederalmendoza.com.ar\/index.php\/wp-json\/wp\/v2\/tags?post=24235"}],"curies":[{"name":"wp","href":"https:\/\/api.w.org\/{rel}","templated":true}]}}