{"id":24242,"date":"2023-06-19T01:00:00","date_gmt":"2023-06-19T04:00:00","guid":{"rendered":"https:\/\/elfederalmendoza.com\/?p=24242"},"modified":"2023-06-19T13:01:44","modified_gmt":"2023-06-19T16:01:44","slug":"gerardo-morales-acuso-al-kirchnerismo-de-fogonear-las-protestas-en-jujuy-quieren-generar-un-clima-de-caos","status":"publish","type":"post","link":"https:\/\/elfederalmendoza.com.ar\/index.php\/2023\/06\/19\/gerardo-morales-acuso-al-kirchnerismo-de-fogonear-las-protestas-en-jujuy-quieren-generar-un-clima-de-caos\/","title":{"rendered":"Gerardo Morales acus\u00f3 al kirchnerismo de fogonear las protestas en Jujuy: \u201cQuieren generar un clima de caos\u201d"},"content":{"rendered":"\n<p>Tras los incidentes del fin de semana en&nbsp;<strong>Jujuy<\/strong>&nbsp;por las protestas contra la reforma de la Constituci\u00f3n provincial,&nbsp;<strong>el gobernador juje\u00f1o, Gerardo Morales, acus\u00f3 al Gobierno y a la detenida l\u00edder de la agrupaci\u00f3n Tupac Amaru, Milagro Sala, de provocar un \u201cclima de caos y violencia\u201d en la provincia.<\/strong><\/p>\n\n\n\n<p>El presidente de la UCR dijo que&nbsp;<strong>\u201chay que restablecer el orden\u201d&nbsp;<\/strong>en la provincia y vincul\u00f3 a Naci\u00f3n, al kirchnerismo y a la izquierda con una maniobra para&nbsp;<strong>\u201cgenerar un clima de caos y violencia\u201d: \u201cEl Gobierno est\u00e1 financiando a gremios para que no bajen el conflicto. Los dirigentes del kirchnerismo, junto con dirigentes de izquierda, est\u00e1n metidos e incentivando, con apoyo con recursos de Naci\u00f3n, para volver al Estado paralelo\u201d,&nbsp;<\/strong>con menciones a&nbsp;<strong>Sala.<\/strong><\/p>\n\n\n\n<p>Los enfrentamientos ocurrieron el s\u00e1bado en Purmamarca y terminaron con 21 detenidos que fueron liberados entre el domingo y el lunes, imputados por los cortes de rutas.<\/p>\n\n\n\n<p><strong>Las acusaciones de Gerardo Morales al kirchnerismo por los enfrentamientos en Jujuy<\/strong><\/p>\n\n\n\n<p>El gobernador de Jujuy advirti\u00f3 que en la provincia hay&nbsp;<strong>\u201cgente de afuera, legisladores nacionales del kirchnerismo y abogados de Sala incentivando a la violencia\u201d,&nbsp;<\/strong>y que&nbsp;<strong>\u201cNaci\u00f3n pone plata para generar violencia en Jujuy\u201d,&nbsp;<\/strong>en declaraciones a Mitre y Rivadavia.<\/p>\n\n\n\n<p><strong>Morales&nbsp;<\/strong>critic\u00f3 al secretario de Derechos Humanos,&nbsp;<strong>Horacio Pietragalla,&nbsp;<\/strong>que viaj\u00f3 a la provincia:&nbsp;<strong>\u201cVino con funcionarios, y no fue a hablar a Chaco con la madre de Cecilia Strzyzowski\u201d,&nbsp;<\/strong>la joven desaparecida por cuyo caso est\u00e1 acusada y detenida la familia&nbsp;<strong>Sena,&nbsp;<\/strong>que tiene fuertes lazos pol\u00edticos con el gobernador,&nbsp;<strong>Jorge Capitanich.<\/strong><\/p>\n\n\n\n<p><strong>Las claves de la reforma parcial de la Constituci\u00f3n de Jujuy que gener\u00f3 fuertes protestas<\/strong><\/p>\n\n\n\n<p>La reforma parcial de la Constituci\u00f3n de Jujuy, que provoc\u00f3 fuertes manifestaciones e incidentes, incluye la prohibici\u00f3n por ley de los cortes de ruta, de calles y de usurpaci\u00f3n de edificios p\u00fablicos, los indultos en condenas por corrupci\u00f3n y femicidios y elimina la reelecci\u00f3n indefinida para todos los cargos, entre otros puntos, y se aprob\u00f3 la semana pasada.<\/p>\n\n\n\n<p><strong>Morales&nbsp;<\/strong>dijo que lo que hace la Constituci\u00f3n es&nbsp;<strong>\u201cgarantizar el derecho a la manifestaci\u00f3n pac\u00edfica, por la que no hay que pedir permiso\u201d: \u201cEstablece al Estado la obligaci\u00f3n de regular ese derecho, que no es absoluto, que no colisione con otros derechos en un marco en el que est\u00e1n prohibidos los cortes de ruta, de calles, y las usurpaciones de edificios p\u00fablicos. Eso est\u00e1 puesto en la Constituci\u00f3n y eso es lo que no quiere el kirchnerismo\u201d.<\/strong><\/p>\n\n\n\n<p><strong>Horacio Pietragalla cruz\u00f3 a Gerardo Morales y habl\u00f3 de \u201carbitrariedad\u201d por la reforma de la Constituci\u00f3n<\/strong><\/p>\n\n\n\n<p><strong>Pietragalla&nbsp;<\/strong>sali\u00f3 al cruce de&nbsp;<strong>Morales&nbsp;<\/strong>y consider\u00f3 que hay&nbsp;<strong>\u201cuna arbitrariedad muy grande\u201d&nbsp;<\/strong>con la reforma de la Constituci\u00f3n provincial, en declaraciones a AM 750.<\/p>\n\n\n\n<p><strong>&#8211;<\/strong>&nbsp;\u201cHay una oleada de estigmatizaci\u00f3n y negacionismo en su existencia y derechos, lo toman como una pol\u00edtica de enemigo interno\u201d.<\/p>\n\n\n\n<p><strong>&#8211;<\/strong>&nbsp;\u201cLo que m\u00e1s me preocupa es que vi a comunidades cansadas, sin posibilidad de ning\u00fan tipo de di\u00e1logo ante el atropello de Morales, que declara que no va a dar un paso atr\u00e1s, esto es claramente peligroso\u201d.<\/p>\n","protected":false},"excerpt":{"rendered":"<p>Tras los incidentes del fin de semana en&nbsp;Jujuy&nbsp;por las protestas contra la reforma de la Constituci\u00f3n provincial,&nbsp;el gobernador juje\u00f1o, Gerardo Morales, acus\u00f3 al Gobierno y a la detenida l\u00edder de la agrupaci\u00f3n Tupac Amaru, Milagro Sala, de provocar un \u201cclima de caos y violencia\u201d en la provincia. El presidente de la UCR dijo que&nbsp;\u201chay que<a class=\"read-more\" href=\"https:\/\/elfederalmendoza.com.ar\/index.php\/2023\/06\/19\/gerardo-morales-acuso-al-kirchnerismo-de-fogonear-las-protestas-en-jujuy-quieren-generar-un-clima-de-caos\/\"> [&hellip;]<\/a><\/p>\n","protected":false},"author":2,"featured_media":24243,"comment_status":"open","ping_status":"open","sticky":false,"template":"","format":"standard","meta":{"footnotes":""},"categories":[5618],"tags":[],"class_list":["post-24242","post","type-post","status-publish","format-standard","has-post-thumbnail","hentry","category-arg"],"rttpg_featured_image_url":{"full":["https:\/\/elfederalmendoza.com.ar\/wp-content\/uploads\/2023\/06\/gerardo-morales-1563221-1.jpg",1280,720,false],"landscape":["https:\/\/elfederalmendoza.com.ar\/wp-content\/uploads\/2023\/06\/gerardo-morales-1563221-1.jpg",1280,720,false],"portraits":["https:\/\/elfederalmendoza.com.ar\/wp-content\/uploads\/2023\/06\/gerardo-morales-1563221-1.jpg",1280,720,false],"thumbnail":["https:\/\/elfederalmendoza.com.ar\/wp-content\/uploads\/2023\/06\/gerardo-morales-1563221-1-150x150.jpg",150,150,true],"medium":["https:\/\/elfederalmendoza.com.ar\/wp-content\/uploads\/2023\/06\/gerardo-morales-1563221-1-300x169.jpg",300,169,true],"large":["https:\/\/elfederalmendoza.com.ar\/wp-content\/uploads\/2023\/06\/gerardo-morales-1563221-1-1024x576.jpg",640,360,true],"1536x1536":["https:\/\/elfederalmendoza.com.ar\/wp-content\/uploads\/2023\/06\/gerardo-morales-1563221-1.jpg",1280,720,false],"2048x2048":["https:\/\/elfederalmendoza.com.ar\/wp-content\/uploads\/2023\/06\/gerardo-morales-1563221-1.jpg",1280,720,false],"ultp_layout_landscape_large":["https:\/\/elfederalmendoza.com.ar\/wp-content\/uploads\/2023\/06\/gerardo-morales-1563221-1-1200x720.jpg",1200,720,true],"ultp_layout_landscape":["https:\/\/elfederalmendoza.com.ar\/wp-content\/uploads\/2023\/06\/gerardo-morales-1563221-1-870x570.jpg",870,570,true],"ultp_layout_portrait":["https:\/\/elfederalmendoza.com.ar\/wp-content\/uploads\/2023\/06\/gerardo-morales-1563221-1-600x720.jpg",600,720,true],"ultp_layout_square":["https:\/\/elfederalmendoza.com.ar\/wp-content\/uploads\/2023\/06\/gerardo-morales-1563221-1-600x600.jpg",600,600,true],"rpwe-thumbnail":["https:\/\/elfederalmendoza.com.ar\/wp-content\/uploads\/2023\/06\/gerardo-morales-1563221-1-45x45.jpg",45,45,true],"advps-thumb-one":["https:\/\/elfederalmendoza.com.ar\/wp-content\/uploads\/2023\/06\/gerardo-morales-1563221-1-1200x420.jpg",1200,420,true]},"rttpg_author":{"display_name":"Redacci\u00f3n El Federal","author_link":"https:\/\/elfederalmendoza.com.ar\/index.php\/author\/angelflores\/"},"rttpg_comment":0,"rttpg_category":"<a href=\"https:\/\/elfederalmendoza.com.ar\/index.php\/category\/arg\/\" rel=\"category tag\">Argentina<\/a>","rttpg_excerpt":"Tras los incidentes del fin de semana en&nbsp;Jujuy&nbsp;por las protestas contra la reforma de la Constituci\u00f3n provincial,&nbsp;el gobernador juje\u00f1o, Gerardo Morales, acus\u00f3 al Gobierno y a la detenida l\u00edder de la agrupaci\u00f3n Tupac Amaru, Milagro Sala, de provocar un \u201cclima de caos y violencia\u201d en la provincia. El presidente de la UCR dijo que&nbsp;\u201chay que&hellip;","_links":{"self":[{"href":"https:\/\/elfederalmendoza.com.ar\/index.php\/wp-json\/wp\/v2\/posts\/24242","targetHints":{"allow":["GET"]}}],"collection":[{"href":"https:\/\/elfederalmendoza.com.ar\/index.php\/wp-json\/wp\/v2\/posts"}],"about":[{"href":"https:\/\/elfederalmendoza.com.ar\/index.php\/wp-json\/wp\/v2\/types\/post"}],"author":[{"embeddable":true,"href":"https:\/\/elfederalmendoza.com.ar\/index.php\/wp-json\/wp\/v2\/users\/2"}],"replies":[{"embeddable":true,"href":"https:\/\/elfederalmendoza.com.ar\/index.php\/wp-json\/wp\/v2\/comments?post=24242"}],"version-history":[{"count":1,"href":"https:\/\/elfederalmendoza.com.ar\/index.php\/wp-json\/wp\/v2\/posts\/24242\/revisions"}],"predecessor-version":[{"id":24244,"href":"https:\/\/elfederalmendoza.com.ar\/index.php\/wp-json\/wp\/v2\/posts\/24242\/revisions\/24244"}],"wp:featuredmedia":[{"embeddable":true,"href":"https:\/\/elfederalmendoza.com.ar\/index.php\/wp-json\/wp\/v2\/media\/24243"}],"wp:attachment":[{"href":"https:\/\/elfederalmendoza.com.ar\/index.php\/wp-json\/wp\/v2\/media?parent=24242"}],"wp:term":[{"taxonomy":"category","embeddable":true,"href":"https:\/\/elfederalmendoza.com.ar\/index.php\/wp-json\/wp\/v2\/categories?post=24242"},{"taxonomy":"post_tag","embeddable":true,"href":"https:\/\/elfederalmendoza.com.ar\/index.php\/wp-json\/wp\/v2\/tags?post=24242"}],"curies":[{"name":"wp","href":"https:\/\/api.w.org\/{rel}","templated":true}]}}