{"id":24246,"date":"2023-06-19T01:25:00","date_gmt":"2023-06-19T04:25:00","guid":{"rendered":"https:\/\/elfederalmendoza.com\/?p=24246"},"modified":"2023-06-19T13:27:35","modified_gmt":"2023-06-19T16:27:35","slug":"femicidio-de-cecilia-strzyzowski-marcela-acuna-inicio-una-huelga-de-hambre","status":"publish","type":"post","link":"https:\/\/elfederalmendoza.com.ar\/index.php\/2023\/06\/19\/femicidio-de-cecilia-strzyzowski-marcela-acuna-inicio-una-huelga-de-hambre\/","title":{"rendered":"Femicidio de Cecilia Strzyzowski: Marcela Acu\u00f1a inici\u00f3 una huelga de hambre"},"content":{"rendered":"\n<p>Las boletas del<strong>&nbsp;Frente Chaque\u00f1o<\/strong>&nbsp;estuvieron en el cuarto oscuro este domingo de elecciones PASO en Chaco. Llevaban como precandidato a Gobernador a&nbsp;<strong>Jorge Capitanich<\/strong>, seguido de&nbsp;<strong>Emerenciano Sena<\/strong>, como primer postulante a diputado provincial.&nbsp;<strong>Marcela Acu\u00f1a<\/strong>&nbsp;era aspirante a la intendencia de Resistencia.&nbsp;<strong>Gustavo Obreg\u00f3n&nbsp;<\/strong>iba por un esca\u00f1o en la C\u00e1mara baja.&nbsp;<strong>Fabiana Gonz\u00e1lez&nbsp;<\/strong>busc\u00f3 ser concejal. Ninguna estaba habilitado para ser elegido: mientras las elecciones se realizaron, todo ellos estaban detenidos por el presunto femicidio de&nbsp;<strong>Cecilia Strzyzowski<\/strong>.<\/p>\n\n\n\n<p>Por una cuesti\u00f3n de tiempo, sus rostros y apellidos quedaron en el papel de la lista del Frente Chaque\u00f1o, pero no ser\u00e1n contabilizados. As\u00ed lo reconoci\u00f3 el Tribunal Electoral de la provincia.\u00a0<strong>Ninguno de ellos emiti\u00f3 su sufragio en las comisar\u00edas donde se encuentran detenidos.<\/strong>\u00a0Tampoco votaron la pareja de Cecilia,\u00a0<strong>C\u00e9sar Sena<\/strong>; el casero del campo de los Sena,\u00a0<strong>Gustavo Melgarejo<\/strong>\u00a0y su pareja,\u00a0<strong>Griselda Reynoso<\/strong>, los otros imputados del caso. As\u00ed se lo confirmaron a<strong>\u00a0Infobae\u00a0<\/strong>fuentes del caso.<\/p>\n\n\n\n<p><strong>Los principales acusados del presunto femicidio de Cecilia no votaron<\/strong>\u00a0porque, seg\u00fan el Art\u00edculo 3\u00b0 de la Ley Electoral N\u00b0 834-Q, una ley provincial, \u201clos detenidos por orden de juez competente, mientras no recuperen su libertad, est\u00e1n excluidos del padr\u00f3n electoral\u201d. En ese contexto, seg\u00fan agreg\u00f3 una alta fuente judicial a este medio:<strong>\u00a0\u201cEl sistema no est\u00e1 articulado para que se les lleve la urna para que voten\u201d.<\/strong><\/p>\n\n\n\n<p>Emerenciano y <\/p>\n\n\n\n<p>C\u00e9sar Sena<strong>\u00a0est\u00e1n detenidos en la Comisar\u00eda 3\u00aa de Resistencia;<\/strong>\u00a0Marcela Acu\u00f1a en el Departamento de Violencia Familiar y G\u00e9nero de la Polic\u00eda provincial. Gustavo Melgarejo, Griselda Reynoso, Fabiana Gonz\u00e1lez \u2014la asistente del matrimonio Sena\u2014, y su marido, Gustavo Obreg\u00f3n, en tanto, fueron distribuidos en distintas dependencias de la capital chaque\u00f1a.<\/p>\n\n\n\n<p>Por otra parte, fuentes judiciales y policiales confirmaron a este medio que&nbsp;<strong>Marcela Acu\u00f1a, acusada de ser la autora ideol\u00f3gica del femicidio, est\u00e1 en huelga de hambre en su celda<\/strong>: solo consume l\u00edquidos y la revisa un m\u00e9dico todos los d\u00edas, un dato que fue adelantado por&nbsp;<em>T\u00e9lam<\/em>. La mujer la comenz\u00f3 el 14 de junio pasado porque&nbsp;<strong>le negaron la prisi\u00f3n domiciliaria<\/strong>&nbsp;a su marido.<\/p>\n\n\n\n<p>Seg\u00fan Acu\u00f1a, Emerenciano padece problemas de salud, adem\u00e1s de secuela de COVID-19. Hasta el momento, sin embargo, la defensa del l\u00edder piquetero\u00a0<strong>no present\u00f3 ning\u00fan certificado m\u00e9dico<\/strong>\u00a0que acredite todo eso.<\/p>\n\n\n\n<p>D\u00edas atr\u00e1s, al ser consultado acerca de tema, el defensor del matrimonio sostuvo: \u201cNo pido cosas por pedir. Si realmente hay fundamentos para pedir una domiciliaria, es decir, que tenga una enfermedad por la que no pueda ser asistido en el lugar donde est\u00e1 alojado, podr\u00eda proceder una prisi\u00f3n domiciliaria. Pero para eso hay que acreditar la enfermedad\u201d, dijo el abogado\u00a0<strong>Juan Carlos Saife<\/strong>.<\/p>\n\n\n\n<p>El paradero de Cecilia se desconoce hace 18 d\u00edas. En el marco de la investigaci\u00f3n por su desaparici\u00f3n y presunto femicidio, este domingo se hallaron pertenencias quemadas en el predio descampado del&nbsp;<strong>Barrio Emerenciano<\/strong>, ubicado en la Avenida San Mart\u00edn al 3700.<\/p>\n\n\n\n<p>Entre lo encontrado hab\u00eda una prenda que podr\u00eda ser un&nbsp;<strong>su\u00e9ter con capucha rosa<\/strong>, justamente, el color favorito de la joven de 28 a\u00f1os, seg\u00fan se ha cansado de mencionar su madre. Todos los elementos secuestrados<strong>&nbsp;ser\u00e1n puestos a reconocimiento de la familia y sometidos a pericias<\/strong>&nbsp;en el Instituto de Medicina y Ciencias Forenses de la provincia. La sospecha es que pertenecer\u00edan a la joven.<\/p>\n\n\n\n<p>El hallazgo de\u00a0<strong>la valija es una prueba clave<\/strong>, ya que Cecilia, supuestamente, iba a hacer un viaje. O al menos eso cre\u00eda ella. El disparador del mismo, seg\u00fan declar\u00f3 su familia y por mensajes que la joven hab\u00eda intercambiado con su c\u00edrculo, fue un supuesto puesto de trabajo que les hab\u00eda conseguido la madre de C\u00e9sar por sus contactos en la pol\u00edtica.<\/p>\n\n\n\n<p>En su declaraci\u00f3n testimonial, repleta de contradicciones,\u00a0<strong>C\u00e9sar Sena hizo referencia a la valija de Cecilia<\/strong>. \u201cPrepar\u00f3 la valija color negro, con ruedas, el cual le hab\u00eda prestado su abuela, colocando prendas de vestir varias, zapatillas, remera b\u00e1sicas y elementos de uso femenino. Tambi\u00e9n ten\u00eda preparada una mochila color rosado y un bolso color rojo\u201d, dijo.<\/p>\n\n\n\n<p>La \u00faltima vez que se la vio, el 2 de junio pasado, Cecilia lleg\u00f3 a la casa de la familia Sena pasadas las 9 de la ma\u00f1ana. La idea era partir esa misma tarde hacia&nbsp;<strong>Ushuaia<\/strong>, previa escala en Buenos Aires, junto a C\u00e9sar. Una de las hip\u00f3tesis que estudia el equipo de fiscales es que ese viaje era&nbsp;<strong>parte de un plan para terminar con la vida de Cecilia.&nbsp;<\/strong>El hecho de que no haya registros f\u00edlmicos de la joven saliendo de la casa de sus suegros confirma todav\u00eda m\u00e1s esa teor\u00eda.<\/p>\n\n\n\n<p><strong>Los restos de la valija quemada ser\u00e1n puestos a reconocimiento de la familia de la v\u00edctima y sometidos a pericias<\/strong>&nbsp;en el Instituto de Medicina y Ciencias Forenses de la provincia.<\/p>\n\n\n\n<p>En tanto, una unidad de botes de la polic\u00eda de Chaco tambi\u00e9n busc\u00f3 pertenencias de Cecilia en una\u00a0<strong>pileta\u00a0<\/strong>de cuatro metros y\u00a0<strong>espejo de agua<\/strong>\u00a0de 200 en un predio lindero del barrio Emerenciano. Fuentes del caso confirmaron que se realiz\u00f3 esa inspecci\u00f3n para descartar que hubiera otros efectos personales all\u00ed.\u00a0<strong>Los resultados fueron negativos<\/strong>.<\/p>\n\n\n\n<p><\/p>\n","protected":false},"excerpt":{"rendered":"<p>Las boletas del&nbsp;Frente Chaque\u00f1o&nbsp;estuvieron en el cuarto oscuro este domingo de elecciones PASO en Chaco. Llevaban como precandidato a Gobernador a&nbsp;Jorge Capitanich, seguido de&nbsp;Emerenciano Sena, como primer postulante a diputado provincial.&nbsp;Marcela Acu\u00f1a&nbsp;era aspirante a la intendencia de Resistencia.&nbsp;Gustavo Obreg\u00f3n&nbsp;iba por un esca\u00f1o en la C\u00e1mara baja.&nbsp;Fabiana Gonz\u00e1lez&nbsp;busc\u00f3 ser concejal. Ninguna estaba habilitado para ser elegido:<a class=\"read-more\" href=\"https:\/\/elfederalmendoza.com.ar\/index.php\/2023\/06\/19\/femicidio-de-cecilia-strzyzowski-marcela-acuna-inicio-una-huelga-de-hambre\/\"> [&hellip;]<\/a><\/p>\n","protected":false},"author":2,"featured_media":24248,"comment_status":"open","ping_status":"open","sticky":false,"template":"","format":"standard","meta":{"footnotes":""},"categories":[5618],"tags":[],"class_list":["post-24246","post","type-post","status-publish","format-standard","has-post-thumbnail","hentry","category-arg"],"rttpg_featured_image_url":{"full":["https:\/\/elfederalmendoza.com.ar\/wp-content\/uploads\/2023\/06\/sin-titulo-1jpg.webp",1140,800,false],"landscape":["https:\/\/elfederalmendoza.com.ar\/wp-content\/uploads\/2023\/06\/sin-titulo-1jpg.webp",1140,800,false],"portraits":["https:\/\/elfederalmendoza.com.ar\/wp-content\/uploads\/2023\/06\/sin-titulo-1jpg.webp",1140,800,false],"thumbnail":["https:\/\/elfederalmendoza.com.ar\/wp-content\/uploads\/2023\/06\/sin-titulo-1jpg-150x150.webp",150,150,true],"medium":["https:\/\/elfederalmendoza.com.ar\/wp-content\/uploads\/2023\/06\/sin-titulo-1jpg-300x211.webp",300,211,true],"large":["https:\/\/elfederalmendoza.com.ar\/wp-content\/uploads\/2023\/06\/sin-titulo-1jpg-1024x719.webp",640,449,true],"1536x1536":["https:\/\/elfederalmendoza.com.ar\/wp-content\/uploads\/2023\/06\/sin-titulo-1jpg.webp",1140,800,false],"2048x2048":["https:\/\/elfederalmendoza.com.ar\/wp-content\/uploads\/2023\/06\/sin-titulo-1jpg.webp",1140,800,false],"ultp_layout_landscape_large":["https:\/\/elfederalmendoza.com.ar\/wp-content\/uploads\/2023\/06\/sin-titulo-1jpg.webp",1140,800,false],"ultp_layout_landscape":["https:\/\/elfederalmendoza.com.ar\/wp-content\/uploads\/2023\/06\/sin-titulo-1jpg-870x570.webp",870,570,true],"ultp_layout_portrait":["https:\/\/elfederalmendoza.com.ar\/wp-content\/uploads\/2023\/06\/sin-titulo-1jpg-600x800.webp",600,800,true],"ultp_layout_square":["https:\/\/elfederalmendoza.com.ar\/wp-content\/uploads\/2023\/06\/sin-titulo-1jpg-600x600.webp",600,600,true],"rpwe-thumbnail":["https:\/\/elfederalmendoza.com.ar\/wp-content\/uploads\/2023\/06\/sin-titulo-1jpg-45x45.webp",45,45,true],"advps-thumb-one":["https:\/\/elfederalmendoza.com.ar\/wp-content\/uploads\/2023\/06\/sin-titulo-1jpg-1140x420.webp",1140,420,true]},"rttpg_author":{"display_name":"Redacci\u00f3n El Federal","author_link":"https:\/\/elfederalmendoza.com.ar\/index.php\/author\/angelflores\/"},"rttpg_comment":0,"rttpg_category":"<a href=\"https:\/\/elfederalmendoza.com.ar\/index.php\/category\/arg\/\" rel=\"category tag\">Argentina<\/a>","rttpg_excerpt":"Las boletas del&nbsp;Frente Chaque\u00f1o&nbsp;estuvieron en el cuarto oscuro este domingo de elecciones PASO en Chaco. Llevaban como precandidato a Gobernador a&nbsp;Jorge Capitanich, seguido de&nbsp;Emerenciano Sena, como primer postulante a diputado provincial.&nbsp;Marcela Acu\u00f1a&nbsp;era aspirante a la intendencia de Resistencia.&nbsp;Gustavo Obreg\u00f3n&nbsp;iba por un esca\u00f1o en la C\u00e1mara baja.&nbsp;Fabiana Gonz\u00e1lez&nbsp;busc\u00f3 ser concejal. Ninguna estaba habilitado para ser elegido:&hellip;","_links":{"self":[{"href":"https:\/\/elfederalmendoza.com.ar\/index.php\/wp-json\/wp\/v2\/posts\/24246","targetHints":{"allow":["GET"]}}],"collection":[{"href":"https:\/\/elfederalmendoza.com.ar\/index.php\/wp-json\/wp\/v2\/posts"}],"about":[{"href":"https:\/\/elfederalmendoza.com.ar\/index.php\/wp-json\/wp\/v2\/types\/post"}],"author":[{"embeddable":true,"href":"https:\/\/elfederalmendoza.com.ar\/index.php\/wp-json\/wp\/v2\/users\/2"}],"replies":[{"embeddable":true,"href":"https:\/\/elfederalmendoza.com.ar\/index.php\/wp-json\/wp\/v2\/comments?post=24246"}],"version-history":[{"count":1,"href":"https:\/\/elfederalmendoza.com.ar\/index.php\/wp-json\/wp\/v2\/posts\/24246\/revisions"}],"predecessor-version":[{"id":24249,"href":"https:\/\/elfederalmendoza.com.ar\/index.php\/wp-json\/wp\/v2\/posts\/24246\/revisions\/24249"}],"wp:featuredmedia":[{"embeddable":true,"href":"https:\/\/elfederalmendoza.com.ar\/index.php\/wp-json\/wp\/v2\/media\/24248"}],"wp:attachment":[{"href":"https:\/\/elfederalmendoza.com.ar\/index.php\/wp-json\/wp\/v2\/media?parent=24246"}],"wp:term":[{"taxonomy":"category","embeddable":true,"href":"https:\/\/elfederalmendoza.com.ar\/index.php\/wp-json\/wp\/v2\/categories?post=24246"},{"taxonomy":"post_tag","embeddable":true,"href":"https:\/\/elfederalmendoza.com.ar\/index.php\/wp-json\/wp\/v2\/tags?post=24246"}],"curies":[{"name":"wp","href":"https:\/\/api.w.org\/{rel}","templated":true}]}}