{"id":24253,"date":"2023-06-20T11:58:54","date_gmt":"2023-06-20T14:58:54","guid":{"rendered":"https:\/\/elfederalmendoza.com\/?p=24253"},"modified":"2023-06-20T11:58:54","modified_gmt":"2023-06-20T14:58:54","slug":"una-patota-de-menores-fue-detenida-por-asaltar-a-dos-jovenes-en-lujan-de-cuyo-con-armas-de-fuego","status":"publish","type":"post","link":"https:\/\/elfederalmendoza.com.ar\/index.php\/2023\/06\/20\/una-patota-de-menores-fue-detenida-por-asaltar-a-dos-jovenes-en-lujan-de-cuyo-con-armas-de-fuego\/","title":{"rendered":"Una patota de menores fue detenida por asaltar a dos j\u00f3venes en Luj\u00e1n de Cuyo con armas de fuego"},"content":{"rendered":"\n<p>Dos j\u00f3venes de 17 a\u00f1os fueron\u00a0<strong>asaltados<\/strong>\u00a0en la Ruta Panamericana a la altura del sal\u00f3n Desert. Por el hecho fueron aprehendidas <strong>ocho personas, entre ellos siete menores de edad<\/strong>.<\/p>\n\n\n\n<p>El hecho ocurri\u00f3 alrededor de las 3.45 de la ma\u00f1ana en la mencionada arteria de Luj\u00e1n de Cuyo. Seg\u00fan relataron, las v\u00edctimas caminaban por el lugar cuando fueron interceptados <strong>por una \u00abpatota\u00bb de 8 adolescentes, entre ellos dos chicas de 14 a\u00f1os<\/strong>, quienes los amenazaron con un arma de fuego y les robaron.<\/p>\n\n\n\n<p>Entre lo sustra\u00eddo hab\u00eda <strong>dos tel\u00e9fonos iPhone, pero adem\u00e1s les sacaron una gorra, una remera y un par de zapatillas.\u00a0<\/strong><\/p>\n\n\n\n<p>Los chicos alertaron a la polic\u00eda y los efectivos comenzaron con el patrullaje, logrando dar con los asaltantes: <strong>un joven de 18 a\u00f1os, dos chicas de 14 a\u00f1os, tres de 16, otro de 15 a\u00f1os y joven de 17<\/strong>.\u00a0 En su poder ten\u00edan uno de los tel\u00e9fonos robados y los elementos robados, mientras que el otro celular fue encontrado a metros del lugar.<\/p>\n\n\n\n<p>Todos fueron trasladados a la sede policial y quedaron a disposici\u00f3n del Ministerio P\u00fablico Fiscal.<\/p>\n\n\n\n<figure class=\"wp-block-image is-resized\"><img loading=\"lazy\" decoding=\"async\" src=\"https:\/\/www.mendozapost.com\/files\/image\/430\/430987\/63650a1b9f702_570_321!.jpg?s=a836e8eb8b6b765b4d807c7cd8d6dbd6&amp;d=1667566110\" alt=\"\" width=\"834\" height=\"470\"\/><\/figure>\n","protected":false},"excerpt":{"rendered":"<p>Dos j\u00f3venes de 17 a\u00f1os fueron\u00a0asaltados\u00a0en la Ruta Panamericana a la altura del sal\u00f3n Desert. Por el hecho fueron aprehendidas ocho personas, entre ellos siete menores de edad. El hecho ocurri\u00f3 alrededor de las 3.45 de la ma\u00f1ana en la mencionada arteria de Luj\u00e1n de Cuyo. Seg\u00fan relataron, las v\u00edctimas caminaban por el lugar cuando<a class=\"read-more\" href=\"https:\/\/elfederalmendoza.com.ar\/index.php\/2023\/06\/20\/una-patota-de-menores-fue-detenida-por-asaltar-a-dos-jovenes-en-lujan-de-cuyo-con-armas-de-fuego\/\"> [&hellip;]<\/a><\/p>\n","protected":false},"author":2,"featured_media":24255,"comment_status":"open","ping_status":"open","sticky":false,"template":"","format":"standard","meta":{"footnotes":""},"categories":[1],"tags":[],"class_list":["post-24253","post","type-post","status-publish","format-standard","has-post-thumbnail","hentry","category-mza"],"rttpg_featured_image_url":{"full":["https:\/\/elfederalmendoza.com.ar\/wp-content\/uploads\/2023\/06\/patota3.jpg",1002,634,false],"landscape":["https:\/\/elfederalmendoza.com.ar\/wp-content\/uploads\/2023\/06\/patota3.jpg",1002,634,false],"portraits":["https:\/\/elfederalmendoza.com.ar\/wp-content\/uploads\/2023\/06\/patota3.jpg",1002,634,false],"thumbnail":["https:\/\/elfederalmendoza.com.ar\/wp-content\/uploads\/2023\/06\/patota3-150x150.jpg",150,150,true],"medium":["https:\/\/elfederalmendoza.com.ar\/wp-content\/uploads\/2023\/06\/patota3-300x190.jpg",300,190,true],"large":["https:\/\/elfederalmendoza.com.ar\/wp-content\/uploads\/2023\/06\/patota3.jpg",640,405,false],"1536x1536":["https:\/\/elfederalmendoza.com.ar\/wp-content\/uploads\/2023\/06\/patota3.jpg",1002,634,false],"2048x2048":["https:\/\/elfederalmendoza.com.ar\/wp-content\/uploads\/2023\/06\/patota3.jpg",1002,634,false],"ultp_layout_landscape_large":["https:\/\/elfederalmendoza.com.ar\/wp-content\/uploads\/2023\/06\/patota3.jpg",1002,634,false],"ultp_layout_landscape":["https:\/\/elfederalmendoza.com.ar\/wp-content\/uploads\/2023\/06\/patota3-870x570.jpg",870,570,true],"ultp_layout_portrait":["https:\/\/elfederalmendoza.com.ar\/wp-content\/uploads\/2023\/06\/patota3-600x634.jpg",600,634,true],"ultp_layout_square":["https:\/\/elfederalmendoza.com.ar\/wp-content\/uploads\/2023\/06\/patota3-600x600.jpg",600,600,true],"rpwe-thumbnail":["https:\/\/elfederalmendoza.com.ar\/wp-content\/uploads\/2023\/06\/patota3-45x45.jpg",45,45,true],"advps-thumb-one":["https:\/\/elfederalmendoza.com.ar\/wp-content\/uploads\/2023\/06\/patota3-1002x420.jpg",1002,420,true]},"rttpg_author":{"display_name":"Redacci\u00f3n El Federal","author_link":"https:\/\/elfederalmendoza.com.ar\/index.php\/author\/angelflores\/"},"rttpg_comment":0,"rttpg_category":"<a href=\"https:\/\/elfederalmendoza.com.ar\/index.php\/category\/mza\/\" rel=\"category tag\">Mendoza<\/a>","rttpg_excerpt":"Dos j\u00f3venes de 17 a\u00f1os fueron\u00a0asaltados\u00a0en la Ruta Panamericana a la altura del sal\u00f3n Desert. Por el hecho fueron aprehendidas ocho personas, entre ellos siete menores de edad. El hecho ocurri\u00f3 alrededor de las 3.45 de la ma\u00f1ana en la mencionada arteria de Luj\u00e1n de Cuyo. Seg\u00fan relataron, las v\u00edctimas caminaban por el lugar cuando&hellip;","_links":{"self":[{"href":"https:\/\/elfederalmendoza.com.ar\/index.php\/wp-json\/wp\/v2\/posts\/24253","targetHints":{"allow":["GET"]}}],"collection":[{"href":"https:\/\/elfederalmendoza.com.ar\/index.php\/wp-json\/wp\/v2\/posts"}],"about":[{"href":"https:\/\/elfederalmendoza.com.ar\/index.php\/wp-json\/wp\/v2\/types\/post"}],"author":[{"embeddable":true,"href":"https:\/\/elfederalmendoza.com.ar\/index.php\/wp-json\/wp\/v2\/users\/2"}],"replies":[{"embeddable":true,"href":"https:\/\/elfederalmendoza.com.ar\/index.php\/wp-json\/wp\/v2\/comments?post=24253"}],"version-history":[{"count":1,"href":"https:\/\/elfederalmendoza.com.ar\/index.php\/wp-json\/wp\/v2\/posts\/24253\/revisions"}],"predecessor-version":[{"id":24256,"href":"https:\/\/elfederalmendoza.com.ar\/index.php\/wp-json\/wp\/v2\/posts\/24253\/revisions\/24256"}],"wp:featuredmedia":[{"embeddable":true,"href":"https:\/\/elfederalmendoza.com.ar\/index.php\/wp-json\/wp\/v2\/media\/24255"}],"wp:attachment":[{"href":"https:\/\/elfederalmendoza.com.ar\/index.php\/wp-json\/wp\/v2\/media?parent=24253"}],"wp:term":[{"taxonomy":"category","embeddable":true,"href":"https:\/\/elfederalmendoza.com.ar\/index.php\/wp-json\/wp\/v2\/categories?post=24253"},{"taxonomy":"post_tag","embeddable":true,"href":"https:\/\/elfederalmendoza.com.ar\/index.php\/wp-json\/wp\/v2\/tags?post=24253"}],"curies":[{"name":"wp","href":"https:\/\/api.w.org\/{rel}","templated":true}]}}