{"id":24270,"date":"2023-06-20T13:24:24","date_gmt":"2023-06-20T16:24:24","guid":{"rendered":"https:\/\/elfederalmendoza.com\/?p=24270"},"modified":"2023-06-20T13:24:25","modified_gmt":"2023-06-20T16:24:25","slug":"graves-incidentes-en-jujuy-partidarios-de-milagro-sala-y-de-izquierda-ingresaron-a-la-legislatura-provocaron-incendios-y-destrozaron-automoviles","status":"publish","type":"post","link":"https:\/\/elfederalmendoza.com.ar\/index.php\/2023\/06\/20\/graves-incidentes-en-jujuy-partidarios-de-milagro-sala-y-de-izquierda-ingresaron-a-la-legislatura-provocaron-incendios-y-destrozaron-automoviles\/","title":{"rendered":"Graves incidentes en Jujuy: partidarios de Milagro Sala y de Izquierda ingresaron a la Legislatura, provocaron incendios y destrozaron autom\u00f3viles"},"content":{"rendered":"\n<p><img loading=\"lazy\" decoding=\"async\" alt=\"Captura de TV: nuevos destrozos en incidentes en Jujuy\" height=\"1080\" width=\"1920\" class=\"\" src=\"https:\/\/cloudfront-us-east-1.images.arcpublishing.com\/infobae\/Q5XYDDSI2NDD3LPCT7ESBXFU3A.jpg\" srcset=\"https:\/\/www.infobae.com\/new-resizer\/6dm9r68QdHYzbY03PfuktMRarho=\/420x236\/filters:format(webp):quality(85)\/cloudfront-us-east-1.images.arcpublishing.com\/infobae\/Q5XYDDSI2NDD3LPCT7ESBXFU3A.jpg 420w,https:\/\/www.infobae.com\/new-resizer\/cauxWht0bIHcQFQxp5AMYyQdHrY=\/768x432\/filters:format(webp):quality(85)\/cloudfront-us-east-1.images.arcpublishing.com\/infobae\/Q5XYDDSI2NDD3LPCT7ESBXFU3A.jpg 768w,https:\/\/www.infobae.com\/new-resizer\/QAwYYHit0zrsDBWUNk5Y9-HSHw0=\/992x558\/filters:format(webp):quality(85)\/cloudfront-us-east-1.images.arcpublishing.com\/infobae\/Q5XYDDSI2NDD3LPCT7ESBXFU3A.jpg 992w,https:\/\/www.infobae.com\/new-resizer\/Pr73XiUjGW8iXPgWnepKqOkxi8o=\/1200x675\/filters:format(webp):quality(85)\/cloudfront-us-east-1.images.arcpublishing.com\/infobae\/Q5XYDDSI2NDD3LPCT7ESBXFU3A.jpg 1200w,https:\/\/www.infobae.com\/new-resizer\/FwN1YYuGEt54pslCvI9gA32qAb4=\/1440x810\/filters:format(webp):quality(85)\/cloudfront-us-east-1.images.arcpublishing.com\/infobae\/Q5XYDDSI2NDD3LPCT7ESBXFU3A.jpg 1440w\">Captura de TV: nuevos destrozos en incidentes en Jujuy<\/p>\n\n\n\n<p>Partidarios de&nbsp;<strong>Milagro Sala, militantes del Polo Obrero<\/strong>&nbsp;e integrantes de otras organizaciones sociales realizan&nbsp;<strong>un salvaje ataque a la Legislatura de la provincia de Jujuy<\/strong>&nbsp;luego de una sesi\u00f3n en la que particip\u00f3 el gobernador Gerardo Morales y durante la cual se jur\u00f3 por la nueva constituci\u00f3n que es resistida por el&nbsp;<strong>kirchnerismo<\/strong>.<\/p>\n\n\n\n<p>Los manifestantes\u00a0<strong>arrojan piedras<\/strong>,\u00a0<strong>prenden fuego y destrozan veh\u00edculos.<\/strong>\u00a0Un grupo logr\u00f3 entrar a oficinas de la Legislatura y causar un foco \u00edgneo, qu\u00e9 r\u00e1pidamente fue controlado por Bomberos y por personal policial.<\/p>\n\n\n\n<figure class=\"wp-block-video\"><video controls src=\"https:\/\/elfederalmendoza.com\/wp-content\/uploads\/2023\/06\/DXLLNUpLQIqrYHU_.mp4\"><\/video><\/figure>\n\n\n\n<p>Los atacantes<strong>&nbsp;rompieron adem\u00e1s vidrieras de locales y golpearon a polic\u00edas y a profesionales que realizan la cobertura period\u00edstica de los hechos<\/strong>. Por ejemplo,&nbsp;<strong>un periodista del canal de noticias TN fue atacado mientras sal\u00eda en vivo relatando los hechos<\/strong>. Hay 32 polic\u00edas heridos.<\/p>\n\n\n\n<p>El gobernador Morales desisti\u00f3 anoche de reformas en dos art\u00edculos (el 50 y el 36) que generaban el rechazo de comunidades originarias. Pese a ello, este martes se repitieron graves incidentes.&nbsp;<strong>El mandatario provincial culp\u00f3 al gobierno nacional por incentivar y \u201cfinanciar\u201d las protestas.<\/strong><\/p>\n\n\n\n<p><strong>\u201cHago responsable al presidente Alberto Fern\u00e1ndez y a la vicepresidenta Cristina Kirchner de la extrema violencia que est\u00e1 viviendo la provincia de Jujuy\u201d,&nbsp;<\/strong>asegur\u00f3 Morales este mediod\u00eda en medio de las protestas violentas.<\/p>\n\n\n\n<p><strong>Y agreg\u00f3: \u201cLos violentos no nos van a torcer el brazo, a 40 a\u00f1os de democracia repudio y llamo a todos los argentinos a repudiar lo que est\u00e1 haciendo el kirchnerismo y el Frente de Izquierda en Jujuy\u201d.<\/strong><\/p>\n\n\n\n<p>Alejandro Nieva, presidente de la Comisi\u00f3n Redactora de la Constituci\u00f3n, inform\u00f3 que los manifestantes llegaron a La Legislatura y tiraron las vallas de seguridad que hab\u00edan sido dispuestas esta ma\u00f1ana. \u201c<strong>Son grupos kirchneristas, incluso vinieron de otras provincias, para generar este caos que se est\u00e1 viviendo ac\u00e1<\/strong>\u201d, precis\u00f3.<\/p>\n\n\n\n<p>Fuentes oficiales del gobierno local aseguraron que en los \u00faltimos d\u00edas llegaron manifestantes de otras provincias e incluso desde Bolivia para sumarse a la ola de violencia. Por eso sospechan que hubo un plan orquestado para provocar los ataques. Dicen adem\u00e1s que recientemente estuvo el avi\u00f3n oficial Tango 04 en Jujuy y realizan una sugestiva pregunta: \u201c\u00bfA qui\u00e9nes transport\u00f3?\u201d.<\/p>\n\n\n\n<figure class=\"wp-block-image\"><img decoding=\"async\" src=\"https:\/\/cloudfront-us-east-1.images.arcpublishing.com\/infobae\/P2CJH2KJOZGDJN5SKZCKA6QIQE.jpg\" alt=\"infobae\"\/><\/figure>\n\n\n\n<figure class=\"wp-block-image\"><img decoding=\"async\" src=\"https:\/\/cloudfront-us-east-1.images.arcpublishing.com\/infobae\/243MY7EHARDRHHQPJ63D4YPHBY.jpg\" alt=\"infobae\"\/><\/figure>\n\n\n\n<p>La nueva constituci\u00f3n juje\u00f1a, aprobada el 15 de junio e impulsada por Morales, es el eje de la controversia y de las movilizaciones de los \u00faltimos cuatro d\u00edas. Mientras la atenci\u00f3n se dirige al ejido urbano capitalino, en el interior juje\u00f1o los focos de protesta persist\u00edan. Seg\u00fan precisaron fuentes provinciales de Vialidad a&nbsp;<strong>Infobae<\/strong>, al menos nueve cortes con manifestaciones contra la pol\u00edtica del gobierno juje\u00f1o continuaban este martes:<\/p>\n\n\n\n<p>&#8211; Corte total en la intersecci\u00f3n de la ruta provincial 61 y 53 a la altura del ingreso a Aguas Calientes. Se habilita el paso cada 15 minutos<\/p>\n\n\n\n<p>&#8211; Dos cortes totales en la ruta nacional (RN) 34 en el tramo del puente San Lorenzo- Libertador General San Mart\u00edn, y en el km 1265 a la altura de la localidad de Caima<\/p>\n\n\n\n<p>&#8211; Corte total en la ruta provincial 11 y RN 52 a la altura acceso a la localidad de Barrancas; con habilitaci\u00f3n del paso cada 15 minutos.<\/p>\n\n\n\n<p>&#8211; Corte intermitente en RN 52 a la altura acceso a la localidad de Susques, con habilitaci\u00f3n de paso cada 4 horas por 15 minutos.<\/p>\n\n\n\n<p>-Dos cortes totales permanentes en la ruta nacional 9 en acceso sur, a la ciudad de Abra Pampa, y en el acceso a La Quiaca, y un corte parcial -con modalidad de paso cada 15 minutos- en el paraje San Roque.<\/p>\n\n\n\n<p>&#8211; En el acceso a Purmamarca, hay un corte total con modalidad de paso cada 2 horas -por un lapso de 30 minutos- en la RN 9 y RN 52.<\/p>\n\n\n\n<p>El conflicto en Jujuy escal\u00f3 al plano nacional, abandonando su impronta local. A Jujuy viaj\u00f3 el secretario de Derechos Humanos de la Naci\u00f3n, Horacio Pietragalla Corti, para denunciar casos de represi\u00f3n en las protestas de los \u00faltimos d\u00edas y exigir la liberaci\u00f3n de los detenidos.<\/p>\n\n\n\n<h2 class=\"wp-block-heading\">Im\u00e1genes de la violencia en Jujuy<\/h2>\n\n\n\n<figure class=\"wp-block-image\"><img decoding=\"async\" src=\"https:\/\/cloudfront-us-east-1.images.arcpublishing.com\/infobae\/FYVM7DHXEZBHJHDKNLRSTGXORY.jpg\" alt=\"infobae\"\/><\/figure>\n\n\n\n<figure class=\"wp-block-image\"><img decoding=\"async\" src=\"https:\/\/cloudfront-us-east-1.images.arcpublishing.com\/infobae\/B4OVK3IZZRE6PG5ED4IYDDRMVI.jpg\" alt=\"infobae\"\/><\/figure>\n\n\n\n<figure class=\"wp-block-image\"><img decoding=\"async\" src=\"https:\/\/cloudfront-us-east-1.images.arcpublishing.com\/infobae\/5E74L67JOBA6DBHXZMCYTIWV6U.jpg\" alt=\"infobae\"\/><\/figure>\n\n\n\n<figure class=\"wp-block-image\"><img decoding=\"async\" src=\"https:\/\/cloudfront-us-east-1.images.arcpublishing.com\/infobae\/JMVECRL7JNEOXJXSOX3774HDYA.jpg\" alt=\"infobae\"\/><\/figure>\n\n\n\n<figure class=\"wp-block-image\"><img decoding=\"async\" src=\"https:\/\/cloudfront-us-east-1.images.arcpublishing.com\/infobae\/DXBD7W5YG5A2XOTDNXJQOGRJEE.jpg\" alt=\"infobae\"\/><\/figure>\n\n\n\n<figure class=\"wp-block-image\"><img decoding=\"async\" src=\"https:\/\/cloudfront-us-east-1.images.arcpublishing.com\/infobae\/UA656XRFLNCWPI7CGB6XICVFDE.jpg\" alt=\"infobae\"\/><\/figure>\n\n\n\n<figure class=\"wp-block-image\"><img decoding=\"async\" src=\"https:\/\/cloudfront-us-east-1.images.arcpublishing.com\/infobae\/KCFIF6Z6NNC7LH3FGORMM3GNHI.jpg\" alt=\"infobae\"\/><\/figure>\n","protected":false},"excerpt":{"rendered":"<p>Captura de TV: nuevos destrozos en incidentes en Jujuy Partidarios de&nbsp;Milagro Sala, militantes del Polo Obrero&nbsp;e integrantes de otras organizaciones sociales realizan&nbsp;un salvaje ataque a la Legislatura de la provincia de Jujuy&nbsp;luego de una sesi\u00f3n en la que particip\u00f3 el gobernador Gerardo Morales y durante la cual se jur\u00f3 por la nueva constituci\u00f3n que es<a class=\"read-more\" href=\"https:\/\/elfederalmendoza.com.ar\/index.php\/2023\/06\/20\/graves-incidentes-en-jujuy-partidarios-de-milagro-sala-y-de-izquierda-ingresaron-a-la-legislatura-provocaron-incendios-y-destrozaron-automoviles\/\"> [&hellip;]<\/a><\/p>\n","protected":false},"author":2,"featured_media":24273,"comment_status":"open","ping_status":"open","sticky":false,"template":"","format":"standard","meta":{"footnotes":""},"categories":[5618],"tags":[],"class_list":["post-24270","post","type-post","status-publish","format-standard","has-post-thumbnail","hentry","category-arg"],"rttpg_featured_image_url":{"full":["https:\/\/elfederalmendoza.com.ar\/wp-content\/uploads\/2023\/06\/jujuy.jpg",1166,644,false],"landscape":["https:\/\/elfederalmendoza.com.ar\/wp-content\/uploads\/2023\/06\/jujuy.jpg",1166,644,false],"portraits":["https:\/\/elfederalmendoza.com.ar\/wp-content\/uploads\/2023\/06\/jujuy.jpg",1166,644,false],"thumbnail":["https:\/\/elfederalmendoza.com.ar\/wp-content\/uploads\/2023\/06\/jujuy-150x150.jpg",150,150,true],"medium":["https:\/\/elfederalmendoza.com.ar\/wp-content\/uploads\/2023\/06\/jujuy-300x166.jpg",300,166,true],"large":["https:\/\/elfederalmendoza.com.ar\/wp-content\/uploads\/2023\/06\/jujuy-1024x566.jpg",640,354,true],"1536x1536":["https:\/\/elfederalmendoza.com.ar\/wp-content\/uploads\/2023\/06\/jujuy.jpg",1166,644,false],"2048x2048":["https:\/\/elfederalmendoza.com.ar\/wp-content\/uploads\/2023\/06\/jujuy.jpg",1166,644,false],"ultp_layout_landscape_large":["https:\/\/elfederalmendoza.com.ar\/wp-content\/uploads\/2023\/06\/jujuy.jpg",1166,644,false],"ultp_layout_landscape":["https:\/\/elfederalmendoza.com.ar\/wp-content\/uploads\/2023\/06\/jujuy-870x570.jpg",870,570,true],"ultp_layout_portrait":["https:\/\/elfederalmendoza.com.ar\/wp-content\/uploads\/2023\/06\/jujuy-600x644.jpg",600,644,true],"ultp_layout_square":["https:\/\/elfederalmendoza.com.ar\/wp-content\/uploads\/2023\/06\/jujuy-600x600.jpg",600,600,true],"rpwe-thumbnail":["https:\/\/elfederalmendoza.com.ar\/wp-content\/uploads\/2023\/06\/jujuy-45x45.jpg",45,45,true],"advps-thumb-one":["https:\/\/elfederalmendoza.com.ar\/wp-content\/uploads\/2023\/06\/jujuy-1166x420.jpg",1166,420,true]},"rttpg_author":{"display_name":"Redacci\u00f3n El Federal","author_link":"https:\/\/elfederalmendoza.com.ar\/index.php\/author\/angelflores\/"},"rttpg_comment":0,"rttpg_category":"<a href=\"https:\/\/elfederalmendoza.com.ar\/index.php\/category\/arg\/\" rel=\"category tag\">Argentina<\/a>","rttpg_excerpt":"Captura de TV: nuevos destrozos en incidentes en Jujuy Partidarios de&nbsp;Milagro Sala, militantes del Polo Obrero&nbsp;e integrantes de otras organizaciones sociales realizan&nbsp;un salvaje ataque a la Legislatura de la provincia de Jujuy&nbsp;luego de una sesi\u00f3n en la que particip\u00f3 el gobernador Gerardo Morales y durante la cual se jur\u00f3 por la nueva constituci\u00f3n que es&hellip;","_links":{"self":[{"href":"https:\/\/elfederalmendoza.com.ar\/index.php\/wp-json\/wp\/v2\/posts\/24270","targetHints":{"allow":["GET"]}}],"collection":[{"href":"https:\/\/elfederalmendoza.com.ar\/index.php\/wp-json\/wp\/v2\/posts"}],"about":[{"href":"https:\/\/elfederalmendoza.com.ar\/index.php\/wp-json\/wp\/v2\/types\/post"}],"author":[{"embeddable":true,"href":"https:\/\/elfederalmendoza.com.ar\/index.php\/wp-json\/wp\/v2\/users\/2"}],"replies":[{"embeddable":true,"href":"https:\/\/elfederalmendoza.com.ar\/index.php\/wp-json\/wp\/v2\/comments?post=24270"}],"version-history":[{"count":1,"href":"https:\/\/elfederalmendoza.com.ar\/index.php\/wp-json\/wp\/v2\/posts\/24270\/revisions"}],"predecessor-version":[{"id":24274,"href":"https:\/\/elfederalmendoza.com.ar\/index.php\/wp-json\/wp\/v2\/posts\/24270\/revisions\/24274"}],"wp:featuredmedia":[{"embeddable":true,"href":"https:\/\/elfederalmendoza.com.ar\/index.php\/wp-json\/wp\/v2\/media\/24273"}],"wp:attachment":[{"href":"https:\/\/elfederalmendoza.com.ar\/index.php\/wp-json\/wp\/v2\/media?parent=24270"}],"wp:term":[{"taxonomy":"category","embeddable":true,"href":"https:\/\/elfederalmendoza.com.ar\/index.php\/wp-json\/wp\/v2\/categories?post=24270"},{"taxonomy":"post_tag","embeddable":true,"href":"https:\/\/elfederalmendoza.com.ar\/index.php\/wp-json\/wp\/v2\/tags?post=24270"}],"curies":[{"name":"wp","href":"https:\/\/api.w.org\/{rel}","templated":true}]}}