{"id":24285,"date":"2023-06-20T02:14:00","date_gmt":"2023-06-20T05:14:00","guid":{"rendered":"https:\/\/elfederalmendoza.com\/?p=24285"},"modified":"2023-06-20T14:41:08","modified_gmt":"2023-06-20T17:41:08","slug":"un-mendocino-de-tunuyan-gano-en-los-ocho-escalones-del-millon","status":"publish","type":"post","link":"https:\/\/elfederalmendoza.com.ar\/index.php\/2023\/06\/20\/un-mendocino-de-tunuyan-gano-en-los-ocho-escalones-del-millon\/","title":{"rendered":"Un mendocino de Tunuy\u00e1n gan\u00f3 en \u00abLos ocho escalones del mill\u00f3n\u00bb"},"content":{"rendered":"\n<p>En una noche llena de adrenalina y desaf\u00edos, Sebasti\u00e1n, un talentoso participante mendocino, hizo historia al convertirse en el ganador del famoso programa de<strong>&nbsp;televisi\u00f3n<\/strong>&nbsp;\u00ab<strong>Los ocho escalones del mill\u00f3n<\/strong>\u00ab. Oriundo del departamento<strong>&nbsp;Tunuy\u00e1n<\/strong>, Sebasti\u00e1n demostr\u00f3 su astucia y conocimiento para superar a sus competidores y llevarse el codiciado t\u00edtulo.<\/p>\n\n\n\n<p>\u00ab<strong>Los ocho escalones del mill\u00f3n<\/strong>\u00bb\u00a0es un exitoso programa de televisi\u00f3n argentino creado por la reconocida productora Endemol. Bajo la conducci\u00f3n carism\u00e1tica de Guido Kaczka, el programa se ha convertido en uno de los favoritos del p\u00fablico, manteniendo una s\u00f3lida posici\u00f3n en el horario central del Canal 13.<\/p>\n\n\n\n<p>La competencia consta de ocho desaf\u00edos intelectuales que los participantes deben superar con \u00e9xito para avanzar en el juego. Desde preguntas de cultura general hasta acertijos matem\u00e1ticos, el programa pone a prueba la inteligencia y habilidades de los concursantes.<\/p>\n\n\n\n<figure class=\"wp-block-image size-full\"><img loading=\"lazy\" decoding=\"async\" width=\"780\" height=\"416\" src=\"https:\/\/elfederalmendoza.com\/wp-content\/uploads\/2023\/06\/image-4.png\" alt=\"\" class=\"wp-image-24293\" srcset=\"https:\/\/elfederalmendoza.com.ar\/wp-content\/uploads\/2023\/06\/image-4.png 780w, https:\/\/elfederalmendoza.com.ar\/wp-content\/uploads\/2023\/06\/image-4-300x160.png 300w, https:\/\/elfederalmendoza.com.ar\/wp-content\/uploads\/2023\/06\/image-4-768x410.png 768w\" sizes=\"auto, (max-width: 780px) 100vw, 780px\" \/><\/figure>\n\n\n\n<p>Sebasti\u00e1n, con su destacada actuaci\u00f3n, logr\u00f3 derrotar a todos sus oponentes, mostrando una gran capacidad de respuesta y conocimiento en cada uno de los escalones del juego. Su destreza y confianza no pasaron desapercibidas ante los ojos del p\u00fablico y del propio presentador, Guido Kaczka, quien celebr\u00f3 la victoria del joven mendocino.<\/p>\n\n\n\n<p>Con este triunfo, Sebasti\u00e1n se consagra como uno de los mejores concursantes del programa, llev\u00e1ndose a casa un premio millonario y el reconocimiento de todo el pa\u00eds. Su dedicaci\u00f3n y preparaci\u00f3n fueron clave para su \u00e9xito en el programa, y su victoria es motivo de orgullo para la comunidad mendocina.<\/p>\n\n\n\n<p>\u00abLos ocho escalones del mill\u00f3n\u00bb sigue cautivando a la audiencia con su emocionante din\u00e1mica y la posibilidad de que cualquier participante pueda convertirse en el pr\u00f3ximo ganador. La historia de Sebasti\u00e1n es un claro ejemplo de que con esfuerzo y determinaci\u00f3n, los sue\u00f1os pueden hacerse realidad, incluso en el competitivo mundo de los juegos<strong>&nbsp;televisivos<\/strong>.<\/p>\n","protected":false},"excerpt":{"rendered":"<p>En una noche llena de adrenalina y desaf\u00edos, Sebasti\u00e1n, un talentoso participante mendocino, hizo historia al convertirse en el ganador del famoso programa de&nbsp;televisi\u00f3n&nbsp;\u00abLos ocho escalones del mill\u00f3n\u00ab. Oriundo del departamento&nbsp;Tunuy\u00e1n, Sebasti\u00e1n demostr\u00f3 su astucia y conocimiento para superar a sus competidores y llevarse el codiciado t\u00edtulo. \u00abLos ocho escalones del mill\u00f3n\u00bb\u00a0es un exitoso programa<a class=\"read-more\" href=\"https:\/\/elfederalmendoza.com.ar\/index.php\/2023\/06\/20\/un-mendocino-de-tunuyan-gano-en-los-ocho-escalones-del-millon\/\"> [&hellip;]<\/a><\/p>\n","protected":false},"author":2,"featured_media":24294,"comment_status":"open","ping_status":"open","sticky":false,"template":"","format":"standard","meta":{"footnotes":""},"categories":[1],"tags":[],"class_list":["post-24285","post","type-post","status-publish","format-standard","has-post-thumbnail","hentry","category-mza"],"rttpg_featured_image_url":{"full":["https:\/\/elfederalmendoza.com.ar\/wp-content\/uploads\/2023\/06\/guido-kaczka-1455425.jpg",950,534,false],"landscape":["https:\/\/elfederalmendoza.com.ar\/wp-content\/uploads\/2023\/06\/guido-kaczka-1455425.jpg",950,534,false],"portraits":["https:\/\/elfederalmendoza.com.ar\/wp-content\/uploads\/2023\/06\/guido-kaczka-1455425.jpg",950,534,false],"thumbnail":["https:\/\/elfederalmendoza.com.ar\/wp-content\/uploads\/2023\/06\/guido-kaczka-1455425-150x150.jpg",150,150,true],"medium":["https:\/\/elfederalmendoza.com.ar\/wp-content\/uploads\/2023\/06\/guido-kaczka-1455425-300x169.jpg",300,169,true],"large":["https:\/\/elfederalmendoza.com.ar\/wp-content\/uploads\/2023\/06\/guido-kaczka-1455425.jpg",640,360,false],"1536x1536":["https:\/\/elfederalmendoza.com.ar\/wp-content\/uploads\/2023\/06\/guido-kaczka-1455425.jpg",950,534,false],"2048x2048":["https:\/\/elfederalmendoza.com.ar\/wp-content\/uploads\/2023\/06\/guido-kaczka-1455425.jpg",950,534,false],"ultp_layout_landscape_large":["https:\/\/elfederalmendoza.com.ar\/wp-content\/uploads\/2023\/06\/guido-kaczka-1455425.jpg",950,534,false],"ultp_layout_landscape":["https:\/\/elfederalmendoza.com.ar\/wp-content\/uploads\/2023\/06\/guido-kaczka-1455425-870x534.jpg",870,534,true],"ultp_layout_portrait":["https:\/\/elfederalmendoza.com.ar\/wp-content\/uploads\/2023\/06\/guido-kaczka-1455425-600x534.jpg",600,534,true],"ultp_layout_square":["https:\/\/elfederalmendoza.com.ar\/wp-content\/uploads\/2023\/06\/guido-kaczka-1455425-600x534.jpg",600,534,true],"rpwe-thumbnail":["https:\/\/elfederalmendoza.com.ar\/wp-content\/uploads\/2023\/06\/guido-kaczka-1455425-45x45.jpg",45,45,true],"advps-thumb-one":["https:\/\/elfederalmendoza.com.ar\/wp-content\/uploads\/2023\/06\/guido-kaczka-1455425-950x420.jpg",950,420,true]},"rttpg_author":{"display_name":"Redacci\u00f3n El Federal","author_link":"https:\/\/elfederalmendoza.com.ar\/index.php\/author\/angelflores\/"},"rttpg_comment":0,"rttpg_category":"<a href=\"https:\/\/elfederalmendoza.com.ar\/index.php\/category\/mza\/\" rel=\"category tag\">Mendoza<\/a>","rttpg_excerpt":"En una noche llena de adrenalina y desaf\u00edos, Sebasti\u00e1n, un talentoso participante mendocino, hizo historia al convertirse en el ganador del famoso programa de&nbsp;televisi\u00f3n&nbsp;\u00abLos ocho escalones del mill\u00f3n\u00ab. Oriundo del departamento&nbsp;Tunuy\u00e1n, Sebasti\u00e1n demostr\u00f3 su astucia y conocimiento para superar a sus competidores y llevarse el codiciado t\u00edtulo. \u00abLos ocho escalones del mill\u00f3n\u00bb\u00a0es un exitoso programa&hellip;","_links":{"self":[{"href":"https:\/\/elfederalmendoza.com.ar\/index.php\/wp-json\/wp\/v2\/posts\/24285","targetHints":{"allow":["GET"]}}],"collection":[{"href":"https:\/\/elfederalmendoza.com.ar\/index.php\/wp-json\/wp\/v2\/posts"}],"about":[{"href":"https:\/\/elfederalmendoza.com.ar\/index.php\/wp-json\/wp\/v2\/types\/post"}],"author":[{"embeddable":true,"href":"https:\/\/elfederalmendoza.com.ar\/index.php\/wp-json\/wp\/v2\/users\/2"}],"replies":[{"embeddable":true,"href":"https:\/\/elfederalmendoza.com.ar\/index.php\/wp-json\/wp\/v2\/comments?post=24285"}],"version-history":[{"count":1,"href":"https:\/\/elfederalmendoza.com.ar\/index.php\/wp-json\/wp\/v2\/posts\/24285\/revisions"}],"predecessor-version":[{"id":24295,"href":"https:\/\/elfederalmendoza.com.ar\/index.php\/wp-json\/wp\/v2\/posts\/24285\/revisions\/24295"}],"wp:featuredmedia":[{"embeddable":true,"href":"https:\/\/elfederalmendoza.com.ar\/index.php\/wp-json\/wp\/v2\/media\/24294"}],"wp:attachment":[{"href":"https:\/\/elfederalmendoza.com.ar\/index.php\/wp-json\/wp\/v2\/media?parent=24285"}],"wp:term":[{"taxonomy":"category","embeddable":true,"href":"https:\/\/elfederalmendoza.com.ar\/index.php\/wp-json\/wp\/v2\/categories?post=24285"},{"taxonomy":"post_tag","embeddable":true,"href":"https:\/\/elfederalmendoza.com.ar\/index.php\/wp-json\/wp\/v2\/tags?post=24285"}],"curies":[{"name":"wp","href":"https:\/\/api.w.org\/{rel}","templated":true}]}}