{"id":24298,"date":"2023-06-20T02:54:00","date_gmt":"2023-06-20T05:54:00","guid":{"rendered":"https:\/\/elfederalmendoza.com\/?p=24298"},"modified":"2023-06-21T09:25:47","modified_gmt":"2023-06-21T12:25:47","slug":"quisieron-prender-fuego-la-legislatura-de-jujuy-mientras-se-trataba-la-reforma-constitucional","status":"publish","type":"post","link":"https:\/\/elfederalmendoza.com.ar\/index.php\/2023\/06\/20\/quisieron-prender-fuego-la-legislatura-de-jujuy-mientras-se-trataba-la-reforma-constitucional\/","title":{"rendered":"Quisieron prender fuego la Legislatura de Jujuy mientras se trataba la reforma constitucional"},"content":{"rendered":"\n<p>Serios incidentes de produjeron este martes en las inmediaciones de la\u00a0<strong>Legislatura en la provincia de Jujuy<\/strong>\u00a0cuando se llevaba a cabo la sesi\u00f3n por la\u00a0<strong>reforma constitucional<\/strong>. Un grupo de manifestantes atac\u00f3 el edificio y se enfrent\u00f3 con la Polic\u00eda.<\/p>\n\n\n\n<p>El gobernador Gerardo Morales\u00a0<strong>aprob\u00f3 la reforma constitucional de Jujuy\u00a0<\/strong>en la Legislatura mientras en las inmediaciones del edificio ocurren serios incidentes entre la Polic\u00eda y manifestantes.<\/p>\n\n\n\n<p>Minutos previos a la declaraci\u00f3n de la nueva Constituci\u00f3n,\u00a0<strong>se produjo una lluvia de balas de goma, gas pimienta, piedrazos, palos y hasta vallas ca\u00eddas.<\/strong>\u00a0En simultaneo, Morales jur\u00f3 frente al parlamento y en menos de un minuto aprob\u00f3 la reforma.<\/p>\n\n\n\n<p>Ante el conocimiento de lo declarado por el mandatario provincial, los manifestantes<strong>&nbsp;ingresaron a la fuerza a la Legislatura y hasta la prendieron fuego.<\/strong><\/p>\n\n\n\n<p>Mientras se trata saber d\u00f3nde est\u00e1 Gerardo Morales tras la aprobaci\u00f3n,<strong>\u00a0contin\u00faan los incidentes<\/strong>\u00a0en la zona aleda\u00f1a al parlamento ubicada en la calle Independencia y Gorriti, en Jujuy, donde\u00a0<strong>varias personas resultaron heridas<\/strong>. Los hechos quedaron registrados en videos.<\/p>\n\n\n\n<p>Hasta el momento, hay&nbsp;<strong>dos autos incendiados y varias personas heridas<\/strong>: \u00abNo podemos m\u00e1s\u00bb, sostuvo uno de los manifestantes.<\/p>\n\n\n\n<p>Medios televisivos mostraron el terrible momento en el que uno de los protestantes<strong>\u00a0recibi\u00f3 una lata de gas pimienta en su cabeza y result\u00f3 gravemente herido<\/strong>: \u00abEl corte super\u00f3 el hueso.\u00a0<strong>Est\u00e1 vivo pero muy dolorido<\/strong>\u00ab, inform\u00f3 un compa\u00f1ero de la v\u00edctima.<\/p>\n\n\n\n<p>Una hora despu\u00e9s del comienzo de los incidentes, intervino la Polic\u00eda Montada de la provincia.<strong>\u00a0Los manifestantes llegaron a prender fuego la Legislatura de Jujuy.<\/strong><\/p>\n\n\n\n<h2 class=\"wp-block-heading\">Gerardo Morales tuite\u00f3 y culp\u00f3 a Alberto y Cristina por lo ocurrido<\/h2>\n\n\n\n<p>El gobernador de Jujuy se comunic\u00f3 a trav\u00e9s de las redes sociales&nbsp;<strong>tras lo ocurrido luego de aprobar la reforma constitucional de esa provincia.<\/strong><\/p>\n\n\n\n<p>Expres\u00f3: \u00ab<strong>Hago responsable al presidente Alberto Fern\u00e1ndez y a la vicepresidenta Cristina Fern\u00e1ndez&nbsp;<\/strong>de la extrema violencia que se est\u00e1 viviendo en la provincia de Jujuy. Los violentos no nos van a torcer el brazo. A 40 a\u00f1os de democracia, repudio y&nbsp;<strong>llamo a todos los argentinos a repudiar lo que est\u00e1 haciendo el kirchnerismo y el Frente de Izquierda en Jujuy<\/strong>\u00ab.<\/p>\n\n\n\n<p>Sus palabras fueron acompa\u00f1adas de\u00a0<strong>videos y fotos de los incidentes<\/strong>\u00a0ocurridos en la ma\u00f1ana de este martes.<\/p>\n\n\n\n<h2 class=\"wp-block-heading\">Reforma constitucional en Jujuy<\/h2>\n\n\n\n<p>El principal cuestionamiento de los ciudadanos de Jujuy es<strong>&nbsp;la modificaci\u00f3n de dos art\u00edculos que sancionan y restringen la protesta social<\/strong>. A su vez, uno de ellos impulsa el desalojo expeditivo de quien no tenga t\u00edtulo de propiedad.<\/p>\n\n\n\n<p>Este panorama en la provincia gener\u00f3, desde hace d\u00edas,&nbsp;<strong>diversas protestas en contra de la reforma<\/strong>&nbsp;y de las pol\u00edticas de Gerardo Morales.<\/p>\n\n\n\n<p><strong>Nicol\u00e1s del Ca\u00f1o estuvo presente en la manifestaci\u00f3n<\/strong>\u00a0y expres\u00f3: \u00abHa sido una\u00a0<strong>represi\u00f3n brutal a una manifestaci\u00f3n multitudinaria\u00a0<\/strong>llena de trabajadores y estudiantes. Hay heridos graves.\u00a0<strong>Esto es el r\u00e9gimen de Gerardo Morales<\/strong>\u00ab.<\/p>\n\n\n\n<p><strong>La reforma incluye tambi\u00e9n modificaciones al sistema electoral: e<\/strong><strong>limina las elecciones de medio t\u00e9rmino<\/strong>, dejando el art\u00edculo 106 as\u00ed: \u00ab<strong>La Legislatura se renovar\u00e1 en forma total cada cuatro a\u00f1os<\/strong>, pudiendo sus miembros ser reelectos por un periodo consecutivo. Cumplido el mismo, no podr\u00e1n ser reelegidos sucesivamente sino con un intervalo legal\u00bb.<\/p>\n\n\n\n<p>Adem\u00e1s, marca que \u00ab<strong>el partido que obtenga la mayor\u00eda de votos en las elecciones para Gobernador (se quedar\u00e1 con) la mitad m\u00e1s uno de las bancas de la Legislatura<\/strong>\u00ab.<\/p>\n","protected":false},"excerpt":{"rendered":"<p>Serios incidentes de produjeron este martes en las inmediaciones de la\u00a0Legislatura en la provincia de Jujuy\u00a0cuando se llevaba a cabo la sesi\u00f3n por la\u00a0reforma constitucional. Un grupo de manifestantes atac\u00f3 el edificio y se enfrent\u00f3 con la Polic\u00eda. El gobernador Gerardo Morales\u00a0aprob\u00f3 la reforma constitucional de Jujuy\u00a0en la Legislatura mientras en las inmediaciones del edificio<a class=\"read-more\" href=\"https:\/\/elfederalmendoza.com.ar\/index.php\/2023\/06\/20\/quisieron-prender-fuego-la-legislatura-de-jujuy-mientras-se-trataba-la-reforma-constitucional\/\"> [&hellip;]<\/a><\/p>\n","protected":false},"author":2,"featured_media":24300,"comment_status":"open","ping_status":"open","sticky":false,"template":"","format":"standard","meta":{"footnotes":""},"categories":[5618],"tags":[],"class_list":["post-24298","post","type-post","status-publish","format-standard","has-post-thumbnail","hentry","category-arg"],"rttpg_featured_image_url":{"full":["https:\/\/elfederalmendoza.com.ar\/wp-content\/uploads\/2023\/06\/disturbios-frente-a-la-legislatura-en-jujuy-1592420.webp",1366,768,false],"landscape":["https:\/\/elfederalmendoza.com.ar\/wp-content\/uploads\/2023\/06\/disturbios-frente-a-la-legislatura-en-jujuy-1592420.webp",1366,768,false],"portraits":["https:\/\/elfederalmendoza.com.ar\/wp-content\/uploads\/2023\/06\/disturbios-frente-a-la-legislatura-en-jujuy-1592420.webp",1366,768,false],"thumbnail":["https:\/\/elfederalmendoza.com.ar\/wp-content\/uploads\/2023\/06\/disturbios-frente-a-la-legislatura-en-jujuy-1592420-150x150.webp",150,150,true],"medium":["https:\/\/elfederalmendoza.com.ar\/wp-content\/uploads\/2023\/06\/disturbios-frente-a-la-legislatura-en-jujuy-1592420-300x169.webp",300,169,true],"large":["https:\/\/elfederalmendoza.com.ar\/wp-content\/uploads\/2023\/06\/disturbios-frente-a-la-legislatura-en-jujuy-1592420-1024x576.webp",640,360,true],"1536x1536":["https:\/\/elfederalmendoza.com.ar\/wp-content\/uploads\/2023\/06\/disturbios-frente-a-la-legislatura-en-jujuy-1592420.webp",1366,768,false],"2048x2048":["https:\/\/elfederalmendoza.com.ar\/wp-content\/uploads\/2023\/06\/disturbios-frente-a-la-legislatura-en-jujuy-1592420.webp",1366,768,false],"ultp_layout_landscape_large":["https:\/\/elfederalmendoza.com.ar\/wp-content\/uploads\/2023\/06\/disturbios-frente-a-la-legislatura-en-jujuy-1592420-1200x768.webp",1200,768,true],"ultp_layout_landscape":["https:\/\/elfederalmendoza.com.ar\/wp-content\/uploads\/2023\/06\/disturbios-frente-a-la-legislatura-en-jujuy-1592420-870x570.webp",870,570,true],"ultp_layout_portrait":["https:\/\/elfederalmendoza.com.ar\/wp-content\/uploads\/2023\/06\/disturbios-frente-a-la-legislatura-en-jujuy-1592420-600x768.webp",600,768,true],"ultp_layout_square":["https:\/\/elfederalmendoza.com.ar\/wp-content\/uploads\/2023\/06\/disturbios-frente-a-la-legislatura-en-jujuy-1592420-600x600.webp",600,600,true],"rpwe-thumbnail":["https:\/\/elfederalmendoza.com.ar\/wp-content\/uploads\/2023\/06\/disturbios-frente-a-la-legislatura-en-jujuy-1592420-45x45.webp",45,45,true],"advps-thumb-one":["https:\/\/elfederalmendoza.com.ar\/wp-content\/uploads\/2023\/06\/disturbios-frente-a-la-legislatura-en-jujuy-1592420-1200x420.webp",1200,420,true]},"rttpg_author":{"display_name":"Redacci\u00f3n El Federal","author_link":"https:\/\/elfederalmendoza.com.ar\/index.php\/author\/angelflores\/"},"rttpg_comment":0,"rttpg_category":"<a href=\"https:\/\/elfederalmendoza.com.ar\/index.php\/category\/arg\/\" rel=\"category tag\">Argentina<\/a>","rttpg_excerpt":"Serios incidentes de produjeron este martes en las inmediaciones de la\u00a0Legislatura en la provincia de Jujuy\u00a0cuando se llevaba a cabo la sesi\u00f3n por la\u00a0reforma constitucional. Un grupo de manifestantes atac\u00f3 el edificio y se enfrent\u00f3 con la Polic\u00eda. El gobernador Gerardo Morales\u00a0aprob\u00f3 la reforma constitucional de Jujuy\u00a0en la Legislatura mientras en las inmediaciones del edificio&hellip;","_links":{"self":[{"href":"https:\/\/elfederalmendoza.com.ar\/index.php\/wp-json\/wp\/v2\/posts\/24298","targetHints":{"allow":["GET"]}}],"collection":[{"href":"https:\/\/elfederalmendoza.com.ar\/index.php\/wp-json\/wp\/v2\/posts"}],"about":[{"href":"https:\/\/elfederalmendoza.com.ar\/index.php\/wp-json\/wp\/v2\/types\/post"}],"author":[{"embeddable":true,"href":"https:\/\/elfederalmendoza.com.ar\/index.php\/wp-json\/wp\/v2\/users\/2"}],"replies":[{"embeddable":true,"href":"https:\/\/elfederalmendoza.com.ar\/index.php\/wp-json\/wp\/v2\/comments?post=24298"}],"version-history":[{"count":2,"href":"https:\/\/elfederalmendoza.com.ar\/index.php\/wp-json\/wp\/v2\/posts\/24298\/revisions"}],"predecessor-version":[{"id":24304,"href":"https:\/\/elfederalmendoza.com.ar\/index.php\/wp-json\/wp\/v2\/posts\/24298\/revisions\/24304"}],"wp:featuredmedia":[{"embeddable":true,"href":"https:\/\/elfederalmendoza.com.ar\/index.php\/wp-json\/wp\/v2\/media\/24300"}],"wp:attachment":[{"href":"https:\/\/elfederalmendoza.com.ar\/index.php\/wp-json\/wp\/v2\/media?parent=24298"}],"wp:term":[{"taxonomy":"category","embeddable":true,"href":"https:\/\/elfederalmendoza.com.ar\/index.php\/wp-json\/wp\/v2\/categories?post=24298"},{"taxonomy":"post_tag","embeddable":true,"href":"https:\/\/elfederalmendoza.com.ar\/index.php\/wp-json\/wp\/v2\/tags?post=24298"}],"curies":[{"name":"wp","href":"https:\/\/api.w.org\/{rel}","templated":true}]}}