{"id":24604,"date":"2023-06-29T08:48:26","date_gmt":"2023-06-29T11:48:26","guid":{"rendered":"https:\/\/elfederalmendoza.com\/?p=24604"},"modified":"2023-06-29T08:48:27","modified_gmt":"2023-06-29T11:48:27","slug":"una-mujer-choco-salio-despedida-de-su-auto-y-murio-en-junin","status":"publish","type":"post","link":"https:\/\/elfederalmendoza.com.ar\/index.php\/2023\/06\/29\/una-mujer-choco-salio-despedida-de-su-auto-y-murio-en-junin\/","title":{"rendered":"Una mujer choc\u00f3, sali\u00f3 despedida de su auto y muri\u00f3 en Jun\u00edn"},"content":{"rendered":"\n<p>Una\u00a0<strong>mujer de 45 a\u00f1os muri\u00f3<\/strong>\u00a0este jueves por la madrugada en la calle Belgrano del departamento de Jun\u00edn. Choc\u00f3 contra un \u00e1rbol y termin\u00f3 incrustada contra una casa.<\/p>\n\n\n\n<p>El hecho ocurri\u00f3 alrededor de la 1.30 de la ma\u00f1ana cuando\u00a0<strong>Paola Vanesa Quevedo<\/strong>\u00a0manejaba un Chevrolet Astra por la mencionada calle en sentido hacia el Oeste. La mujer perdi\u00f3 el dominio y choc\u00f3 contra un \u00e1rbol, el auto sigui\u00f3 e impact\u00f3 contra el cierre de un domicilio.<\/p>\n\n\n\n<figure class=\"wp-block-image size-full\"><img loading=\"lazy\" decoding=\"async\" width=\"931\" height=\"567\" src=\"https:\/\/elfederalmendoza.com\/wp-content\/uploads\/2023\/06\/JUNIN1.jpg\" alt=\"\" class=\"wp-image-24606\" srcset=\"https:\/\/elfederalmendoza.com.ar\/wp-content\/uploads\/2023\/06\/JUNIN1.jpg 931w, https:\/\/elfederalmendoza.com.ar\/wp-content\/uploads\/2023\/06\/JUNIN1-300x183.jpg 300w, https:\/\/elfederalmendoza.com.ar\/wp-content\/uploads\/2023\/06\/JUNIN1-768x468.jpg 768w\" sizes=\"auto, (max-width: 931px) 100vw, 931px\" \/><\/figure>\n\n\n\n<p>El veh\u00edculo qued\u00f3 volcado y con el frente hacia el norte. <strong>La conductora y una acompa\u00f1ante de 23 a\u00f1os salieron despedidas por el frente de auto.<\/strong><\/p>\n\n\n\n<p>Al lugar llegaron bomberos voluntarios, personal de la comisar\u00eda departamental y una ambulancia. La mujer muri\u00f3 en el lugar producto de los golpes; <strong>en tanto su acompa\u00f1ante sufri\u00f3 algunas heridas de consideraci\u00f3n<\/strong>, perdi\u00f3 el conocimiento pero se recuper\u00f3.<\/p>\n\n\n\n<p>La conductora viv\u00eda en el barrio Constantino Spagnolo de Jun\u00edn, en tanto su acompa\u00f1ante reside en el callej\u00f3n Garc\u00eda y Ruta 60, tambi\u00e9n en el departamento.<\/p>\n","protected":false},"excerpt":{"rendered":"<p>Una\u00a0mujer de 45 a\u00f1os muri\u00f3\u00a0este jueves por la madrugada en la calle Belgrano del departamento de Jun\u00edn. Choc\u00f3 contra un \u00e1rbol y termin\u00f3 incrustada contra una casa. El hecho ocurri\u00f3 alrededor de la 1.30 de la ma\u00f1ana cuando\u00a0Paola Vanesa Quevedo\u00a0manejaba un Chevrolet Astra por la mencionada calle en sentido hacia el Oeste. La mujer perdi\u00f3<a class=\"read-more\" href=\"https:\/\/elfederalmendoza.com.ar\/index.php\/2023\/06\/29\/una-mujer-choco-salio-despedida-de-su-auto-y-murio-en-junin\/\"> [&hellip;]<\/a><\/p>\n","protected":false},"author":2,"featured_media":24607,"comment_status":"open","ping_status":"open","sticky":false,"template":"","format":"standard","meta":{"footnotes":""},"categories":[1],"tags":[],"class_list":["post-24604","post","type-post","status-publish","format-standard","has-post-thumbnail","hentry","category-mza"],"rttpg_featured_image_url":{"full":["https:\/\/elfederalmendoza.com.ar\/wp-content\/uploads\/2023\/06\/JUNIN.jpg",1253,619,false],"landscape":["https:\/\/elfederalmendoza.com.ar\/wp-content\/uploads\/2023\/06\/JUNIN.jpg",1253,619,false],"portraits":["https:\/\/elfederalmendoza.com.ar\/wp-content\/uploads\/2023\/06\/JUNIN.jpg",1253,619,false],"thumbnail":["https:\/\/elfederalmendoza.com.ar\/wp-content\/uploads\/2023\/06\/JUNIN-150x150.jpg",150,150,true],"medium":["https:\/\/elfederalmendoza.com.ar\/wp-content\/uploads\/2023\/06\/JUNIN-300x148.jpg",300,148,true],"large":["https:\/\/elfederalmendoza.com.ar\/wp-content\/uploads\/2023\/06\/JUNIN-1024x506.jpg",640,316,true],"1536x1536":["https:\/\/elfederalmendoza.com.ar\/wp-content\/uploads\/2023\/06\/JUNIN.jpg",1253,619,false],"2048x2048":["https:\/\/elfederalmendoza.com.ar\/wp-content\/uploads\/2023\/06\/JUNIN.jpg",1253,619,false],"ultp_layout_landscape_large":["https:\/\/elfederalmendoza.com.ar\/wp-content\/uploads\/2023\/06\/JUNIN-1200x619.jpg",1200,619,true],"ultp_layout_landscape":["https:\/\/elfederalmendoza.com.ar\/wp-content\/uploads\/2023\/06\/JUNIN-870x570.jpg",870,570,true],"ultp_layout_portrait":["https:\/\/elfederalmendoza.com.ar\/wp-content\/uploads\/2023\/06\/JUNIN-600x619.jpg",600,619,true],"ultp_layout_square":["https:\/\/elfederalmendoza.com.ar\/wp-content\/uploads\/2023\/06\/JUNIN-600x600.jpg",600,600,true],"rpwe-thumbnail":["https:\/\/elfederalmendoza.com.ar\/wp-content\/uploads\/2023\/06\/JUNIN-45x45.jpg",45,45,true],"advps-thumb-one":["https:\/\/elfederalmendoza.com.ar\/wp-content\/uploads\/2023\/06\/JUNIN-1200x420.jpg",1200,420,true]},"rttpg_author":{"display_name":"Redacci\u00f3n El Federal","author_link":"https:\/\/elfederalmendoza.com.ar\/index.php\/author\/angelflores\/"},"rttpg_comment":0,"rttpg_category":"<a href=\"https:\/\/elfederalmendoza.com.ar\/index.php\/category\/mza\/\" rel=\"category tag\">Mendoza<\/a>","rttpg_excerpt":"Una\u00a0mujer de 45 a\u00f1os muri\u00f3\u00a0este jueves por la madrugada en la calle Belgrano del departamento de Jun\u00edn. Choc\u00f3 contra un \u00e1rbol y termin\u00f3 incrustada contra una casa. El hecho ocurri\u00f3 alrededor de la 1.30 de la ma\u00f1ana cuando\u00a0Paola Vanesa Quevedo\u00a0manejaba un Chevrolet Astra por la mencionada calle en sentido hacia el Oeste. La mujer perdi\u00f3&hellip;","_links":{"self":[{"href":"https:\/\/elfederalmendoza.com.ar\/index.php\/wp-json\/wp\/v2\/posts\/24604","targetHints":{"allow":["GET"]}}],"collection":[{"href":"https:\/\/elfederalmendoza.com.ar\/index.php\/wp-json\/wp\/v2\/posts"}],"about":[{"href":"https:\/\/elfederalmendoza.com.ar\/index.php\/wp-json\/wp\/v2\/types\/post"}],"author":[{"embeddable":true,"href":"https:\/\/elfederalmendoza.com.ar\/index.php\/wp-json\/wp\/v2\/users\/2"}],"replies":[{"embeddable":true,"href":"https:\/\/elfederalmendoza.com.ar\/index.php\/wp-json\/wp\/v2\/comments?post=24604"}],"version-history":[{"count":1,"href":"https:\/\/elfederalmendoza.com.ar\/index.php\/wp-json\/wp\/v2\/posts\/24604\/revisions"}],"predecessor-version":[{"id":24608,"href":"https:\/\/elfederalmendoza.com.ar\/index.php\/wp-json\/wp\/v2\/posts\/24604\/revisions\/24608"}],"wp:featuredmedia":[{"embeddable":true,"href":"https:\/\/elfederalmendoza.com.ar\/index.php\/wp-json\/wp\/v2\/media\/24607"}],"wp:attachment":[{"href":"https:\/\/elfederalmendoza.com.ar\/index.php\/wp-json\/wp\/v2\/media?parent=24604"}],"wp:term":[{"taxonomy":"category","embeddable":true,"href":"https:\/\/elfederalmendoza.com.ar\/index.php\/wp-json\/wp\/v2\/categories?post=24604"},{"taxonomy":"post_tag","embeddable":true,"href":"https:\/\/elfederalmendoza.com.ar\/index.php\/wp-json\/wp\/v2\/tags?post=24604"}],"curies":[{"name":"wp","href":"https:\/\/api.w.org\/{rel}","templated":true}]}}