{"id":24704,"date":"2023-07-01T11:09:23","date_gmt":"2023-07-01T14:09:23","guid":{"rendered":"https:\/\/elfederalmendoza.com\/?p=24704"},"modified":"2023-07-01T11:11:54","modified_gmt":"2023-07-01T14:11:54","slug":"juanita-ghiotti-se-recupera-de-la-segunda-intervencion-y-el-lunes-empieza-la-rehabilitacion","status":"publish","type":"post","link":"https:\/\/elfederalmendoza.com.ar\/index.php\/2023\/07\/01\/juanita-ghiotti-se-recupera-de-la-segunda-intervencion-y-el-lunes-empieza-la-rehabilitacion\/","title":{"rendered":"Juanita Ghiotti se recupera de la segunda intervenci\u00f3n y el lunes empieza la rehabilitaci\u00f3n"},"content":{"rendered":"\n<p><strong>Juanita Ghiotti&nbsp;<\/strong>(5) comienza el lunes su rehabilitaci\u00f3n en Espa\u00f1a y para poder realizarla necesita reunir una importante cantidad de dinero. Por ellos, el cuerpo t\u00e9cnico de la&nbsp;<strong>Selecci\u00f3n Argentina<\/strong>&nbsp;don\u00f3 una camiseta para que la familia de la peque\u00f1a mendocina sortee y as\u00ed poder juntar fondos.<\/p>\n\n\n\n<p>La nena padec\u00eda de agnecia de radio y mano Boot \u2013 no contaba con sus huesos radiales ni sus pulgares-, y en marzo viaj\u00f3 a ese pa\u00eds para operarse. Luego de dos intervenciones quir\u00fargicas, la peque\u00f1a necesita comenzar el proceso de rehabilitaci\u00f3n y para hacerlo necesita de ocho millones de pesos para continuar seis meses en Barcelona.<\/p>\n\n\n\n<p>Es por eso que su mam\u00e1&nbsp;<strong>Ruth D\u00e1vila&nbsp;<\/strong>encabez\u00f3 una colecta para recaudar fondos y cont\u00f3 con la ayuda de varios deportistas que le donaron camisetas para el sorteo que est\u00e1 haciendo.<\/p>\n\n\n\n<p>Unos de ellos fue el cuerpo t\u00e9cnico de la\u00a0<strong>Selecci\u00f3n Argentina<\/strong>\u00a0\u2013<strong>Lionel Scaloni, Pablo Aimar, Walter Samuel, Roberto Ayala, Luis Mart\u00edn<\/strong>\u00a0y\u00a0<strong>Mart\u00edn Tocayo<\/strong>-, que donaron una casaca albiceleste.<\/p>\n\n\n\n<p>Otro que se sum\u00f3 a la colecta fue el ex jugador&nbsp;<strong>Mart\u00edn Palermo<\/strong>, quien le dej\u00f3 un mensaje a la peque\u00f1a:&nbsp;<em>\u201cHola Juanita. S\u00e9 que sos hincha de Boca y le vamos a pedir a todos que se sumen a la campa\u00f1a para poder ayudarte, te mando un beso\u201d.<\/em><\/p>\n\n\n\n<h2 class=\"wp-block-heading\" id=\"h-como-esta-juanita\">\u00bfC\u00f3mo est\u00e1 Juanita?<\/h2>\n\n\n\n<p>Dos d\u00edas despu\u00e9s de su cumplea\u00f1os, Juanita nuevamente ingres\u00f3 al quir\u00f3fano el 15 de junio para que le extraigan todo el implante que le hab\u00edan puesto en marzo debido a una posible infecci\u00f3n en su hueso. Afortunadamente, todo sali\u00f3 bien.<\/p>\n\n\n\n<p><em>\u00a0\u201cHoy tuve control con mi doctor y mi herida est\u00e1 cerrada gracias a Dios todo va excelente. La semana que viene si mi herida ya est\u00e1 cicatrizada empiezo mi rehabilitaci\u00f3n. Que voy a hacer una parte ac\u00e1 y otra en Mendoza. Para mi piernita hay que esperar un poco m\u00e1s, ya que si o si tengo que esperar cinco semanas m\u00e1s de yeso. Estoy feliz porque todo va muy bien\u201d,\u00a0<\/em>expres\u00f3 en un posteo.<\/p>\n\n\n\n<p>Ahora se prepara para el proceso de rehabilitaci\u00f3n, la cual una parte har\u00e1 en la provincia. Sin embargo, debe costear los gastos en ese pa\u00eds, mientras dure el proceso. A partir de esa situaci\u00f3n es que crearon un sorteo para lograr juntar el dinero.<\/p>\n\n\n\n<p>Los interesados en participar deber\u00e1n hacerlo donando al alias FUNDACI\u00d3N.DONAR.<\/p>\n\n\n\n<p><em>Fuente: El Sol<\/em><\/p>\n","protected":false},"excerpt":{"rendered":"<p>Juanita Ghiotti&nbsp;(5) comienza el lunes su rehabilitaci\u00f3n en Espa\u00f1a y para poder realizarla necesita reunir una importante cantidad de dinero. Por ellos, el cuerpo t\u00e9cnico de la&nbsp;Selecci\u00f3n Argentina&nbsp;don\u00f3 una camiseta para que la familia de la peque\u00f1a mendocina sortee y as\u00ed poder juntar fondos. La nena padec\u00eda de agnecia de radio y mano Boot \u2013<a class=\"read-more\" href=\"https:\/\/elfederalmendoza.com.ar\/index.php\/2023\/07\/01\/juanita-ghiotti-se-recupera-de-la-segunda-intervencion-y-el-lunes-empieza-la-rehabilitacion\/\"> [&hellip;]<\/a><\/p>\n","protected":false},"author":2,"featured_media":24705,"comment_status":"open","ping_status":"open","sticky":false,"template":"","format":"standard","meta":{"footnotes":""},"categories":[1],"tags":[],"class_list":["post-24704","post","type-post","status-publish","format-standard","has-post-thumbnail","hentry","category-mza"],"rttpg_featured_image_url":{"full":["https:\/\/elfederalmendoza.com.ar\/wp-content\/uploads\/2023\/07\/juanita.webp",1069,717,false],"landscape":["https:\/\/elfederalmendoza.com.ar\/wp-content\/uploads\/2023\/07\/juanita.webp",1069,717,false],"portraits":["https:\/\/elfederalmendoza.com.ar\/wp-content\/uploads\/2023\/07\/juanita.webp",1069,717,false],"thumbnail":["https:\/\/elfederalmendoza.com.ar\/wp-content\/uploads\/2023\/07\/juanita-150x150.webp",150,150,true],"medium":["https:\/\/elfederalmendoza.com.ar\/wp-content\/uploads\/2023\/07\/juanita-300x201.webp",300,201,true],"large":["https:\/\/elfederalmendoza.com.ar\/wp-content\/uploads\/2023\/07\/juanita-1024x687.webp",640,429,true],"1536x1536":["https:\/\/elfederalmendoza.com.ar\/wp-content\/uploads\/2023\/07\/juanita.webp",1069,717,false],"2048x2048":["https:\/\/elfederalmendoza.com.ar\/wp-content\/uploads\/2023\/07\/juanita.webp",1069,717,false],"ultp_layout_landscape_large":["https:\/\/elfederalmendoza.com.ar\/wp-content\/uploads\/2023\/07\/juanita.webp",1069,717,false],"ultp_layout_landscape":["https:\/\/elfederalmendoza.com.ar\/wp-content\/uploads\/2023\/07\/juanita-870x570.webp",870,570,true],"ultp_layout_portrait":["https:\/\/elfederalmendoza.com.ar\/wp-content\/uploads\/2023\/07\/juanita-600x717.webp",600,717,true],"ultp_layout_square":["https:\/\/elfederalmendoza.com.ar\/wp-content\/uploads\/2023\/07\/juanita-600x600.webp",600,600,true],"rpwe-thumbnail":["https:\/\/elfederalmendoza.com.ar\/wp-content\/uploads\/2023\/07\/juanita-45x45.webp",45,45,true],"advps-thumb-one":["https:\/\/elfederalmendoza.com.ar\/wp-content\/uploads\/2023\/07\/juanita-1069x420.webp",1069,420,true]},"rttpg_author":{"display_name":"Redacci\u00f3n El Federal","author_link":"https:\/\/elfederalmendoza.com.ar\/index.php\/author\/angelflores\/"},"rttpg_comment":0,"rttpg_category":"<a href=\"https:\/\/elfederalmendoza.com.ar\/index.php\/category\/mza\/\" rel=\"category tag\">Mendoza<\/a>","rttpg_excerpt":"Juanita Ghiotti&nbsp;(5) comienza el lunes su rehabilitaci\u00f3n en Espa\u00f1a y para poder realizarla necesita reunir una importante cantidad de dinero. Por ellos, el cuerpo t\u00e9cnico de la&nbsp;Selecci\u00f3n Argentina&nbsp;don\u00f3 una camiseta para que la familia de la peque\u00f1a mendocina sortee y as\u00ed poder juntar fondos. La nena padec\u00eda de agnecia de radio y mano Boot \u2013&hellip;","_links":{"self":[{"href":"https:\/\/elfederalmendoza.com.ar\/index.php\/wp-json\/wp\/v2\/posts\/24704","targetHints":{"allow":["GET"]}}],"collection":[{"href":"https:\/\/elfederalmendoza.com.ar\/index.php\/wp-json\/wp\/v2\/posts"}],"about":[{"href":"https:\/\/elfederalmendoza.com.ar\/index.php\/wp-json\/wp\/v2\/types\/post"}],"author":[{"embeddable":true,"href":"https:\/\/elfederalmendoza.com.ar\/index.php\/wp-json\/wp\/v2\/users\/2"}],"replies":[{"embeddable":true,"href":"https:\/\/elfederalmendoza.com.ar\/index.php\/wp-json\/wp\/v2\/comments?post=24704"}],"version-history":[{"count":2,"href":"https:\/\/elfederalmendoza.com.ar\/index.php\/wp-json\/wp\/v2\/posts\/24704\/revisions"}],"predecessor-version":[{"id":24710,"href":"https:\/\/elfederalmendoza.com.ar\/index.php\/wp-json\/wp\/v2\/posts\/24704\/revisions\/24710"}],"wp:featuredmedia":[{"embeddable":true,"href":"https:\/\/elfederalmendoza.com.ar\/index.php\/wp-json\/wp\/v2\/media\/24705"}],"wp:attachment":[{"href":"https:\/\/elfederalmendoza.com.ar\/index.php\/wp-json\/wp\/v2\/media?parent=24704"}],"wp:term":[{"taxonomy":"category","embeddable":true,"href":"https:\/\/elfederalmendoza.com.ar\/index.php\/wp-json\/wp\/v2\/categories?post=24704"},{"taxonomy":"post_tag","embeddable":true,"href":"https:\/\/elfederalmendoza.com.ar\/index.php\/wp-json\/wp\/v2\/tags?post=24704"}],"curies":[{"name":"wp","href":"https:\/\/api.w.org\/{rel}","templated":true}]}}