{"id":24711,"date":"2023-07-01T11:49:18","date_gmt":"2023-07-01T14:49:18","guid":{"rendered":"https:\/\/elfederalmendoza.com\/?p=24711"},"modified":"2023-07-01T11:49:18","modified_gmt":"2023-07-01T14:49:18","slug":"detuvieron-a-la-pareja-que-baleo-al-publicista-en-el-parque-san-martin","status":"publish","type":"post","link":"https:\/\/elfederalmendoza.com.ar\/index.php\/2023\/07\/01\/detuvieron-a-la-pareja-que-baleo-al-publicista-en-el-parque-san-martin\/","title":{"rendered":"Detuvieron a la pareja que bale\u00f3 al publicista en el Parque San Mart\u00edn"},"content":{"rendered":"\n<p>En apenas cuatro d\u00edas, la polic\u00eda de Mendoza&nbsp;<strong>captur\u00f3<\/strong>&nbsp;a la pareja de&nbsp;<strong>ladrones<\/strong>&nbsp;que&nbsp;<strong>asalt\u00f3 y bale\u00f3<\/strong>&nbsp;al reconocido&nbsp;<strong>publicista<\/strong>&nbsp;mendocino&nbsp;<strong>Fernando von der Heyde<\/strong>, el pasado 26 de junio, en las inmediaciones del Club Regatas, en el Parque San Mart\u00edn.<\/p>\n\n\n\n<p>Y todo pas\u00f3 en un mismo d\u00eda. Porque este viernes fue atrapado en Las Heras Jonathan Godoy Barrera, de 21 a\u00f1os, quien habr\u00eda sido el autor del disparo con el que hirieron al profesional en la clav\u00edcula para luego robarle la bicicleta en la que viajaba. Y unas horas m\u00e1s tarde, tambi\u00e9n en Las Heras, personal policial aprehendi\u00f3 a una joven de 34 a\u00f1os, identificada con las iniciales Y. I. D. M. quien, por sus caracter\u00edsticas, es la c\u00f3mplice del robo.<\/p>\n\n\n\n<p>Por \u00f3rdenes del fiscal de Homicidios Carlos Torres, la mujer fue trasladada a la comisar\u00eda 4ta y qued\u00f3 a disposici\u00f3n de la oficina fiscal 13. Se le secuestr\u00f3 un tel\u00e9fono celular.<\/p>\n\n\n\n<p>La justicia tambi\u00e9n determin\u00f3 cuatro \u00f3rdenes de allanamiento, que ser\u00edan los lugares que frecuentaba Godoy Barrera. Adem\u00e1s, si bien no trascendieron mayores detalles, se supo que lograron encontrar elementos de inter\u00e9s para la causa.<\/p>\n\n\n\n<p><strong>Fernando von der Heyde<\/strong>&nbsp;es un reconocido&nbsp;<strong>publicista<\/strong>&nbsp;mendocino que fue asaltado por dos malvivientes a punta de pistola. El 26 de junio pasado, el profesional fue interceptado por dos ladrones, un var\u00f3n y una mujer, quienes a punta de pistola le robaron una bicicleta y le dispararon a quemarropa, sin mediar palabras.<\/p>\n\n\n\n<p><strong>Von der Heyde<\/strong>&nbsp;permaneci\u00f3 internado desde el pasado lunes en terapia intensiva de la Cl\u00ednica de Cuyo, y reci\u00e9n este mi\u00e9rcoles pas\u00f3 a sala com\u00fan. El hombre, si bien se encuentra consciente, tuvo que someterse a un tratamiento para eliminar la sangre alojada en el pulm\u00f3n izquierdo, que hab\u00eda sido perforado por el proyectil.<\/p>\n\n\n\n<h3 class=\"wp-block-heading\"><strong>Ya est\u00e1 en casa, en plena recuperaci\u00f3n<\/strong><\/h3>\n\n\n\n<p>Marcelo<strong>&nbsp;von der Heyde,&nbsp;<\/strong>hermano de la v\u00edctima<strong>,&nbsp;<\/strong>asegur\u00f3 a&nbsp;<strong>Diario Mendoza<\/strong>&nbsp;que se enteraron de la noticia por los medios de comunicaci\u00f3n y que reci\u00e9n este viernes recibieron la informaci\u00f3n de la detenci\u00f3n del delincuente por parte de la investigaci\u00f3n. En ese sentido, tambi\u00e9n dio detalles del estado de salud del&nbsp;<strong>publicista:<\/strong>&nbsp;\u201cFernando est\u00e1 en su casa. Ya fue dado de alta, as\u00ed que est\u00e1 muy bien. Le sacaron la sonda y el suero, por lo que est\u00e1 recuper\u00e1ndose normalmente\u201d, coment\u00f3.&nbsp;<\/p>\n","protected":false},"excerpt":{"rendered":"<p>En apenas cuatro d\u00edas, la polic\u00eda de Mendoza&nbsp;captur\u00f3&nbsp;a la pareja de&nbsp;ladrones&nbsp;que&nbsp;asalt\u00f3 y bale\u00f3&nbsp;al reconocido&nbsp;publicista&nbsp;mendocino&nbsp;Fernando von der Heyde, el pasado 26 de junio, en las inmediaciones del Club Regatas, en el Parque San Mart\u00edn. Y todo pas\u00f3 en un mismo d\u00eda. Porque este viernes fue atrapado en Las Heras Jonathan Godoy Barrera, de 21 a\u00f1os, quien<a class=\"read-more\" href=\"https:\/\/elfederalmendoza.com.ar\/index.php\/2023\/07\/01\/detuvieron-a-la-pareja-que-baleo-al-publicista-en-el-parque-san-martin\/\"> [&hellip;]<\/a><\/p>\n","protected":false},"author":2,"featured_media":24712,"comment_status":"open","ping_status":"open","sticky":false,"template":"","format":"standard","meta":{"footnotes":""},"categories":[1],"tags":[],"class_list":["post-24711","post","type-post","status-publish","format-standard","has-post-thumbnail","hentry","category-mza"],"rttpg_featured_image_url":{"full":["https:\/\/elfederalmendoza.com.ar\/wp-content\/uploads\/2023\/07\/FI7PKYNLZBDFVG2H5SV66LQ25I.webp",980,640,false],"landscape":["https:\/\/elfederalmendoza.com.ar\/wp-content\/uploads\/2023\/07\/FI7PKYNLZBDFVG2H5SV66LQ25I.webp",980,640,false],"portraits":["https:\/\/elfederalmendoza.com.ar\/wp-content\/uploads\/2023\/07\/FI7PKYNLZBDFVG2H5SV66LQ25I.webp",980,640,false],"thumbnail":["https:\/\/elfederalmendoza.com.ar\/wp-content\/uploads\/2023\/07\/FI7PKYNLZBDFVG2H5SV66LQ25I-150x150.webp",150,150,true],"medium":["https:\/\/elfederalmendoza.com.ar\/wp-content\/uploads\/2023\/07\/FI7PKYNLZBDFVG2H5SV66LQ25I-300x196.webp",300,196,true],"large":["https:\/\/elfederalmendoza.com.ar\/wp-content\/uploads\/2023\/07\/FI7PKYNLZBDFVG2H5SV66LQ25I.webp",640,418,false],"1536x1536":["https:\/\/elfederalmendoza.com.ar\/wp-content\/uploads\/2023\/07\/FI7PKYNLZBDFVG2H5SV66LQ25I.webp",980,640,false],"2048x2048":["https:\/\/elfederalmendoza.com.ar\/wp-content\/uploads\/2023\/07\/FI7PKYNLZBDFVG2H5SV66LQ25I.webp",980,640,false],"ultp_layout_landscape_large":["https:\/\/elfederalmendoza.com.ar\/wp-content\/uploads\/2023\/07\/FI7PKYNLZBDFVG2H5SV66LQ25I.webp",980,640,false],"ultp_layout_landscape":["https:\/\/elfederalmendoza.com.ar\/wp-content\/uploads\/2023\/07\/FI7PKYNLZBDFVG2H5SV66LQ25I-870x570.webp",870,570,true],"ultp_layout_portrait":["https:\/\/elfederalmendoza.com.ar\/wp-content\/uploads\/2023\/07\/FI7PKYNLZBDFVG2H5SV66LQ25I-600x640.webp",600,640,true],"ultp_layout_square":["https:\/\/elfederalmendoza.com.ar\/wp-content\/uploads\/2023\/07\/FI7PKYNLZBDFVG2H5SV66LQ25I-600x600.webp",600,600,true],"rpwe-thumbnail":["https:\/\/elfederalmendoza.com.ar\/wp-content\/uploads\/2023\/07\/FI7PKYNLZBDFVG2H5SV66LQ25I-45x45.webp",45,45,true],"advps-thumb-one":["https:\/\/elfederalmendoza.com.ar\/wp-content\/uploads\/2023\/07\/FI7PKYNLZBDFVG2H5SV66LQ25I-980x420.webp",980,420,true]},"rttpg_author":{"display_name":"Redacci\u00f3n El Federal","author_link":"https:\/\/elfederalmendoza.com.ar\/index.php\/author\/angelflores\/"},"rttpg_comment":0,"rttpg_category":"<a href=\"https:\/\/elfederalmendoza.com.ar\/index.php\/category\/mza\/\" rel=\"category tag\">Mendoza<\/a>","rttpg_excerpt":"En apenas cuatro d\u00edas, la polic\u00eda de Mendoza&nbsp;captur\u00f3&nbsp;a la pareja de&nbsp;ladrones&nbsp;que&nbsp;asalt\u00f3 y bale\u00f3&nbsp;al reconocido&nbsp;publicista&nbsp;mendocino&nbsp;Fernando von der Heyde, el pasado 26 de junio, en las inmediaciones del Club Regatas, en el Parque San Mart\u00edn. Y todo pas\u00f3 en un mismo d\u00eda. Porque este viernes fue atrapado en Las Heras Jonathan Godoy Barrera, de 21 a\u00f1os, quien&hellip;","_links":{"self":[{"href":"https:\/\/elfederalmendoza.com.ar\/index.php\/wp-json\/wp\/v2\/posts\/24711","targetHints":{"allow":["GET"]}}],"collection":[{"href":"https:\/\/elfederalmendoza.com.ar\/index.php\/wp-json\/wp\/v2\/posts"}],"about":[{"href":"https:\/\/elfederalmendoza.com.ar\/index.php\/wp-json\/wp\/v2\/types\/post"}],"author":[{"embeddable":true,"href":"https:\/\/elfederalmendoza.com.ar\/index.php\/wp-json\/wp\/v2\/users\/2"}],"replies":[{"embeddable":true,"href":"https:\/\/elfederalmendoza.com.ar\/index.php\/wp-json\/wp\/v2\/comments?post=24711"}],"version-history":[{"count":1,"href":"https:\/\/elfederalmendoza.com.ar\/index.php\/wp-json\/wp\/v2\/posts\/24711\/revisions"}],"predecessor-version":[{"id":24714,"href":"https:\/\/elfederalmendoza.com.ar\/index.php\/wp-json\/wp\/v2\/posts\/24711\/revisions\/24714"}],"wp:featuredmedia":[{"embeddable":true,"href":"https:\/\/elfederalmendoza.com.ar\/index.php\/wp-json\/wp\/v2\/media\/24712"}],"wp:attachment":[{"href":"https:\/\/elfederalmendoza.com.ar\/index.php\/wp-json\/wp\/v2\/media?parent=24711"}],"wp:term":[{"taxonomy":"category","embeddable":true,"href":"https:\/\/elfederalmendoza.com.ar\/index.php\/wp-json\/wp\/v2\/categories?post=24711"},{"taxonomy":"post_tag","embeddable":true,"href":"https:\/\/elfederalmendoza.com.ar\/index.php\/wp-json\/wp\/v2\/tags?post=24711"}],"curies":[{"name":"wp","href":"https:\/\/api.w.org\/{rel}","templated":true}]}}