{"id":24717,"date":"2023-07-01T00:15:00","date_gmt":"2023-07-01T03:15:00","guid":{"rendered":"https:\/\/elfederalmendoza.com\/?p=24717"},"modified":"2023-07-01T12:15:44","modified_gmt":"2023-07-01T15:15:44","slug":"la-altura-de-massa-y-su-costumbre-de-tocarle-la-cara-al-rival-mensajes-de-dominacion-entre-simios-de-la-politica","status":"publish","type":"post","link":"https:\/\/elfederalmendoza.com.ar\/index.php\/2023\/07\/01\/la-altura-de-massa-y-su-costumbre-de-tocarle-la-cara-al-rival-mensajes-de-dominacion-entre-simios-de-la-politica\/","title":{"rendered":"La altura de Massa y su costumbre de tocarle la cara al rival: mensajes de dominaci\u00f3n entre simios de la pol\u00edtica"},"content":{"rendered":"\n<p><strong>Sergio Massa, el personaje, mide 1.80 metros y pesa 95 kilogramos, algo que, teniendo en cuenta que la altura promedio de la Argentina es de 1.74 metros, le otorga una \u00abventaja vertical\u00bb&nbsp; respecto de sus competidores.<\/strong><\/p>\n\n\n\n<p>Este interesante concepto de \u00abventaja vertical\u00bb fue desarrollado por el polit\u00f3logo norteamericano Gregg Murray, quien teoriz\u00f3 sobre la incidencia de la estatura en el resultado electoral de los candidatos a presidente de los EEUU.<\/p>\n\n\n\n<p>Comprob\u00f3 que en aquel pa\u00eds, poseer mayor estatura se traduce en mayor caudal electoral, siendo que s\u00f3lo cinco presidentes en la historia midieron menos del promedio nacional. Veremos si al de Tigre, al Sur del continente, le sirve esa ventaja en estas elecciones presidenciales.<\/p>\n\n\n\n<p>Esa caracter\u00edstica no es la m\u00e1s llamativa en lo que hace a su comportamiento no verbal, sino su conducta h\u00e1ptica, es decir, su forma de establecer el contacto f\u00edsico con sus cong\u00e9neres.<\/p>\n\n\n\n<p><strong>Sergio Massa tiene por costumbre tocarles el rostro y hasta darles palmadas en las mejillas y el cuello.<\/strong><\/p>\n\n\n\n<p>Este tipo de conducta exhibe una inequ\u00edvoca muestra de dominancia social, es una se\u00f1al de establecimiento de estatus respecto del otro simio vestido.<\/p>\n\n\n\n<p>Le comunica al entorno que ese simio pone su mano, que usa para limpiarse el ano, para manipular objetos, para todo hace millones de a\u00f1os, cerca de su boca y su nariz. Adem\u00e1s, la intensidad de un golpe en el rostro marca la diferencia entre la agresi\u00f3n y el supuesto afecto.<\/p>\n\n\n\n<p>A ning\u00fan macho de homo sapiens le cae simp\u00e1tico que un conespec\u00edfico del mismo sexo, que no sea su padre o alguien muy cercano, le apoye la mano en el rostro o le d\u00e9 palmaditas en \u00e9l.<\/p>\n\n\n\n<p>En la imagen vemos como el Massa No Verbal se impone sobre Javier Milei y Daniel Scioli.En el caso del primero fue notable porque se suma a la diferencia de estatura, pero en el segundo la cosa es m\u00e1s evidente.<\/p>\n\n\n\n<p>Daniel Scioli exhibe un display facial de rechazo, contrayendo el m\u00fasculo elevador del labio superior y el ala de la nariz, lo que vulgarmente se define como \u00abexpresi\u00f3n de asco\u00bb. Una expresi\u00f3n que supimos observar en Scioli cuando lo besaban los indigentes del conurbano bonaerense.<\/p>\n\n\n\n<p>Simios de la pol\u00edtica, antes de abordar a Massa sepan que su comportamiento no verbal es dominante y, en la era de las im\u00e1genes que generan sentimientos, la foto que queda es muy importante.<\/p>\n","protected":false},"excerpt":{"rendered":"<p>Sergio Massa, el personaje, mide 1.80 metros y pesa 95 kilogramos, algo que, teniendo en cuenta que la altura promedio de la Argentina es de 1.74 metros, le otorga una \u00abventaja vertical\u00bb&nbsp; respecto de sus competidores. Este interesante concepto de \u00abventaja vertical\u00bb fue desarrollado por el polit\u00f3logo norteamericano Gregg Murray, quien teoriz\u00f3 sobre la incidencia<a class=\"read-more\" href=\"https:\/\/elfederalmendoza.com.ar\/index.php\/2023\/07\/01\/la-altura-de-massa-y-su-costumbre-de-tocarle-la-cara-al-rival-mensajes-de-dominacion-entre-simios-de-la-politica\/\"> [&hellip;]<\/a><\/p>\n","protected":false},"author":2,"featured_media":24718,"comment_status":"open","ping_status":"open","sticky":false,"template":"","format":"standard","meta":{"footnotes":""},"categories":[5618],"tags":[],"class_list":["post-24717","post","type-post","status-publish","format-standard","has-post-thumbnail","hentry","category-arg"],"rttpg_featured_image_url":{"full":["https:\/\/elfederalmendoza.com.ar\/wp-content\/uploads\/2023\/07\/adversarios-hist-ricos-massa-y-scioli-se-sacaron-u-adversarios-hist-ricos-massa-y-scioli-se-sacaron-u-1674481607485390849.webp",1280,855,false],"landscape":["https:\/\/elfederalmendoza.com.ar\/wp-content\/uploads\/2023\/07\/adversarios-hist-ricos-massa-y-scioli-se-sacaron-u-adversarios-hist-ricos-massa-y-scioli-se-sacaron-u-1674481607485390849.webp",1280,855,false],"portraits":["https:\/\/elfederalmendoza.com.ar\/wp-content\/uploads\/2023\/07\/adversarios-hist-ricos-massa-y-scioli-se-sacaron-u-adversarios-hist-ricos-massa-y-scioli-se-sacaron-u-1674481607485390849.webp",1280,855,false],"thumbnail":["https:\/\/elfederalmendoza.com.ar\/wp-content\/uploads\/2023\/07\/adversarios-hist-ricos-massa-y-scioli-se-sacaron-u-adversarios-hist-ricos-massa-y-scioli-se-sacaron-u-1674481607485390849-150x150.webp",150,150,true],"medium":["https:\/\/elfederalmendoza.com.ar\/wp-content\/uploads\/2023\/07\/adversarios-hist-ricos-massa-y-scioli-se-sacaron-u-adversarios-hist-ricos-massa-y-scioli-se-sacaron-u-1674481607485390849-300x200.webp",300,200,true],"large":["https:\/\/elfederalmendoza.com.ar\/wp-content\/uploads\/2023\/07\/adversarios-hist-ricos-massa-y-scioli-se-sacaron-u-adversarios-hist-ricos-massa-y-scioli-se-sacaron-u-1674481607485390849-1024x684.webp",640,428,true],"1536x1536":["https:\/\/elfederalmendoza.com.ar\/wp-content\/uploads\/2023\/07\/adversarios-hist-ricos-massa-y-scioli-se-sacaron-u-adversarios-hist-ricos-massa-y-scioli-se-sacaron-u-1674481607485390849.webp",1280,855,false],"2048x2048":["https:\/\/elfederalmendoza.com.ar\/wp-content\/uploads\/2023\/07\/adversarios-hist-ricos-massa-y-scioli-se-sacaron-u-adversarios-hist-ricos-massa-y-scioli-se-sacaron-u-1674481607485390849.webp",1280,855,false],"ultp_layout_landscape_large":["https:\/\/elfederalmendoza.com.ar\/wp-content\/uploads\/2023\/07\/adversarios-hist-ricos-massa-y-scioli-se-sacaron-u-adversarios-hist-ricos-massa-y-scioli-se-sacaron-u-1674481607485390849-1200x800.webp",1200,800,true],"ultp_layout_landscape":["https:\/\/elfederalmendoza.com.ar\/wp-content\/uploads\/2023\/07\/adversarios-hist-ricos-massa-y-scioli-se-sacaron-u-adversarios-hist-ricos-massa-y-scioli-se-sacaron-u-1674481607485390849-870x570.webp",870,570,true],"ultp_layout_portrait":["https:\/\/elfederalmendoza.com.ar\/wp-content\/uploads\/2023\/07\/adversarios-hist-ricos-massa-y-scioli-se-sacaron-u-adversarios-hist-ricos-massa-y-scioli-se-sacaron-u-1674481607485390849-600x855.webp",600,855,true],"ultp_layout_square":["https:\/\/elfederalmendoza.com.ar\/wp-content\/uploads\/2023\/07\/adversarios-hist-ricos-massa-y-scioli-se-sacaron-u-adversarios-hist-ricos-massa-y-scioli-se-sacaron-u-1674481607485390849-600x600.webp",600,600,true],"rpwe-thumbnail":["https:\/\/elfederalmendoza.com.ar\/wp-content\/uploads\/2023\/07\/adversarios-hist-ricos-massa-y-scioli-se-sacaron-u-adversarios-hist-ricos-massa-y-scioli-se-sacaron-u-1674481607485390849-45x45.webp",45,45,true],"advps-thumb-one":["https:\/\/elfederalmendoza.com.ar\/wp-content\/uploads\/2023\/07\/adversarios-hist-ricos-massa-y-scioli-se-sacaron-u-adversarios-hist-ricos-massa-y-scioli-se-sacaron-u-1674481607485390849-1200x420.webp",1200,420,true]},"rttpg_author":{"display_name":"Redacci\u00f3n El Federal","author_link":"https:\/\/elfederalmendoza.com.ar\/index.php\/author\/angelflores\/"},"rttpg_comment":0,"rttpg_category":"<a href=\"https:\/\/elfederalmendoza.com.ar\/index.php\/category\/arg\/\" rel=\"category tag\">Argentina<\/a>","rttpg_excerpt":"Sergio Massa, el personaje, mide 1.80 metros y pesa 95 kilogramos, algo que, teniendo en cuenta que la altura promedio de la Argentina es de 1.74 metros, le otorga una \u00abventaja vertical\u00bb&nbsp; respecto de sus competidores. Este interesante concepto de \u00abventaja vertical\u00bb fue desarrollado por el polit\u00f3logo norteamericano Gregg Murray, quien teoriz\u00f3 sobre la incidencia&hellip;","_links":{"self":[{"href":"https:\/\/elfederalmendoza.com.ar\/index.php\/wp-json\/wp\/v2\/posts\/24717","targetHints":{"allow":["GET"]}}],"collection":[{"href":"https:\/\/elfederalmendoza.com.ar\/index.php\/wp-json\/wp\/v2\/posts"}],"about":[{"href":"https:\/\/elfederalmendoza.com.ar\/index.php\/wp-json\/wp\/v2\/types\/post"}],"author":[{"embeddable":true,"href":"https:\/\/elfederalmendoza.com.ar\/index.php\/wp-json\/wp\/v2\/users\/2"}],"replies":[{"embeddable":true,"href":"https:\/\/elfederalmendoza.com.ar\/index.php\/wp-json\/wp\/v2\/comments?post=24717"}],"version-history":[{"count":1,"href":"https:\/\/elfederalmendoza.com.ar\/index.php\/wp-json\/wp\/v2\/posts\/24717\/revisions"}],"predecessor-version":[{"id":24719,"href":"https:\/\/elfederalmendoza.com.ar\/index.php\/wp-json\/wp\/v2\/posts\/24717\/revisions\/24719"}],"wp:featuredmedia":[{"embeddable":true,"href":"https:\/\/elfederalmendoza.com.ar\/index.php\/wp-json\/wp\/v2\/media\/24718"}],"wp:attachment":[{"href":"https:\/\/elfederalmendoza.com.ar\/index.php\/wp-json\/wp\/v2\/media?parent=24717"}],"wp:term":[{"taxonomy":"category","embeddable":true,"href":"https:\/\/elfederalmendoza.com.ar\/index.php\/wp-json\/wp\/v2\/categories?post=24717"},{"taxonomy":"post_tag","embeddable":true,"href":"https:\/\/elfederalmendoza.com.ar\/index.php\/wp-json\/wp\/v2\/tags?post=24717"}],"curies":[{"name":"wp","href":"https:\/\/api.w.org\/{rel}","templated":true}]}}