{"id":24722,"date":"2023-07-02T12:03:58","date_gmt":"2023-07-02T15:03:58","guid":{"rendered":"https:\/\/elfederalmendoza.com\/?p=24722"},"modified":"2023-07-02T12:03:58","modified_gmt":"2023-07-02T15:03:58","slug":"luis-petri-se-debe-terminar-con-los-tours-sanitarios-de-los-extranjeros-que-vienen-a-hacerse-atender-a-hospitales-publicos","status":"publish","type":"post","link":"https:\/\/elfederalmendoza.com.ar\/index.php\/2023\/07\/02\/luis-petri-se-debe-terminar-con-los-tours-sanitarios-de-los-extranjeros-que-vienen-a-hacerse-atender-a-hospitales-publicos\/","title":{"rendered":"Luis Petri : \u00abSe debe terminar con los tours sanitarios de los extranjeros que vienen a hacerse atender a hospitales p\u00fablicos\u00bb"},"content":{"rendered":"\n<p>El mendocino, precandidato a la vicepresidencia, dijo que se destinan recursos a personas que no viven en el pa\u00eds <strong>y vienen exclusivamente a utilizar los servicios de la salud p\u00fablica.<\/strong><\/p>\n\n\n\n<p><strong>Luis Petri<\/strong>&nbsp;cuestion\u00f3 la utilizaci\u00f3n del servicio de salud p\u00fablica por parte de personas provenientes de otros pa\u00edses.&nbsp;<em>\u201cHay que mejorar la atenci\u00f3n de los hospitales p\u00fablicos y terminar con los tours sanitarios de los extranjeros que vienen a hacerse atender a hospitales p\u00fablicos y despu\u00e9s se van a sus pa\u00edses\u201d<\/em>, sostuvo el compa\u00f1ero de f\u00f3rmula de Patricia Bullrich<\/p>\n\n\n\n<p>Los dichos del exdiputado mendocino llegaron un d\u00eda despu\u00e9s de que Bullrich dijera que \u201cla mitad de la matr\u00edcula\u201d de las universidades p\u00fablicas argentinas est\u00e1 ocupada por \u201calumnos extranjeros, que vienen y toman las posibilidades que Argentina da\u201d. Luego tuvo que retractarse.<\/p>\n\n\n\n<p>En ese contexto, Petri aclar\u00f3 que no se refer\u00eda a los migrantes que viven en Argentina<strong>, sino a quienes vienen con el fin espec\u00edfico de atenderse en centros de salud.<\/strong><\/p>\n\n\n\n<p><em>\u201cLos residentes tienen los mismos derechos que los nacidos ac\u00e1\u201d,<\/em>\u00a0se\u00f1al\u00f3 el radical en declaraciones a Radio Rivadavia. En esa l\u00ednea, argument\u00f3 que la Argentina<strong>\u00a0<em>\u201cest\u00e1 destinando recursos a extranjeros que vienen en tours sanitarios y en muchos casos a hacerse operaciones programadas\u201d.<\/em><\/strong><\/p>\n\n\n\n<p><em><strong>\u201cNo estamos hablando de operaciones de emergencia. Ese servicio de salud lo estamos pagando con nuestros impuestos<\/strong>\u201d<\/em>, enfatiz\u00f3 el exprecandidato a gobernador de Mendoza.<\/p>\n\n\n\n<p><em>Fuente: con informaci\u00f3n de La Naci\u00f3n<\/em><\/p>\n","protected":false},"excerpt":{"rendered":"<p>El mendocino, precandidato a la vicepresidencia, dijo que se destinan recursos a personas que no viven en el pa\u00eds y vienen exclusivamente a utilizar los servicios de la salud p\u00fablica. Luis Petri&nbsp;cuestion\u00f3 la utilizaci\u00f3n del servicio de salud p\u00fablica por parte de personas provenientes de otros pa\u00edses.&nbsp;\u201cHay que mejorar la atenci\u00f3n de los hospitales p\u00fablicos<a class=\"read-more\" href=\"https:\/\/elfederalmendoza.com.ar\/index.php\/2023\/07\/02\/luis-petri-se-debe-terminar-con-los-tours-sanitarios-de-los-extranjeros-que-vienen-a-hacerse-atender-a-hospitales-publicos\/\"> [&hellip;]<\/a><\/p>\n","protected":false},"author":2,"featured_media":24724,"comment_status":"open","ping_status":"open","sticky":false,"template":"","format":"standard","meta":{"footnotes":""},"categories":[1],"tags":[],"class_list":["post-24722","post","type-post","status-publish","format-standard","has-post-thumbnail","hentry","category-mza"],"rttpg_featured_image_url":{"full":["https:\/\/elfederalmendoza.com.ar\/wp-content\/uploads\/2023\/07\/luis-petri4.jpg",960,540,false],"landscape":["https:\/\/elfederalmendoza.com.ar\/wp-content\/uploads\/2023\/07\/luis-petri4.jpg",960,540,false],"portraits":["https:\/\/elfederalmendoza.com.ar\/wp-content\/uploads\/2023\/07\/luis-petri4.jpg",960,540,false],"thumbnail":["https:\/\/elfederalmendoza.com.ar\/wp-content\/uploads\/2023\/07\/luis-petri4-150x150.jpg",150,150,true],"medium":["https:\/\/elfederalmendoza.com.ar\/wp-content\/uploads\/2023\/07\/luis-petri4-300x169.jpg",300,169,true],"large":["https:\/\/elfederalmendoza.com.ar\/wp-content\/uploads\/2023\/07\/luis-petri4.jpg",640,360,false],"1536x1536":["https:\/\/elfederalmendoza.com.ar\/wp-content\/uploads\/2023\/07\/luis-petri4.jpg",960,540,false],"2048x2048":["https:\/\/elfederalmendoza.com.ar\/wp-content\/uploads\/2023\/07\/luis-petri4.jpg",960,540,false],"ultp_layout_landscape_large":["https:\/\/elfederalmendoza.com.ar\/wp-content\/uploads\/2023\/07\/luis-petri4.jpg",960,540,false],"ultp_layout_landscape":["https:\/\/elfederalmendoza.com.ar\/wp-content\/uploads\/2023\/07\/luis-petri4-870x540.jpg",870,540,true],"ultp_layout_portrait":["https:\/\/elfederalmendoza.com.ar\/wp-content\/uploads\/2023\/07\/luis-petri4-600x540.jpg",600,540,true],"ultp_layout_square":["https:\/\/elfederalmendoza.com.ar\/wp-content\/uploads\/2023\/07\/luis-petri4-600x540.jpg",600,540,true],"rpwe-thumbnail":["https:\/\/elfederalmendoza.com.ar\/wp-content\/uploads\/2023\/07\/luis-petri4-45x45.jpg",45,45,true],"advps-thumb-one":["https:\/\/elfederalmendoza.com.ar\/wp-content\/uploads\/2023\/07\/luis-petri4-960x420.jpg",960,420,true]},"rttpg_author":{"display_name":"Redacci\u00f3n El Federal","author_link":"https:\/\/elfederalmendoza.com.ar\/index.php\/author\/angelflores\/"},"rttpg_comment":0,"rttpg_category":"<a href=\"https:\/\/elfederalmendoza.com.ar\/index.php\/category\/mza\/\" rel=\"category tag\">Mendoza<\/a>","rttpg_excerpt":"El mendocino, precandidato a la vicepresidencia, dijo que se destinan recursos a personas que no viven en el pa\u00eds y vienen exclusivamente a utilizar los servicios de la salud p\u00fablica. Luis Petri&nbsp;cuestion\u00f3 la utilizaci\u00f3n del servicio de salud p\u00fablica por parte de personas provenientes de otros pa\u00edses.&nbsp;\u201cHay que mejorar la atenci\u00f3n de los hospitales p\u00fablicos&hellip;","_links":{"self":[{"href":"https:\/\/elfederalmendoza.com.ar\/index.php\/wp-json\/wp\/v2\/posts\/24722","targetHints":{"allow":["GET"]}}],"collection":[{"href":"https:\/\/elfederalmendoza.com.ar\/index.php\/wp-json\/wp\/v2\/posts"}],"about":[{"href":"https:\/\/elfederalmendoza.com.ar\/index.php\/wp-json\/wp\/v2\/types\/post"}],"author":[{"embeddable":true,"href":"https:\/\/elfederalmendoza.com.ar\/index.php\/wp-json\/wp\/v2\/users\/2"}],"replies":[{"embeddable":true,"href":"https:\/\/elfederalmendoza.com.ar\/index.php\/wp-json\/wp\/v2\/comments?post=24722"}],"version-history":[{"count":1,"href":"https:\/\/elfederalmendoza.com.ar\/index.php\/wp-json\/wp\/v2\/posts\/24722\/revisions"}],"predecessor-version":[{"id":24725,"href":"https:\/\/elfederalmendoza.com.ar\/index.php\/wp-json\/wp\/v2\/posts\/24722\/revisions\/24725"}],"wp:featuredmedia":[{"embeddable":true,"href":"https:\/\/elfederalmendoza.com.ar\/index.php\/wp-json\/wp\/v2\/media\/24724"}],"wp:attachment":[{"href":"https:\/\/elfederalmendoza.com.ar\/index.php\/wp-json\/wp\/v2\/media?parent=24722"}],"wp:term":[{"taxonomy":"category","embeddable":true,"href":"https:\/\/elfederalmendoza.com.ar\/index.php\/wp-json\/wp\/v2\/categories?post=24722"},{"taxonomy":"post_tag","embeddable":true,"href":"https:\/\/elfederalmendoza.com.ar\/index.php\/wp-json\/wp\/v2\/tags?post=24722"}],"curies":[{"name":"wp","href":"https:\/\/api.w.org\/{rel}","templated":true}]}}