{"id":24728,"date":"2023-07-02T12:25:41","date_gmt":"2023-07-02T15:25:41","guid":{"rendered":"https:\/\/elfederalmendoza.com\/?p=24728"},"modified":"2023-07-02T12:25:41","modified_gmt":"2023-07-02T15:25:41","slug":"en-los-primeros-tres-meses-del-ano-argentina-sumo-27-millones-de-nuevos-pobres","status":"publish","type":"post","link":"https:\/\/elfederalmendoza.com.ar\/index.php\/2023\/07\/02\/en-los-primeros-tres-meses-del-ano-argentina-sumo-27-millones-de-nuevos-pobres\/","title":{"rendered":"En los primeros tres meses del a\u00f1o, Argentina sum\u00f3 2,7 millones de nuevos pobres"},"content":{"rendered":"\n<p><strong>En el primer trimestre de 2023,\u00a0<mark>la pobreza subi\u00f3 del 34,2% al 40,3%<\/mark><\/strong>, seg\u00fan las proyecciones del \u00faltimo informe de Distribuci\u00f3n del ingreso, del Instituto Nacional de Estad\u00edstica y Censos (<strong>INDEC<\/strong>).<\/p>\n\n\n\n<p>El incremento interanual de 6 puntos significa que en el \u00faltimo a\u00f1o Argentina tiene 2,7 millones de nuevos pobres.<\/p>\n\n\n\n<p>Algo que no es menor, es que\u00a0<mark>este dato corresponde a 31 aglomerados urbanos,<strong> que totalizan 29 millones de personas<\/strong>. Si estos porcentajes se extienden a toda la poblaci\u00f3n <strong>(46,2 millones)<\/strong>, incluyendo la rural, equivale a 18,5 millones de pobres.<\/mark><\/p>\n\n\n\n<p>Por el efecto aguinaldo y para una comparaci\u00f3n homog\u00e9nea, en el tercer trimestre 2022, la pobreza hab\u00eda sido del 37,7%.\u00a0<mark><strong>Representa un aumento de 2,6 puntos en 6 meses (1,2 millones de nuevos pobres).<\/strong><\/mark><\/p>\n\n\n\n<p>El n\u00famero en el comienzo de este a\u00f1o surge de estimaciones sobre la base del Informe \u201cDistribuci\u00f3n del Ingreso\u201d <strong>que difundi\u00f3 el INDEC <\/strong>y que marc\u00f3 un empeoramiento en el reparto de ingresos de la poblaci\u00f3n, con una mayor concentraci\u00f3n de los recursos entre el 10% m\u00e1s rico de la poblaci\u00f3n, quienes mejoraron sus ingresos reales, y una ca\u00edda de los salarios formales, con m\u00e1s asalariados \u201cno registrados\u201d.<\/p>\n\n\n\n<p>El Informe de distribuci\u00f3n del Ingreso adem\u00e1s destac\u00f3 que&nbsp;<mark>el 10% de la poblaci\u00f3n de mayores ingresos acapar\u00f3 el 33,8% de la \u201ctorta\u201d contra un 31,9% del 2022.<\/mark><\/p>\n\n\n\n<p>El INDEC dar\u00e1 a conocer<strong> el 4 de agosto <\/strong>la base de microdatos de la EPH (Encuesta Permanente de Hogares) del primer trimestre de 2023, lo que permitir\u00e1 precisar los niveles de pobreza de entre el 39% y 41,6%.<\/p>\n\n\n\n<p><\/p>\n","protected":false},"excerpt":{"rendered":"<p>En el primer trimestre de 2023,\u00a0la pobreza subi\u00f3 del 34,2% al 40,3%, seg\u00fan las proyecciones del \u00faltimo informe de Distribuci\u00f3n del ingreso, del Instituto Nacional de Estad\u00edstica y Censos (INDEC). El incremento interanual de 6 puntos significa que en el \u00faltimo a\u00f1o Argentina tiene 2,7 millones de nuevos pobres. Algo que no es menor, es<a class=\"read-more\" href=\"https:\/\/elfederalmendoza.com.ar\/index.php\/2023\/07\/02\/en-los-primeros-tres-meses-del-ano-argentina-sumo-27-millones-de-nuevos-pobres\/\"> [&hellip;]<\/a><\/p>\n","protected":false},"author":2,"featured_media":24730,"comment_status":"open","ping_status":"open","sticky":false,"template":"","format":"standard","meta":{"footnotes":""},"categories":[5618],"tags":[],"class_list":["post-24728","post","type-post","status-publish","format-standard","has-post-thumbnail","hentry","category-arg"],"rttpg_featured_image_url":{"full":["https:\/\/elfederalmendoza.com.ar\/wp-content\/uploads\/2023\/07\/pobreza-argentina.jpg",917,606,false],"landscape":["https:\/\/elfederalmendoza.com.ar\/wp-content\/uploads\/2023\/07\/pobreza-argentina.jpg",917,606,false],"portraits":["https:\/\/elfederalmendoza.com.ar\/wp-content\/uploads\/2023\/07\/pobreza-argentina.jpg",917,606,false],"thumbnail":["https:\/\/elfederalmendoza.com.ar\/wp-content\/uploads\/2023\/07\/pobreza-argentina-150x150.jpg",150,150,true],"medium":["https:\/\/elfederalmendoza.com.ar\/wp-content\/uploads\/2023\/07\/pobreza-argentina-300x198.jpg",300,198,true],"large":["https:\/\/elfederalmendoza.com.ar\/wp-content\/uploads\/2023\/07\/pobreza-argentina.jpg",640,423,false],"1536x1536":["https:\/\/elfederalmendoza.com.ar\/wp-content\/uploads\/2023\/07\/pobreza-argentina.jpg",917,606,false],"2048x2048":["https:\/\/elfederalmendoza.com.ar\/wp-content\/uploads\/2023\/07\/pobreza-argentina.jpg",917,606,false],"ultp_layout_landscape_large":["https:\/\/elfederalmendoza.com.ar\/wp-content\/uploads\/2023\/07\/pobreza-argentina.jpg",917,606,false],"ultp_layout_landscape":["https:\/\/elfederalmendoza.com.ar\/wp-content\/uploads\/2023\/07\/pobreza-argentina-870x570.jpg",870,570,true],"ultp_layout_portrait":["https:\/\/elfederalmendoza.com.ar\/wp-content\/uploads\/2023\/07\/pobreza-argentina-600x606.jpg",600,606,true],"ultp_layout_square":["https:\/\/elfederalmendoza.com.ar\/wp-content\/uploads\/2023\/07\/pobreza-argentina-600x600.jpg",600,600,true],"rpwe-thumbnail":["https:\/\/elfederalmendoza.com.ar\/wp-content\/uploads\/2023\/07\/pobreza-argentina-45x45.jpg",45,45,true],"advps-thumb-one":["https:\/\/elfederalmendoza.com.ar\/wp-content\/uploads\/2023\/07\/pobreza-argentina-917x420.jpg",917,420,true]},"rttpg_author":{"display_name":"Redacci\u00f3n El Federal","author_link":"https:\/\/elfederalmendoza.com.ar\/index.php\/author\/angelflores\/"},"rttpg_comment":0,"rttpg_category":"<a href=\"https:\/\/elfederalmendoza.com.ar\/index.php\/category\/arg\/\" rel=\"category tag\">Argentina<\/a>","rttpg_excerpt":"En el primer trimestre de 2023,\u00a0la pobreza subi\u00f3 del 34,2% al 40,3%, seg\u00fan las proyecciones del \u00faltimo informe de Distribuci\u00f3n del ingreso, del Instituto Nacional de Estad\u00edstica y Censos (INDEC). El incremento interanual de 6 puntos significa que en el \u00faltimo a\u00f1o Argentina tiene 2,7 millones de nuevos pobres. Algo que no es menor, es&hellip;","_links":{"self":[{"href":"https:\/\/elfederalmendoza.com.ar\/index.php\/wp-json\/wp\/v2\/posts\/24728","targetHints":{"allow":["GET"]}}],"collection":[{"href":"https:\/\/elfederalmendoza.com.ar\/index.php\/wp-json\/wp\/v2\/posts"}],"about":[{"href":"https:\/\/elfederalmendoza.com.ar\/index.php\/wp-json\/wp\/v2\/types\/post"}],"author":[{"embeddable":true,"href":"https:\/\/elfederalmendoza.com.ar\/index.php\/wp-json\/wp\/v2\/users\/2"}],"replies":[{"embeddable":true,"href":"https:\/\/elfederalmendoza.com.ar\/index.php\/wp-json\/wp\/v2\/comments?post=24728"}],"version-history":[{"count":1,"href":"https:\/\/elfederalmendoza.com.ar\/index.php\/wp-json\/wp\/v2\/posts\/24728\/revisions"}],"predecessor-version":[{"id":24731,"href":"https:\/\/elfederalmendoza.com.ar\/index.php\/wp-json\/wp\/v2\/posts\/24728\/revisions\/24731"}],"wp:featuredmedia":[{"embeddable":true,"href":"https:\/\/elfederalmendoza.com.ar\/index.php\/wp-json\/wp\/v2\/media\/24730"}],"wp:attachment":[{"href":"https:\/\/elfederalmendoza.com.ar\/index.php\/wp-json\/wp\/v2\/media?parent=24728"}],"wp:term":[{"taxonomy":"category","embeddable":true,"href":"https:\/\/elfederalmendoza.com.ar\/index.php\/wp-json\/wp\/v2\/categories?post=24728"},{"taxonomy":"post_tag","embeddable":true,"href":"https:\/\/elfederalmendoza.com.ar\/index.php\/wp-json\/wp\/v2\/tags?post=24728"}],"curies":[{"name":"wp","href":"https:\/\/api.w.org\/{rel}","templated":true}]}}