{"id":24734,"date":"2023-07-02T05:43:00","date_gmt":"2023-07-02T08:43:00","guid":{"rendered":"https:\/\/elfederalmendoza.com\/?p=24734"},"modified":"2023-07-02T12:49:32","modified_gmt":"2023-07-02T15:49:32","slug":"llego-el-exito-colombiano-que-no-te-dejara-despegarte-de-la-pantalla","status":"publish","type":"post","link":"https:\/\/elfederalmendoza.com.ar\/index.php\/2023\/07\/02\/llego-el-exito-colombiano-que-no-te-dejara-despegarte-de-la-pantalla\/","title":{"rendered":"Lleg\u00f3 el \u00e9xito colombiano que no te dejar\u00e1 despegarte de la pantalla"},"content":{"rendered":"\n<p>Desembarc\u00f3 en\u00a0<strong>Netflix<\/strong>\u00a0una serie que es tendencia en toda latinoam\u00e9rica, llegando a ser una de las m\u00e1s destacadas entre todas las\u00a0<strong>series y pel\u00edculas<\/strong>\u00a0de la plataforma.<\/p>\n\n\n\n<p><strong>Netflix\u00a0<\/strong>acaba de estrenar y sumar una ficci\u00f3n que te sumergir\u00e1 en una serie de cap\u00edtulos que no te dejar\u00e1n levantarte del sill\u00f3n de la mano de\u00a0<strong>Ventino: El precio de la gloria.<\/strong><\/p>\n\n\n\n<p>La nueva propuesta de&nbsp;<strong>Netflix&nbsp;<\/strong>presenta la serie&nbsp;<strong>Ventino<\/strong>, una producci\u00f3n colombiana que sali\u00f3 a la luz en marzo de 2023 en dicho pa\u00eds, fue todo un&nbsp;<strong>\u00e9xito&nbsp;<\/strong>y en este momento est\u00e1 desembarcando a nivel mundial en la plataforma de streaming.<\/p>\n\n\n\n<p>De esta manera&nbsp;<strong>Netflix&nbsp;<\/strong>incorpor\u00f3 la&nbsp;<strong>serie&nbsp;<\/strong>que cuenta la historia de un grupo musical pop colombiano \u00ab<strong>Ventino\u00bb&nbsp;<\/strong>que sigue a cuatro talentosas chicas que luchan por conseguir sus sue\u00f1os musicales, a pesar de que su manager, Martina Pumarejo, es su mayor obst\u00e1culo.<\/p>\n\n\n\n<p><strong>Ventino: El precio de la gloria,<\/strong>&nbsp;combina a la perfecci\u00f3n los tintes de una comedia dram\u00e1tica musical dirigida por Rodolfo Hoyos y Jorge Navas, y producida por Caracol Televisi\u00f3n.<\/p>\n\n\n\n<figure class=\"wp-block-image\"><img decoding=\"async\" src=\"https:\/\/media.diariouno.com.ar\/p\/f41ffa8eda7e0d6430fa1838326d8490\/adjuntos\/298\/imagenes\/009\/181\/0009181395\/1200x0\/smart\/ventino-serie-netflixjpg.jpg\" alt=\"Ventino: El precio de la gloria, combina a la perfecci\u00f3n los tintes de una comedia dram\u00e1tica musical\" title=\"Ventino: El precio de la gloria, combina a la perfecci\u00f3n los tintes de una comedia dram\u00e1tica musical\"\/><\/figure>\n\n\n\n<p>Ventino: El precio de la gloria, combina a la perfecci\u00f3n los tintes de una comedia dram\u00e1tica musical<\/p>\n\n\n\n<h2 class=\"wp-block-heading\"><strong>Netflix: de qu\u00e9 trata la serie Ventino: El precio de la gloria<\/strong><\/h2>\n\n\n\n<p>Netflix detalla en la sinopsis de&nbsp;<strong>Ventino: El precio de la gloria<\/strong>, \u201cen su camino al \u00e9xito, cuatro talentosas cantantes enfrentan retos y desaf\u00edos en este apasionante drama musical. \u00bfCu\u00e1l es el primero que deben superar? Su propia m\u00e1nager\u201d.<\/p>\n\n\n\n<h2 class=\"wp-block-heading\"><strong>Reparto de la serie Ventino: El precio de la gloria<\/strong><\/h2>\n\n\n\n<ul class=\"wp-block-list\">\n<li>&nbsp;Natalia Afanador<\/li>\n\n\n\n<li>Mar\u00eda Cristina (Makis)<\/li>\n\n\n\n<li>Camila Esguerra<\/li>\n\n\n\n<li>Olga Luc\u00eda Vives<\/li>\n\n\n\n<li>Carolina G\u00f3mez (Martina Pumarejo Garc\u00eda)<\/li>\n\n\n\n<li>Jos\u00e9 Ram\u00f3n Barreto<\/li>\n\n\n\n<li>Katherine V\u00e9lez (Merce)<\/li>\n\n\n\n<li>Sandra Reyes (Amanda Afanador)<\/li>\n\n\n\n<li>Miguel Gonz\u00e1lez (Mauricio)<\/li>\n\n\n\n<li>C\u00e9sar Mora (Adolfo Cano)<\/li>\n\n\n\n<li>Andy Munera (Alex Cano)<\/li>\n\n\n\n<li>Juan Mill\u00e1n (Miguel)<\/li>\n\n\n\n<li>Ernesto Benjumea (Luis Carlos Esguerra)<\/li>\n\n\n\n<li>Esteban D\u00edaz (Jaime Vives)<\/li>\n\n\n\n<li>Mariana Mozo (Ana Vives)<\/li>\n\n\n\n<li>Sharik Abusaid (Mafe)<\/li>\n\n\n\n<li>Elkin D\u00edaz como Ernesto<\/li>\n<\/ul>\n\n\n\n<h2 class=\"wp-block-heading\"><strong>Tr\u00e1iler oficial de Ventino: El precio de la gloria<\/strong><\/h2>\n\n\n\n<figure class=\"wp-block-embed is-type-video is-provider-youtube wp-block-embed-youtube wp-embed-aspect-16-9 wp-has-aspect-ratio\"><div class=\"wp-block-embed__wrapper\">\n<iframe loading=\"lazy\" title=\"Ventino la serie Trailer\" width=\"640\" height=\"360\" src=\"https:\/\/www.youtube.com\/embed\/hiimeWFX8AA?start=142&#038;feature=oembed\" frameborder=\"0\" allow=\"accelerometer; autoplay; clipboard-write; encrypted-media; gyroscope; picture-in-picture; web-share\" referrerpolicy=\"strict-origin-when-cross-origin\" allowfullscreen><\/iframe>\n<\/div><\/figure>\n","protected":false},"excerpt":{"rendered":"<p>Desembarc\u00f3 en\u00a0Netflix\u00a0una serie que es tendencia en toda latinoam\u00e9rica, llegando a ser una de las m\u00e1s destacadas entre todas las\u00a0series y pel\u00edculas\u00a0de la plataforma. Netflix\u00a0acaba de estrenar y sumar una ficci\u00f3n que te sumergir\u00e1 en una serie de cap\u00edtulos que no te dejar\u00e1n levantarte del sill\u00f3n de la mano de\u00a0Ventino: El precio de la gloria.<a class=\"read-more\" href=\"https:\/\/elfederalmendoza.com.ar\/index.php\/2023\/07\/02\/llego-el-exito-colombiano-que-no-te-dejara-despegarte-de-la-pantalla\/\"> [&hellip;]<\/a><\/p>\n","protected":false},"author":2,"featured_media":24736,"comment_status":"open","ping_status":"open","sticky":false,"template":"","format":"standard","meta":{"footnotes":""},"categories":[5618],"tags":[],"class_list":["post-24734","post","type-post","status-publish","format-standard","has-post-thumbnail","hentry","category-arg"],"rttpg_featured_image_url":{"full":["https:\/\/elfederalmendoza.com.ar\/wp-content\/uploads\/2023\/07\/colombianas.jpg",1010,562,false],"landscape":["https:\/\/elfederalmendoza.com.ar\/wp-content\/uploads\/2023\/07\/colombianas.jpg",1010,562,false],"portraits":["https:\/\/elfederalmendoza.com.ar\/wp-content\/uploads\/2023\/07\/colombianas.jpg",1010,562,false],"thumbnail":["https:\/\/elfederalmendoza.com.ar\/wp-content\/uploads\/2023\/07\/colombianas-150x150.jpg",150,150,true],"medium":["https:\/\/elfederalmendoza.com.ar\/wp-content\/uploads\/2023\/07\/colombianas-300x167.jpg",300,167,true],"large":["https:\/\/elfederalmendoza.com.ar\/wp-content\/uploads\/2023\/07\/colombianas.jpg",640,356,false],"1536x1536":["https:\/\/elfederalmendoza.com.ar\/wp-content\/uploads\/2023\/07\/colombianas.jpg",1010,562,false],"2048x2048":["https:\/\/elfederalmendoza.com.ar\/wp-content\/uploads\/2023\/07\/colombianas.jpg",1010,562,false],"ultp_layout_landscape_large":["https:\/\/elfederalmendoza.com.ar\/wp-content\/uploads\/2023\/07\/colombianas.jpg",1010,562,false],"ultp_layout_landscape":["https:\/\/elfederalmendoza.com.ar\/wp-content\/uploads\/2023\/07\/colombianas-870x562.jpg",870,562,true],"ultp_layout_portrait":["https:\/\/elfederalmendoza.com.ar\/wp-content\/uploads\/2023\/07\/colombianas-600x562.jpg",600,562,true],"ultp_layout_square":["https:\/\/elfederalmendoza.com.ar\/wp-content\/uploads\/2023\/07\/colombianas-600x562.jpg",600,562,true],"rpwe-thumbnail":["https:\/\/elfederalmendoza.com.ar\/wp-content\/uploads\/2023\/07\/colombianas-45x45.jpg",45,45,true],"advps-thumb-one":["https:\/\/elfederalmendoza.com.ar\/wp-content\/uploads\/2023\/07\/colombianas-1010x420.jpg",1010,420,true]},"rttpg_author":{"display_name":"Redacci\u00f3n El Federal","author_link":"https:\/\/elfederalmendoza.com.ar\/index.php\/author\/angelflores\/"},"rttpg_comment":0,"rttpg_category":"<a href=\"https:\/\/elfederalmendoza.com.ar\/index.php\/category\/arg\/\" rel=\"category tag\">Argentina<\/a>","rttpg_excerpt":"Desembarc\u00f3 en\u00a0Netflix\u00a0una serie que es tendencia en toda latinoam\u00e9rica, llegando a ser una de las m\u00e1s destacadas entre todas las\u00a0series y pel\u00edculas\u00a0de la plataforma. Netflix\u00a0acaba de estrenar y sumar una ficci\u00f3n que te sumergir\u00e1 en una serie de cap\u00edtulos que no te dejar\u00e1n levantarte del sill\u00f3n de la mano de\u00a0Ventino: El precio de la gloria.&hellip;","_links":{"self":[{"href":"https:\/\/elfederalmendoza.com.ar\/index.php\/wp-json\/wp\/v2\/posts\/24734","targetHints":{"allow":["GET"]}}],"collection":[{"href":"https:\/\/elfederalmendoza.com.ar\/index.php\/wp-json\/wp\/v2\/posts"}],"about":[{"href":"https:\/\/elfederalmendoza.com.ar\/index.php\/wp-json\/wp\/v2\/types\/post"}],"author":[{"embeddable":true,"href":"https:\/\/elfederalmendoza.com.ar\/index.php\/wp-json\/wp\/v2\/users\/2"}],"replies":[{"embeddable":true,"href":"https:\/\/elfederalmendoza.com.ar\/index.php\/wp-json\/wp\/v2\/comments?post=24734"}],"version-history":[{"count":1,"href":"https:\/\/elfederalmendoza.com.ar\/index.php\/wp-json\/wp\/v2\/posts\/24734\/revisions"}],"predecessor-version":[{"id":24737,"href":"https:\/\/elfederalmendoza.com.ar\/index.php\/wp-json\/wp\/v2\/posts\/24734\/revisions\/24737"}],"wp:featuredmedia":[{"embeddable":true,"href":"https:\/\/elfederalmendoza.com.ar\/index.php\/wp-json\/wp\/v2\/media\/24736"}],"wp:attachment":[{"href":"https:\/\/elfederalmendoza.com.ar\/index.php\/wp-json\/wp\/v2\/media?parent=24734"}],"wp:term":[{"taxonomy":"category","embeddable":true,"href":"https:\/\/elfederalmendoza.com.ar\/index.php\/wp-json\/wp\/v2\/categories?post=24734"},{"taxonomy":"post_tag","embeddable":true,"href":"https:\/\/elfederalmendoza.com.ar\/index.php\/wp-json\/wp\/v2\/tags?post=24734"}],"curies":[{"name":"wp","href":"https:\/\/api.w.org\/{rel}","templated":true}]}}