{"id":24747,"date":"2023-07-03T09:30:15","date_gmt":"2023-07-03T12:30:15","guid":{"rendered":"https:\/\/elfederalmendoza.com\/?p=24747"},"modified":"2023-07-03T09:30:45","modified_gmt":"2023-07-03T12:30:45","slug":"los-festejos-del-oficialismo-de-mendoza-por-el-triunfo-en-san-juan-cuyo-quedaria-gobernada-por-la-oposicion","status":"publish","type":"post","link":"https:\/\/elfederalmendoza.com.ar\/index.php\/2023\/07\/03\/los-festejos-del-oficialismo-de-mendoza-por-el-triunfo-en-san-juan-cuyo-quedaria-gobernada-por-la-oposicion\/","title":{"rendered":"Los festejos del oficialismo de Mendoza por el triunfo en San Juan: Todo Cuyo quedar\u00eda gobernada por la oposici\u00f3n"},"content":{"rendered":"\n<p>Cornejo, Cobos y Suarez, entre otros mendocinos, felicitaron al mandatario electo. \u00abNuestra provincia hermana decidi\u00f3 cambiar\u00bb, comentaron. La regi\u00f3n puede quedar casi enteramente gobernada por la oposici\u00f3n.<\/p>\n\n\n\n<p>Tras el triunfo de<strong>\u00a0Marcelo Orrego\u00a0<\/strong>en\u00a0<strong>San Juan<\/strong>, el oficialismo mendocino celebr\u00f3 en las redes y mostr\u00f3 su ilusi\u00f3n de que casi todo Cuyo sea gobernado por\u00a0<strong>Juntos por el Cambio<\/strong>. Alfredo Cornejo, el gobernador Rodolfo Suarez, legisladores nacionales como Julio Cobos y Mariana Juri, e intendentes como Ulpiano Suarez, entre otros, festejaron la victoria de la coalici\u00f3n en aquella provincia.<\/p>\n\n\n\n<p><strong>\u00abFinalmente, y luego de 20 a\u00f1os, los sanjuaninos decidieron cambiar\u00bb,\u00a0<\/strong>escribi\u00f3 el candidato a gobernador\u00a0<strong>Cornejo\u00a0<\/strong>en su mensaje, en el que arrob\u00f3 al flamante ganador. Fue s\u00f3lo una de las muestras de aprecio que\u00a0<strong>Cambia Mendoza<\/strong>\u00a0envi\u00f3 hacia<strong>\u00a0la vecina del norte, cuando terminaba la tarde del domingo y el batacazo de la oposici\u00f3n\u00a0<\/strong>estaba pr\u00e1cticamente consumado.<\/p>\n\n\n\n<p>Minutos antes y despu\u00e9s, otros nombres fuertes del&nbsp;<strong>oficialismo<\/strong>&nbsp;local se plegaron a la celebraci\u00f3n.&nbsp;<strong>\u00abFelicitaciones al pueblo de San Juan&nbsp;<\/strong>y al gobernador electo,&nbsp;<strong>Marcelo Orrego<\/strong>, por el contundente triunfo de Juntos por el Cambio.&nbsp;<strong>Despu\u00e9s de m\u00e1s de 20 a\u00f1os, nuestra provincia hermana ha decidido cambiar\u00bb<\/strong>, fue el tuit de Rodolfo Suarez.<\/p>\n\n\n\n<figure class=\"wp-block-image\"><img decoding=\"async\" src=\"https:\/\/media.diariouno.com.ar\/p\/fc053697ab98a4ea05349440850d3e55\/adjuntos\/298\/imagenes\/009\/182\/0009182862\/1200x0\/smart\/suarez-felicita-orregojpg.jpg\" alt=\"El mensaje de Suarez para Orrego, tras confirmarse el triunfo de JxC.\" title=\"El mensaje de Suarez para Orrego, tras confirmarse el triunfo de JxC.\"\/><\/figure>\n\n\n\n<p>El mensaje de Suarez para Orrego, tras confirmarse el triunfo de JxC.<\/p>\n\n\n\n<p>Por su parte, la senadora&nbsp;<strong>Juri&nbsp;<\/strong>ponder\u00f3 que, seg\u00fan ella, e<strong>l nuevo mandam\u00e1s de la pol\u00edtica sanjuanina<\/strong>&nbsp;es un respetuoso de las instituciones y que podr\u00eda llegar a lograr un avance en materia&nbsp;<strong>laboral&nbsp;<\/strong>que precisa San Juan: \u00abCelebramos que los sanjuaninos hayan decidido cambiar.&nbsp;<strong>Las pol\u00edticas p\u00fablicas de Mendoza muestran que se puede gestionar respetando la institucionalidad,&nbsp;<\/strong>promoviendo la inversi\u00f3n y el empleo privado. Felicitaciones,&nbsp;<strong>Marcelo Orrego<\/strong>\u00ab, apunt\u00f3.<\/p>\n\n\n\n<p><strong>Julio Cobos agreg\u00f3 que \u00abel resultado en las elecciones de San Juan demuestra una vez m\u00e1s la necesidad de cambio&nbsp;<\/strong>y la importancia de la alternancia en el poder. Felicitaciones y un cordial saludo al pueblo de San Juan\u00bb.<\/p>\n\n\n\n<p>La tambi\u00e9n diputada nacional&nbsp;<strong>Pamela Verasay&nbsp;<\/strong>destac\u00f3: \u00abGran triunfo en una tierra gobernada durante 20 a\u00f1os por el&nbsp;<strong>peronismo<\/strong>. Los sanjuaninos decidieron cambiar. Seguimos consolidando Juntos por el Cambio<strong>&nbsp;para transformar la Argentina\u00bb.<\/strong><\/p>\n\n\n\n<figure class=\"wp-block-image\"><img decoding=\"async\" src=\"https:\/\/media.diariouno.com.ar\/p\/aff784597194b7512c71d050c1a41087\/adjuntos\/298\/imagenes\/009\/182\/0009182864\/1200x0\/smart\/cornejo-felicita-orregojpg.jpg\" alt=\"\" title=\"\"\/><\/figure>\n\n\n\n<p>\u00abTremenda elecci\u00f3n\u00bb, festej\u00f3 Cornejo.<\/p>\n\n\n\n<h2 class=\"wp-block-heading\">Una regi\u00f3n que puede ser gobernada por JxC<\/h2>\n\n\n\n<p>Excluyendo La Rioja, donde el peronista<strong>&nbsp;Ricardo Quintela<\/strong>&nbsp;gan\u00f3 las elecciones el 7 de mayo,<strong>&nbsp;Juntos por el Cambio<\/strong>&nbsp;viene dando sorpresas en la&nbsp;<strong>regi\u00f3n Cuyo<\/strong>, y de hecho gan\u00f3 las tres contiendas electorales en las que se present\u00f3.<strong><\/strong><\/p>\n\n\n\n<p><strong>En San Luis fue la primera sorpresa, porque Claudio Poggi,<\/strong>&nbsp;opositor, puso fin a d\u00e9cadas de gobiernos justicialistas en las manos de los&nbsp;<strong>Rodr\u00edguez Saa.<\/strong><\/p>\n\n\n\n<p><strong>Poggi se impuso con el 52,8% de los votos<\/strong>&nbsp;y marc\u00f3 as\u00ed el primer gran avance de Juntos en esta zona del pa\u00eds (m\u00e1s all\u00e1 de haber sido impulsado por Adolfo Rodr\u00edguez Saa y tener pasado pol\u00edtico junto al expresidente).<\/p>\n\n\n\n<p>En esos comicios,&nbsp;<strong>el frente creado en 2015 por Mauricio Macri,&nbsp;<\/strong>entre otros, logr\u00f3 poner al nuevo mandatario, ya que la<strong>&nbsp;Ley de Lemas<\/strong>&nbsp;imperante en tierras puntanas hizo que no hubiese PASO, sino<strong>&nbsp;directamente resultados generales.&nbsp;<\/strong>Decisivos, por lo tanto.<\/p>\n\n\n\n<figure class=\"wp-block-image\"><img decoding=\"async\" src=\"https:\/\/media.diariouno.com.ar\/p\/fc70f93867a3c12322629ee282db1903\/adjuntos\/298\/imagenes\/009\/182\/0009182865\/1200x0\/smart\/cobos-felicita-orregojpg.jpg\" alt=\"Cobos, compa\u00f1ero en Diputados de Orrego, tambi\u00e9n lo salud\u00f3. \" title=\"Cobos, compa\u00f1ero en Diputados de Orrego, tambi\u00e9n lo salud\u00f3. \"\/><\/figure>\n\n\n\n<p>Cobos, compa\u00f1ero en Diputados de Orrego, tambi\u00e9n lo salud\u00f3.<\/p>\n\n\n\n<p>Ese mismo d\u00eda, en las primarias de Mendoza,&nbsp;<strong>Alfredo Cornejo logr\u00f3 el triunfo, transform\u00e1ndose no s\u00f3lo en el pol\u00edtico m\u00e1s votado,&nbsp;<\/strong>sino tambi\u00e9n apuntalando que Cambia Mendoza fuera la coalici\u00f3n con m\u00e1s sufragios.<strong>&nbsp;De mantener esos n\u00fameros en septiembre,<\/strong>&nbsp;lograr\u00e1 el tercer gobierno al hilo de Cambia Mendoza, la rama local de&nbsp;<strong>JxC.<\/strong><\/p>\n\n\n\n<p><strong>Con la victoria del diputado nacional Orrego, San Juan, San Luis y -posiblemente- Mendoza<\/strong>&nbsp;pueden ser manejadas pol\u00edticamente por ese espacio. Con eso se ilusionan sus dirigentes, al mismo tiempo en que aguardan por el resultado nacional en los&nbsp;<strong>comicios de agosto.&nbsp;<\/strong>Ah\u00ed, el frente se divide entre los aspirantes de Horacio&nbsp;<strong>Rodr\u00edguez Larreta y los de Patricia Bullrich<\/strong>.<\/p>\n\n\n\n<p>Uno de los dos pasar\u00e1 a la general para intentar, adem\u00e1s,&nbsp;<strong>gobernar desde la Casa Rosada.<\/strong><\/p>\n","protected":false},"excerpt":{"rendered":"<p>Cornejo, Cobos y Suarez, entre otros mendocinos, felicitaron al mandatario electo. \u00abNuestra provincia hermana decidi\u00f3 cambiar\u00bb, comentaron. La regi\u00f3n puede quedar casi enteramente gobernada por la oposici\u00f3n. Tras el triunfo de\u00a0Marcelo Orrego\u00a0en\u00a0San Juan, el oficialismo mendocino celebr\u00f3 en las redes y mostr\u00f3 su ilusi\u00f3n de que casi todo Cuyo sea gobernado por\u00a0Juntos por el Cambio.<a class=\"read-more\" href=\"https:\/\/elfederalmendoza.com.ar\/index.php\/2023\/07\/03\/los-festejos-del-oficialismo-de-mendoza-por-el-triunfo-en-san-juan-cuyo-quedaria-gobernada-por-la-oposicion\/\"> [&hellip;]<\/a><\/p>\n","protected":false},"author":2,"featured_media":24749,"comment_status":"open","ping_status":"open","sticky":false,"template":"","format":"standard","meta":{"footnotes":""},"categories":[1],"tags":[],"class_list":["post-24747","post","type-post","status-publish","format-standard","has-post-thumbnail","hentry","category-mza"],"rttpg_featured_image_url":{"full":["https:\/\/elfederalmendoza.com.ar\/wp-content\/uploads\/2023\/07\/festejos-mendoza4.jpg",1102,644,false],"landscape":["https:\/\/elfederalmendoza.com.ar\/wp-content\/uploads\/2023\/07\/festejos-mendoza4.jpg",1102,644,false],"portraits":["https:\/\/elfederalmendoza.com.ar\/wp-content\/uploads\/2023\/07\/festejos-mendoza4.jpg",1102,644,false],"thumbnail":["https:\/\/elfederalmendoza.com.ar\/wp-content\/uploads\/2023\/07\/festejos-mendoza4-150x150.jpg",150,150,true],"medium":["https:\/\/elfederalmendoza.com.ar\/wp-content\/uploads\/2023\/07\/festejos-mendoza4-300x175.jpg",300,175,true],"large":["https:\/\/elfederalmendoza.com.ar\/wp-content\/uploads\/2023\/07\/festejos-mendoza4-1024x598.jpg",640,374,true],"1536x1536":["https:\/\/elfederalmendoza.com.ar\/wp-content\/uploads\/2023\/07\/festejos-mendoza4.jpg",1102,644,false],"2048x2048":["https:\/\/elfederalmendoza.com.ar\/wp-content\/uploads\/2023\/07\/festejos-mendoza4.jpg",1102,644,false],"ultp_layout_landscape_large":["https:\/\/elfederalmendoza.com.ar\/wp-content\/uploads\/2023\/07\/festejos-mendoza4.jpg",1102,644,false],"ultp_layout_landscape":["https:\/\/elfederalmendoza.com.ar\/wp-content\/uploads\/2023\/07\/festejos-mendoza4-870x570.jpg",870,570,true],"ultp_layout_portrait":["https:\/\/elfederalmendoza.com.ar\/wp-content\/uploads\/2023\/07\/festejos-mendoza4-600x644.jpg",600,644,true],"ultp_layout_square":["https:\/\/elfederalmendoza.com.ar\/wp-content\/uploads\/2023\/07\/festejos-mendoza4-600x600.jpg",600,600,true],"rpwe-thumbnail":["https:\/\/elfederalmendoza.com.ar\/wp-content\/uploads\/2023\/07\/festejos-mendoza4-45x45.jpg",45,45,true],"advps-thumb-one":["https:\/\/elfederalmendoza.com.ar\/wp-content\/uploads\/2023\/07\/festejos-mendoza4-1102x420.jpg",1102,420,true]},"rttpg_author":{"display_name":"Redacci\u00f3n El Federal","author_link":"https:\/\/elfederalmendoza.com.ar\/index.php\/author\/angelflores\/"},"rttpg_comment":0,"rttpg_category":"<a href=\"https:\/\/elfederalmendoza.com.ar\/index.php\/category\/mza\/\" rel=\"category tag\">Mendoza<\/a>","rttpg_excerpt":"Cornejo, Cobos y Suarez, entre otros mendocinos, felicitaron al mandatario electo. \u00abNuestra provincia hermana decidi\u00f3 cambiar\u00bb, comentaron. La regi\u00f3n puede quedar casi enteramente gobernada por la oposici\u00f3n. Tras el triunfo de\u00a0Marcelo Orrego\u00a0en\u00a0San Juan, el oficialismo mendocino celebr\u00f3 en las redes y mostr\u00f3 su ilusi\u00f3n de que casi todo Cuyo sea gobernado por\u00a0Juntos por el Cambio.&hellip;","_links":{"self":[{"href":"https:\/\/elfederalmendoza.com.ar\/index.php\/wp-json\/wp\/v2\/posts\/24747","targetHints":{"allow":["GET"]}}],"collection":[{"href":"https:\/\/elfederalmendoza.com.ar\/index.php\/wp-json\/wp\/v2\/posts"}],"about":[{"href":"https:\/\/elfederalmendoza.com.ar\/index.php\/wp-json\/wp\/v2\/types\/post"}],"author":[{"embeddable":true,"href":"https:\/\/elfederalmendoza.com.ar\/index.php\/wp-json\/wp\/v2\/users\/2"}],"replies":[{"embeddable":true,"href":"https:\/\/elfederalmendoza.com.ar\/index.php\/wp-json\/wp\/v2\/comments?post=24747"}],"version-history":[{"count":2,"href":"https:\/\/elfederalmendoza.com.ar\/index.php\/wp-json\/wp\/v2\/posts\/24747\/revisions"}],"predecessor-version":[{"id":24752,"href":"https:\/\/elfederalmendoza.com.ar\/index.php\/wp-json\/wp\/v2\/posts\/24747\/revisions\/24752"}],"wp:featuredmedia":[{"embeddable":true,"href":"https:\/\/elfederalmendoza.com.ar\/index.php\/wp-json\/wp\/v2\/media\/24749"}],"wp:attachment":[{"href":"https:\/\/elfederalmendoza.com.ar\/index.php\/wp-json\/wp\/v2\/media?parent=24747"}],"wp:term":[{"taxonomy":"category","embeddable":true,"href":"https:\/\/elfederalmendoza.com.ar\/index.php\/wp-json\/wp\/v2\/categories?post=24747"},{"taxonomy":"post_tag","embeddable":true,"href":"https:\/\/elfederalmendoza.com.ar\/index.php\/wp-json\/wp\/v2\/tags?post=24747"}],"curies":[{"name":"wp","href":"https:\/\/api.w.org\/{rel}","templated":true}]}}