{"id":24753,"date":"2023-07-03T11:57:13","date_gmt":"2023-07-03T14:57:13","guid":{"rendered":"https:\/\/elfederalmendoza.com\/?p=24753"},"modified":"2023-07-03T12:08:07","modified_gmt":"2023-07-03T15:08:07","slug":"historias-de-medicos-que-se-fueron-a-trabajar-a-chile-ganando-650-dolares-por-guardia","status":"publish","type":"post","link":"https:\/\/elfederalmendoza.com.ar\/index.php\/2023\/07\/03\/historias-de-medicos-que-se-fueron-a-trabajar-a-chile-ganando-650-dolares-por-guardia\/","title":{"rendered":"Historias de m\u00e9dicos que se fueron a trabajar a Chile ganando 650 d\u00f3lares por guardia"},"content":{"rendered":"\n<p>Los m\u00e9dicos argentinos -de Mendoza en especial- son muy respetados y bien recibidos en Chile por la falta de profesionales especialistas. Necesitan tramitar el RUT, revalidar t\u00edtulo y rendir un examen.<\/p>\n\n\n\n<p>En&nbsp;<strong>Chile&nbsp;<\/strong>hay falta de m\u00e9dicos por el alto costo que tiene la carrera y la especialidad, a\u00fan m\u00e1s. Los profesionales<strong>&nbsp;argentinos y sobre todo los de Mendoza, son muy valorados&nbsp;<\/strong>en el pa\u00eds trasandino&nbsp;<strong>y el sueldo es alto<\/strong>. El tr\u00e1mite de<strong>&nbsp;homologaci\u00f3n del t\u00edtulo universitario tarda alrededor de seis meses<\/strong>, cuando el tiempo promedio en Espa\u00f1a es de 24 meses.<\/p>\n\n\n\n<p>Adem\u00e1s de la&nbsp;<strong>revalidaci\u00f3n que no tiene costo, los argentinos necesitan tramitar la visa provisoria<\/strong>&nbsp;o RUT. Con estos dos documentos ya&nbsp;<strong>pueden trabajar en algunos hospitales o cl\u00ednicas<\/strong>&nbsp;de Chile. Sin embargo, para&nbsp;<strong>abarcar todos deben rendir el Examen<\/strong>&nbsp;\u00danico Nacional de Conocimientos de Medicina&nbsp;<strong>(Eunacom)&nbsp;<\/strong>y para e<strong>jercer la especialidad, deben aprobar el examen&nbsp;<\/strong>de la Corporaci\u00f3n Nacional de Certificaci\u00f3n de Especialidades M\u00e9dicas<strong>&nbsp;(Conacem).<\/strong><\/p>\n\n\n\n<p><strong>Daniela Z\u00fa\u00f1iga,<\/strong>&nbsp;encargada de prensa del&nbsp;<strong>Colegio M\u00e9dico de Chile<\/strong>, dijo a Diario UNO que hay un&nbsp;<strong>convenio con el Ministerio de Educaci\u00f3n para la convalidaci\u00f3n de los t\u00edtulos, pero para ejercer en el sector p\u00fablico, deben rendir el Eunacom,&nbsp;<\/strong>que es una prueba que dan todos los m\u00e9dicos titulados en Chile o el extranjero.<\/p>\n\n\n\n<figure class=\"wp-block-image\"><img decoding=\"async\" src=\"https:\/\/media.diariouno.com.ar\/p\/02e404b794ab6331c9dc08f690386885\/adjuntos\/298\/imagenes\/009\/178\/0009178320\/1200x0\/smart\/clinica-estetica-una-argentina-chilejpeg.jpeg\" alt=\"Los m\u00e9dicos argentinos son muy respetados y bien recibidos en Chile por la falta de profesionales especialistas.\" title=\"Los m\u00e9dicos argentinos son muy respetados y bien recibidos en Chile por la falta de profesionales especialistas.\"\/><figcaption class=\"wp-element-caption\"> <p>Los m\u00e9dicos argentinos son muy respetados y bien recibidos en Chile por la falta de profesionales especialistas<\/p><\/figcaption><\/figure>\n\n\n\n<h2 class=\"wp-block-heading\">Miguel Nicol\u00e1s, el cirujano mendocino que trabaja en Vi\u00f1a del Mar<\/h2>\n\n\n\n<p><strong>Miguel Nicol\u00e1s<\/strong>&nbsp;se gradu\u00f3 de la Universidad de Mendoza, realiz\u00f3 la&nbsp;<strong>residencia como cirujano general en el hospital Italiano de Buenos Aires,<\/strong>&nbsp;donde luego estuvo un a\u00f1o m\u00e1s trabajando en su especialidad. Hace un<strong>&nbsp;poco m\u00e1s de medio a\u00f1o que vive en Chile<\/strong>&nbsp;y trabaja en el hospital Carlos Van Buren y hospital Cl\u00ednico de<strong>&nbsp;Vi\u00f1a del Mar.<\/strong><\/p>\n\n\n\n<p>El joven cont\u00f3 a Diario UNO cu\u00e1l es la documentaci\u00f3n necesaria para trabajar en el pa\u00eds trasandino.&nbsp;<strong>En primer lugar se necesita una visa, que inicialmente es temporaria<\/strong>, una c\u00e9dula chilena por dos a\u00f1os y luego se puede prorrogar por otro a\u00f1o u optar por la visa definitiva.<\/p>\n\n\n\n<p>Los profesionales argentinos deben&nbsp;<strong>haber obtenido un t\u00edtulo en una universidad avalada por la Coneau&nbsp;<\/strong>(Comisi\u00f3n Nacional de Evaluaci\u00f3n y Acreditaci\u00f3n Universitaria) para&nbsp;<strong>poder trabajar en Chile s\u00f3lo haciendo el tr\u00e1mite de rev\u00e1lida.<\/strong><\/p>\n\n\n\n<p>Miguel explic\u00f3 que&nbsp;<strong>desde que inici\u00f3 el tr\u00e1mite de homologaci\u00f3n hasta que lo obtuvo, tard\u00f3 aproximadamente seis meses<\/strong>. Dijo que es un tr\u00e1mite engorroso porque hay que&nbsp;<strong>iniciarlo en Argentina, luego viajar a una cita en el Ministerio del Exterior en Chile<\/strong>, en donde hay que presentar el t\u00edtulo y a los dos meses dan el ok a trav\u00e9s de un mail.<\/p>\n\n\n\n<figure class=\"wp-block-image\"><img decoding=\"async\" src=\"https:\/\/media.diariouno.com.ar\/p\/fdb5ef7f6e6294a918c04bbff5e3ed3f\/adjuntos\/298\/imagenes\/009\/179\/0009179174\/1200x0\/smart\/hospital-carlos-van-buren-chilejpg.jpg\" alt=\"Miguel Nicol\u00e1s trabaja como cirujano en el hospital Carlos Van Buren en Chile.\" title=\"Miguel Nicol\u00e1s trabaja como cirujano en el hospital Carlos Van Buren en Chile.\"\/><\/figure>\n\n\n\n<p>Miguel Nicol\u00e1s trabaja como cirujano en el hospital Carlos Van Buren en Chile.<\/p>\n\n\n\n<p>El joven cont\u00f3 que ese tr\u00e1mite&nbsp;<strong>sirve para trabajar como m\u00e9dico general, pero luego hay que revalidar la especialidad,<\/strong>&nbsp;en su caso de cirujano. \u00abActualmente&nbsp;<strong>estoy en ese periodo,&nbsp;<\/strong>a trav\u00e9s de un&nbsp;<strong>examen del Conacem&nbsp;<\/strong>(Corporaci\u00f3n Nacional de Certificaci\u00f3n de Especialidades M\u00e9dicas) donde&nbsp;<strong>uno da una parte te\u00f3rica y si la aprueba, pasa a la parte pr\u00e1ctica&nbsp;<\/strong>y una vez aprobados esos dos ex\u00e1menes ten\u00e9s la rev\u00e1lida de la especialidad en Chile\u00bb, a\u00f1adi\u00f3.<\/p>\n\n\n\n<p>Adem\u00e1s, Miguel explic\u00f3 que actualmente&nbsp;<strong>existe una ley de emergencia sanitaria y otra ley de emergencia de especialistas, que permite al extranjero poder trabajar sin tener la especialidad revalidada<\/strong>, generalmente en la mayor\u00eda de los hospitales p\u00fablicos porque faltan m\u00e9dicos. \u00abMe encuentro trabajando de cirujano, pero todav\u00eda en el proceso de revalidaci\u00f3n de la especialidad. Hace 20 d\u00edas del examen te\u00f3rico as\u00ed que estoy esperando resultados para pasar al pr\u00e1ctico\u00bb.<\/p>\n\n\n\n<p>Con respecto al valor, cont\u00f3 que en el&nbsp;<strong>hospital Italiano en Buenos Aires est\u00e1n pagando 85.000 pesos la guardia de 24 horas, lo que equivale a 170 d\u00f3lares y en Vi\u00f1a, 650 d\u00f3lares<\/strong>. Sin embargo, aclar\u00f3 que el costo de vida en Chile es mucho m\u00e1s caro.<\/p>\n\n\n\n<h2 class=\"wp-block-heading\">Jimena Maugeri, la m\u00e9dica mendocina que es due\u00f1a de una est\u00e9tica en Re\u00f1aca<\/h2>\n\n\n\n<p><strong>Jimena Maugeri&nbsp;<\/strong>se recibi\u00f3 en 2010 en la Universidad del Aconcagua, trabaj\u00f3 haciendo&nbsp;<strong>guardias en ambulancias<\/strong>&nbsp;y en domicilios particulares, en&nbsp;<strong>2013<\/strong>&nbsp;realiz\u00f3 una&nbsp;<strong>maestr\u00eda&nbsp;<\/strong>en Buenos Aires en el&nbsp;<strong>\u00e1rea est\u00e9tica y en 2015 decidi\u00f3 irse a vivir a Chile.<\/strong><\/p>\n\n\n\n<p>La joven cont\u00f3 a Diario UNO que primero&nbsp;<strong>fue al consulado de Chile en Mendoza y la guiaron para hacer la revalidaci\u00f3n del t\u00edtulo<\/strong>, dej\u00f3 el curr\u00edculum y luego la citaron a una reuni\u00f3n en el Ministerio del Exterior en el vecino pa\u00eds.&nbsp;<strong>Hizo los tr\u00e1mites del RUT<\/strong>&nbsp;(Rol \u00danico Tributario) que es el n\u00famero de documento para obtener la visa provisoria y luego la definitiva, que se logra justificando ingresos. \u00abFue muy r\u00e1pido, ahora s\u00e9 que se demora mucho, tengo varios amigos argentinos que hace cinco a\u00f1os que est\u00e1n en Chile y todav\u00eda no les sale la visa definitiva\u00bb.<\/p>\n\n\n\n<p>Jimena dijo que<strong>&nbsp;una vez que sale el RUT y la revalidaci\u00f3n, el m\u00e9dico queda registrado autom\u00e1ticamente en la Superintendencia de Salud en Chile<\/strong>&nbsp;para poder trabajar. A\u00f1adi\u00f3 que cuando ella se fue al vecino pa\u00eds era menos exigente y ahora piden un examen de la Eunacom, que rinden todos los m\u00e9dicos nativos y extranjeros cuando salen de la universidad, que es habilitante pata ejercer en el sector p\u00fablico.<\/p>\n\n\n\n<figure class=\"wp-block-image\"><img decoding=\"async\" src=\"https:\/\/media.diariouno.com.ar\/p\/6b1b479bffef2bc497ff42465d521fb1\/adjuntos\/298\/imagenes\/009\/178\/0009178316\/1200x0\/smart\/clinica-estetica-una-argentina-chilejpeg.jpeg\" alt=\"Jimena realiz\u00f3 una maestr\u00eda en el \u00e1rea est\u00e9tica en Buenos Aires y ahora tiene su cl\u00ednica en Re\u00f1aca.\" title=\"Jimena realiz\u00f3 una maestr\u00eda en el \u00e1rea est\u00e9tica en Buenos Aires y ahora tiene su cl\u00ednica en Re\u00f1aca.\"\/><\/figure>\n\n\n\n<p>Jimena realiz\u00f3 una maestr\u00eda en el \u00e1rea est\u00e9tica en Buenos Aires y ahora tiene su cl\u00ednica en Re\u00f1aca.<\/p>\n\n\n\n<h3 class=\"wp-block-heading\">C\u00f3mo lleg\u00f3 a tener su propia cl\u00ednica<\/h3>\n\n\n\n<p><strong>\u00abEn Mendoza nunca pude desempe\u00f1arme en lo que me perfeccion\u00e9<\/strong>&nbsp;que son rellenos, lifting sin cirug\u00eda, botox, porque no hab\u00eda mucho campo laboral. No hab\u00eda muchos pacientes\u00bb, dijo.<\/p>\n\n\n\n<p>La joven cont\u00f3 que siempre quiso vivir cerca del mar, la situaci\u00f3n econ\u00f3mica de Argentina la cans\u00f3 y por eso decidieron son su marido y su hija m\u00e1s chica irse a Re\u00f1aca. \u00abNos vinimos un 29 diciembre, me tom\u00e9 las vacaciones y en febrero empec\u00e9 a presentar curr\u00edculum y&nbsp;<em>e<\/em><strong><em>n&nbsp;<\/em>un d\u00eda me llamaban de tres o cuatro trabajos para entrevista\u00bb.<\/strong><\/p>\n\n\n\n<p><strong>Comenz\u00f3 haciendo guardias en urgencia,<\/strong>&nbsp;en ambulancia y algunos trabajos de est\u00e9tica en forma independiente. Despu\u00e9s&nbsp;<strong>entr\u00f3 trabajar a una cl\u00ednica est\u00e9tica, cuando lleg\u00f3 la pandemia cerr\u00f3 porque no era necesidad b\u00e1sica,<\/strong>&nbsp;pero sus pacientes la llamaban para que fuera a hacerles tratamientos en sus casas y&nbsp;<strong>decidi\u00f3 independizarse.&nbsp;<\/strong>Primero alquil\u00f3 un consultorio y ahora<strong>&nbsp;tiene su propia cl\u00ednica,<\/strong>&nbsp;se llama Chlo\u00e9 y se dedica al \u00e1rea de est\u00e9tica.<\/p>\n\n\n\n<p>En Santiago &#8211; seg\u00fan cont\u00f3 Jimena &#8211; siempre pagan m\u00e1s el valor guardia por hora, pero el costo de vida es mucho m\u00e1s alto. En Re\u00f1aca, Vi\u00f1a y La Serena todos quieren vivir, hay m\u00e1s cantidad de m\u00e9dicos y los sueldos son un poco m\u00e1s bajos y en el norte y sur de Chile, hay m\u00e1s faltante de m\u00e9dicos y pagan muy bien. Detall\u00f3 que&nbsp;<strong>un m\u00e9dico general que reci\u00e9n empieza y hace guardia, gana entre 16 y 25 d\u00f3lares la hora&nbsp;<\/strong>y en el caso de tener especialidad puede llegar a 50 d\u00f3lares la hora.<\/p>\n\n\n\n<figure class=\"wp-block-image\"><img decoding=\"async\" src=\"https:\/\/media.diariouno.com.ar\/p\/dbb0e32d513c521d2dae13c7048a0b2b\/adjuntos\/298\/imagenes\/009\/178\/0009178319\/1200x0\/smart\/jimena-maugeri-medica-argentina-duena-clinica-chloe-chilejpeg.jpeg\" alt=\"Jimena tiene su propia cl\u00ednica en Re\u00f1aca, se llama Chlo\u00e9 y se dedica al \u00e1rea de est\u00e9tica.\" title=\"Jimena tiene su propia cl\u00ednica en Re\u00f1aca, se llama Chlo\u00e9 y se dedica al \u00e1rea de est\u00e9tica.\"\/><\/figure>\n\n\n\n<p>Jimena tiene su propia cl\u00ednica en Re\u00f1aca, se llama Chlo\u00e9 y se dedica al \u00e1rea de est\u00e9tica.<\/p>\n\n\n\n<h2 class=\"wp-block-heading\">Ignacio Santolaya, el terapista mendocino que ejerce en una cl\u00ednica de Quilpu\u00e9<\/h2>\n\n\n\n<p><strong>Ignacio Santolaya&nbsp;<\/strong>se gradu\u00f3 en 2009 en la Universidad de Aconcagua y del 2011 al 2015 realiz\u00f3 la&nbsp;<strong>especialidad en terapia intensiva en el hospital Espa\u00f1ol,<\/strong>&nbsp;donde fue subjefe del servicio de terapia intensiva por seis a\u00f1os. En 2021 entr\u00f3 como<strong>&nbsp;jefe de residentes al hospital El Carmen.<\/strong>&nbsp;\u00abCuando termin\u00e9 la jefatura me termin\u00e9 yendo porque&nbsp;<strong>cobraba poco y las condiciones laborales eran nefastas.<\/strong>&nbsp;La gente se mor\u00eda porque el hospital no ten\u00eda antibi\u00f3ticos para ponerle\u00bb, cont\u00f3 el joven.<\/p>\n\n\n\n<p>En&nbsp;<strong>noviembre del 2022<\/strong>&nbsp;dej\u00f3 de trabajar en la provincia.<strong>&nbsp;\u00abTrabaj\u00e9 en San Luis<\/strong>&nbsp;porque Mendoza se convirti\u00f3 en una de las provincias con trabajo m\u00e9dico peor pago de todo el pa\u00eds y me hart\u00e9 de eso, no quer\u00eda seguir sintiendo que trabajaba por dos pesos con 50.&nbsp;<strong>Viajaba una vez por semana a hacer una guardia de 24 horas en el hospital Carillo,&nbsp;<\/strong>que es el nuevo que hizo San Luis\u00bb, dijo el m\u00e9dico. Agreg\u00f3 que a fines del a\u00f1o pasado por una&nbsp;<strong>guardia de 24 horas de terapia intensiva en Mendoza, le pagaban 35.000 pesos y por el mismo trabajo en San Luis le daban 55.000 pesos.<\/strong><\/p>\n\n\n\n<figure class=\"wp-block-image\"><img decoding=\"async\" src=\"https:\/\/media.diariouno.com.ar\/p\/a8d51e70379f6c905edd83d00de7e166\/adjuntos\/298\/imagenes\/009\/179\/0009179199\/1200x0\/smart\/hospital-ramon-carrillo-san-luisjpg.jpg\" alt=\"A fines de 2022 Ignacio viajaba al hospital Carrillo de San Luis a hacer guardias de terapia intensiva de 24hs y le pagaban 55.000 pesos.\" title=\"A fines de 2022 Ignacio viajaba al hospital Carrillo de San Luis a hacer guardias de terapia intensiva de 24hs y le pagaban 55.000 pesos.\"\/><\/figure>\n\n\n\n<p>A fines de 2022 Ignacio viajaba al hospital Carrillo de San Luis a hacer guardias de terapia intensiva de 24hs y le pagaban 55.000 pesos.<\/p>\n\n\n\n<p><strong>Lleg\u00f3 a Chile el 15 de enero de este a\u00f1o<\/strong>, con 39 a\u00f1os gracias a una red de cl\u00ednicas que hizo una campa\u00f1a<strong>&nbsp;a trav\u00e9s de una empresa de recursos humanos que vino a Mendoza a para buscar m\u00e9dicos argentinos.<\/strong>&nbsp;A comienzos de 2022 hicieron una reuni\u00f3n en un hotel, les explicaron la propuesta y&nbsp;<strong>pusieron a trabajar al grupo de abogados para que les realicen los tr\u00e1mites<\/strong>&nbsp;administrativos como el RUT y la homologaci\u00f3n de t\u00edtulo.<\/p>\n\n\n\n<p>A finales del 2022 trabajando como&nbsp;<strong>m\u00e9dico en Mendoza ganaba 320.000 pesos, que equival\u00eda a 800 d\u00f3lares<\/strong>. En la actualidad, con apenas algunos meses trabajando en la cl\u00ednica Los Carrera,&nbsp;<strong>en Quilpu\u00e9 cobra 4.000 d\u00f3lares.<\/strong>&nbsp;Ignacio cont\u00f3 que el ingreso promedio de un m\u00e9dico es de 7.000 u 8.000 d\u00f3lares al mes y un cirujano pl\u00e1stico puede ganar 10.000 o 15.000 d\u00f3lares por semana, dependiendo de la cantidad de pr\u00f3tesis que implante.<\/p>\n\n\n\n<figure class=\"wp-block-image\"><img decoding=\"async\" src=\"https:\/\/media.diariouno.com.ar\/p\/c903f80880c78415522e64662ff1fd5a\/adjuntos\/298\/imagenes\/009\/179\/0009179204\/1200x0\/smart\/clinica-los-carrera-quilpue-chilejpg.jpg\" alt=\"Ignacio trabaja en la cl\u00ednica Los Carrera, en Quilpu\u00e9, Chile.\" title=\"Ignacio trabaja en la cl\u00ednica Los Carrera, en Quilpu\u00e9, Chile.\"\/><\/figure>\n\n\n\n<p>Ignacio trabaja en la cl\u00ednica Los Carrera, en Quilpu\u00e9, Chile.<\/p>\n\n\n\n<h3 class=\"wp-block-heading\">La situaci\u00f3n de la medicina en Chile<\/h3>\n\n\n\n<p>Ignacio explic\u00f3 que&nbsp;<strong>Chile tiene necesidad de m\u00e9dicos porque estudiar medicina es caro y hay pocos especialistas<\/strong>&nbsp;porque es m\u00e1s costoso, por lo que hay muchos m\u00e9dicos generalistas trabajando y con poco conocimiento de las sub \u00e1reas.<\/p>\n\n\n\n<p>El joven cont\u00f3 que, particularmente, a los m\u00e9dicos argentinos los respetan mucho, a diferencia de los colombianos y los venezolanos, porque saben que las carreras de grado que tiene el pa\u00eds son buenas y las especialidades tambi\u00e9n.<strong>&nbsp;\u00abMarca mucho la diferencia entre los m\u00e9dicos argentinos y el resto de los m\u00e9dicos del mundo, nos aprecian y nos respetan\u00bb,<\/strong>&nbsp;a\u00f1adi\u00f3.<\/p>\n\n\n\n<p>Por \u00faltimo, dijo que el \u00e9xodo migratorio de m\u00e9dicos argentinos para Chile empez\u00f3 hace al menos siete a\u00f1os. Sin embargo,\u00a0<strong>\u00abcada vez va a ser m\u00e1s dif\u00edcil entrar a trabajar como m\u00e9dico en Chile<\/strong>\u00a0porque entienden que hay un mercado laboral que cuidar y\u00a0<strong>si lo sobresaturan, va a empezar a existir la medicina a bajo costo como en Argentina\u00a0<\/strong>y no quieren que eso ocurra\u00bb.<\/p>\n\n\n\n<p>Fuente: Diario UNO <\/p>\n","protected":false},"excerpt":{"rendered":"<p>Los m\u00e9dicos argentinos -de Mendoza en especial- son muy respetados y bien recibidos en Chile por la falta de profesionales especialistas. Necesitan tramitar el RUT, revalidar t\u00edtulo y rendir un examen. En&nbsp;Chile&nbsp;hay falta de m\u00e9dicos por el alto costo que tiene la carrera y la especialidad, a\u00fan m\u00e1s. Los profesionales&nbsp;argentinos y sobre todo los de<a class=\"read-more\" href=\"https:\/\/elfederalmendoza.com.ar\/index.php\/2023\/07\/03\/historias-de-medicos-que-se-fueron-a-trabajar-a-chile-ganando-650-dolares-por-guardia\/\"> [&hellip;]<\/a><\/p>\n","protected":false},"author":2,"featured_media":24756,"comment_status":"open","ping_status":"open","sticky":false,"template":"","format":"standard","meta":{"footnotes":""},"categories":[1],"tags":[],"class_list":["post-24753","post","type-post","status-publish","format-standard","has-post-thumbnail","hentry","category-mza"],"rttpg_featured_image_url":{"full":["https:\/\/elfederalmendoza.com.ar\/wp-content\/uploads\/2023\/07\/medicos-en-chile1.jpg",1005,565,false],"landscape":["https:\/\/elfederalmendoza.com.ar\/wp-content\/uploads\/2023\/07\/medicos-en-chile1.jpg",1005,565,false],"portraits":["https:\/\/elfederalmendoza.com.ar\/wp-content\/uploads\/2023\/07\/medicos-en-chile1.jpg",1005,565,false],"thumbnail":["https:\/\/elfederalmendoza.com.ar\/wp-content\/uploads\/2023\/07\/medicos-en-chile1-150x150.jpg",150,150,true],"medium":["https:\/\/elfederalmendoza.com.ar\/wp-content\/uploads\/2023\/07\/medicos-en-chile1-300x169.jpg",300,169,true],"large":["https:\/\/elfederalmendoza.com.ar\/wp-content\/uploads\/2023\/07\/medicos-en-chile1.jpg",640,360,false],"1536x1536":["https:\/\/elfederalmendoza.com.ar\/wp-content\/uploads\/2023\/07\/medicos-en-chile1.jpg",1005,565,false],"2048x2048":["https:\/\/elfederalmendoza.com.ar\/wp-content\/uploads\/2023\/07\/medicos-en-chile1.jpg",1005,565,false],"ultp_layout_landscape_large":["https:\/\/elfederalmendoza.com.ar\/wp-content\/uploads\/2023\/07\/medicos-en-chile1.jpg",1005,565,false],"ultp_layout_landscape":["https:\/\/elfederalmendoza.com.ar\/wp-content\/uploads\/2023\/07\/medicos-en-chile1-870x565.jpg",870,565,true],"ultp_layout_portrait":["https:\/\/elfederalmendoza.com.ar\/wp-content\/uploads\/2023\/07\/medicos-en-chile1-600x565.jpg",600,565,true],"ultp_layout_square":["https:\/\/elfederalmendoza.com.ar\/wp-content\/uploads\/2023\/07\/medicos-en-chile1-600x565.jpg",600,565,true],"rpwe-thumbnail":["https:\/\/elfederalmendoza.com.ar\/wp-content\/uploads\/2023\/07\/medicos-en-chile1-45x45.jpg",45,45,true],"advps-thumb-one":["https:\/\/elfederalmendoza.com.ar\/wp-content\/uploads\/2023\/07\/medicos-en-chile1-1005x420.jpg",1005,420,true]},"rttpg_author":{"display_name":"Redacci\u00f3n El Federal","author_link":"https:\/\/elfederalmendoza.com.ar\/index.php\/author\/angelflores\/"},"rttpg_comment":0,"rttpg_category":"<a href=\"https:\/\/elfederalmendoza.com.ar\/index.php\/category\/mza\/\" rel=\"category tag\">Mendoza<\/a>","rttpg_excerpt":"Los m\u00e9dicos argentinos -de Mendoza en especial- son muy respetados y bien recibidos en Chile por la falta de profesionales especialistas. Necesitan tramitar el RUT, revalidar t\u00edtulo y rendir un examen. En&nbsp;Chile&nbsp;hay falta de m\u00e9dicos por el alto costo que tiene la carrera y la especialidad, a\u00fan m\u00e1s. Los profesionales&nbsp;argentinos y sobre todo los de&hellip;","_links":{"self":[{"href":"https:\/\/elfederalmendoza.com.ar\/index.php\/wp-json\/wp\/v2\/posts\/24753","targetHints":{"allow":["GET"]}}],"collection":[{"href":"https:\/\/elfederalmendoza.com.ar\/index.php\/wp-json\/wp\/v2\/posts"}],"about":[{"href":"https:\/\/elfederalmendoza.com.ar\/index.php\/wp-json\/wp\/v2\/types\/post"}],"author":[{"embeddable":true,"href":"https:\/\/elfederalmendoza.com.ar\/index.php\/wp-json\/wp\/v2\/users\/2"}],"replies":[{"embeddable":true,"href":"https:\/\/elfederalmendoza.com.ar\/index.php\/wp-json\/wp\/v2\/comments?post=24753"}],"version-history":[{"count":3,"href":"https:\/\/elfederalmendoza.com.ar\/index.php\/wp-json\/wp\/v2\/posts\/24753\/revisions"}],"predecessor-version":[{"id":24760,"href":"https:\/\/elfederalmendoza.com.ar\/index.php\/wp-json\/wp\/v2\/posts\/24753\/revisions\/24760"}],"wp:featuredmedia":[{"embeddable":true,"href":"https:\/\/elfederalmendoza.com.ar\/index.php\/wp-json\/wp\/v2\/media\/24756"}],"wp:attachment":[{"href":"https:\/\/elfederalmendoza.com.ar\/index.php\/wp-json\/wp\/v2\/media?parent=24753"}],"wp:term":[{"taxonomy":"category","embeddable":true,"href":"https:\/\/elfederalmendoza.com.ar\/index.php\/wp-json\/wp\/v2\/categories?post=24753"},{"taxonomy":"post_tag","embeddable":true,"href":"https:\/\/elfederalmendoza.com.ar\/index.php\/wp-json\/wp\/v2\/tags?post=24753"}],"curies":[{"name":"wp","href":"https:\/\/api.w.org\/{rel}","templated":true}]}}