{"id":24761,"date":"2023-07-03T03:53:00","date_gmt":"2023-07-03T06:53:00","guid":{"rendered":"https:\/\/elfederalmendoza.com\/?p=24761"},"modified":"2023-07-03T15:55:01","modified_gmt":"2023-07-03T18:55:01","slug":"marcela-acuna-acuso-a-su-hijo-por-el-femicidio-de-cecilia-en-una-carta-por-que-nos-incriminan-a-nosotros","status":"publish","type":"post","link":"https:\/\/elfederalmendoza.com.ar\/index.php\/2023\/07\/03\/marcela-acuna-acuso-a-su-hijo-por-el-femicidio-de-cecilia-en-una-carta-por-que-nos-incriminan-a-nosotros\/","title":{"rendered":"Marcela Acu\u00f1a acus\u00f3 a su hijo por el femicidio de Cecilia en una carta: \u201c\u00bfPor qu\u00e9 nos incriminan a nosotros?\u201d"},"content":{"rendered":"\n<p>En un ins\u00f3lito giro,&nbsp;<strong>Marcela Acu\u00f1a&nbsp;<\/strong>escribi\u00f3 una carta desde su celda en el Departamento Violencia Familiar y de G\u00e9nero de Resistencia, Chaco, en la que&nbsp;<strong>apunt\u00f3 directamente contra su hijo C\u00e9sar Sena&nbsp;<\/strong>por el femicidio de Cecilia Strzyzowski, ocurrido el viernes 2 de junio en la casa de la familia. La carta fue distribuida por Patricia, su hermana.<\/p>\n\n\n\n<p>Acu\u00f1a, que se encuentra en huelga de hambre hace 17 d\u00edas, sum\u00f3 fuertes implicancias pol\u00edticas a su relato. Dijo en el mensaje al que accedi\u00f3<strong>&nbsp;Infobae&nbsp;<\/strong>que tanto ella como Emerenciano Sena se encuentra presos \u201csiendo inocentes\u201d y que esta es una \u201ccausa armada\u201d por el \u201cpartido judicial\u201d, por la Uni\u00f3n C\u00edvica Radical y por los medios de comunicaci\u00f3n que&nbsp;<strong>los \u201cinculpan sin pruebas\u201d.<\/strong><\/p>\n\n\n\n<p>\u201cEncontraron el punto exacto para atacarnos en serie a Emerenciano, a lo que \u00e9l significa, y a Capitanich, en un escenario electoral, donde lo que tienen son los grandes medios a su favor\u201d, expres\u00f3.<\/p>\n\n\n\n<p><strong>\u201c\u00bfPor qu\u00e9, si fue C\u00e9sar (mi hijo) responsable, nos incriminan a nosotros? Creo que por muchos motivos, principalmente la grieta que vivimos como patria, nosotros somos parte de una generaci\u00f3n nueva junto a Emerenciano\u201d<\/strong>, continu\u00f3 luego.<\/p>\n\n\n\n<p>A continuaci\u00f3n, el texto completo de la carta:<\/p>\n\n\n\n<p>\u201c<strong>Presos con Emerenciano siendo inocentes<\/strong>; con una causa armada desde el partido judicial y radicales. No hay que confundir, una cosa es el hecho del femicidio de Cecilia, repudiable desde todo punto de vista, y otra cosa es el querer inculparnos desde una fiscal\u00eda que sin pruebas nos tiene no solo encerrados, pase\u00e1ndonos como trofeos con esposas como delincuentes, sino que nos mete en una causa con una caratula que no se sostiene hacia nosotros con pruebas, solo con supuestos\u201d.<\/p>\n\n\n\n<p>\u201c<strong>\u00bfPor qu\u00e9, si fue C\u00e9sar (mi hijo) responsable, nos incriminan a nosotros?<\/strong>&nbsp;Creo que por muchos motivos, principalmente la grieta que vivimos como patria, nosotros somos parte de una generaci\u00f3n nueva junto a Emerenciano. Hemos dados dignidad junto a un proyecto nacional y popular que nos permiti\u00f3 hacerlo, no solo a nosotros, sino a cientos de dirigentes que iniciaron, de alguna manera, EL CAMINO DE LA AUTOGESTION. Y este hecho para el pa\u00eds que no queremos volver (2002) es imperdonable\u201d.<\/p>\n\n\n\n<p>\u201cEncontraron&nbsp;<strong>el punto exacto para atacarnos en serie&nbsp;<\/strong>a Emerenciano, a lo que \u00e9l significa, y a Capitanich, en un escenario electoral, donde lo que tienen son los grandes medios a su favor, y una Justicia de calzoncillos flojos que, indudablemente, influenciados por los grupos econ\u00f3micos que manejan los grandes medios, no dud\u00f3 en encerrarnos y prenderse a los desmanes del falso periodismo, sumado a las redes il\u00edcitas de difamaci\u00f3n, los cuales son muchos\u201d.<\/p>\n\n\n\n<p>\u201cLos radicales se hicieron ver y por desgracia, tomaron el dolor de un pedido por bandera pol\u00edtica, mezclando todo y dando mucho para que se tergiverse los medios\u201d.<\/p>\n\n\n\n<p>\u201cCreo que a esto se sumaron los que responden directamente a la matricula ideol\u00f3gica de los dictadores militares, portales truchos que siempre en nombre de la patria anhelan matar de alguna manera a nosotros \u201clos negros\u201d y<strong>&nbsp;aqu\u00ed estamos en esa batalla donde los que estamos encerrados somos nosotros, no ellos<\/strong>, y nuestra vulnerabilidad, sin tener voz y privados de libertad, hace que seamos socialmente culpables.<\/p>\n\n\n\n<p><strong>Condena social por ser pap\u00e1 y mam\u00e1 de C\u00e9sar<\/strong>, por ser piquetero, por ser socialistas, por haber tenido a mi padre tenido por razones pol\u00edticas, por haber levantado la bandera cubana con la argentina, por amar a un caudillo rojo (Emerenciano), por haber hecho Emerenciano m\u00e1s de 400 casas y estamentos p\u00fablicos, SINEM presos por haber creados bibliotecas, centros de recreaci\u00f3n, y tanto m\u00e1s.<\/p>\n\n\n\n<p>Todo esto nos hace culpables, clan, mafiosos para la Husticia y para aquellos oportunistas que creen que van a volver a gobernar la provincia, y que con el encierro a Emerenciano y la exposici\u00f3n p\u00fablica van a ganar y gobernar.<\/p>\n\n\n\n<p><strong>Somos inocentes y aquellos que act\u00faan con malicia, que Dios los perdone, han generado mucho dolor y eso todo Dios ve.&nbsp;<\/strong>No se usa el dolor ajeno para posicionarse en una sociedad que cree en los medios de comunicaci\u00f3n.<\/p>\n\n\n\n<p>Seamos realistas.\u201d<\/p>\n\n\n\n<p>\u201cCambio de color de birome porque el fiscal dictamin\u00f3 que en mi encierro debo escribir lo menos posible, por lo cual debo pedir con anticipaci\u00f3n la birome, bajo la excusa de que es un riesgo.<\/p>\n\n\n\n<p>Asimismo, terminan de hacerme firmar la prisi\u00f3n preventiva,&nbsp;<strong>de seguro ser\u00e1 un logro para el fiscal que el d\u00eda que me conoci\u00f3 me dijo \u201cno vas a hacer lo que vos quer\u00e9s\u201d, amenazante delante de polic\u00edas antes que estalle esta comedia dantesca&nbsp;<\/strong>organizada por \u00e9l y su grupo mafioso que quiere ver a Emerenciano derrotado, preso, y a torturar a una mujer como yo por haberse sentido desafiado.<\/p>\n\n\n\n<p>Peor va m\u00e1s all\u00e1, adem\u00e1s de la prisi\u00f3n preventiva ordeno que no tenga acceso a determinados libros, entre ellos dos que me trajo mi hija, uno de Montesquieu y otro sobre el proyecto nacional y popular donde se levanta la figura de Cristina Fern\u00e1ndez de Kirchner, nuestra vicepresidenta. Al parecer son libros prohibidos para m\u00ed, como la birome, como los diarios, radio y hasta el pedido de un MP3 con m\u00fasica cl\u00e1sica, todo es no por orden del fiscal de g\u00e9nero, C\u00e1ceres Olivera, hasta Cristina Kirchner.<\/p>\n\n\n\n<p>Una acci\u00f3n lo dice todo, sigo con mi huelga, libertad a Emerenciano. Domiciliaria ya\u201d, concluy\u00f3 Acu\u00f1a.<\/p>\n","protected":false},"excerpt":{"rendered":"<p>En un ins\u00f3lito giro,&nbsp;Marcela Acu\u00f1a&nbsp;escribi\u00f3 una carta desde su celda en el Departamento Violencia Familiar y de G\u00e9nero de Resistencia, Chaco, en la que&nbsp;apunt\u00f3 directamente contra su hijo C\u00e9sar Sena&nbsp;por el femicidio de Cecilia Strzyzowski, ocurrido el viernes 2 de junio en la casa de la familia. La carta fue distribuida por Patricia, su hermana.<a class=\"read-more\" href=\"https:\/\/elfederalmendoza.com.ar\/index.php\/2023\/07\/03\/marcela-acuna-acuso-a-su-hijo-por-el-femicidio-de-cecilia-en-una-carta-por-que-nos-incriminan-a-nosotros\/\"> [&hellip;]<\/a><\/p>\n","protected":false},"author":2,"featured_media":24763,"comment_status":"open","ping_status":"open","sticky":false,"template":"","format":"standard","meta":{"footnotes":""},"categories":[5618],"tags":[],"class_list":["post-24761","post","type-post","status-publish","format-standard","has-post-thumbnail","hentry","category-arg"],"rttpg_featured_image_url":{"full":["https:\/\/elfederalmendoza.com.ar\/wp-content\/uploads\/2023\/07\/WhatsApp-Image-2023-07-03-at-15.54.39.jpeg",768,432,false],"landscape":["https:\/\/elfederalmendoza.com.ar\/wp-content\/uploads\/2023\/07\/WhatsApp-Image-2023-07-03-at-15.54.39.jpeg",768,432,false],"portraits":["https:\/\/elfederalmendoza.com.ar\/wp-content\/uploads\/2023\/07\/WhatsApp-Image-2023-07-03-at-15.54.39.jpeg",768,432,false],"thumbnail":["https:\/\/elfederalmendoza.com.ar\/wp-content\/uploads\/2023\/07\/WhatsApp-Image-2023-07-03-at-15.54.39-150x150.jpeg",150,150,true],"medium":["https:\/\/elfederalmendoza.com.ar\/wp-content\/uploads\/2023\/07\/WhatsApp-Image-2023-07-03-at-15.54.39-300x169.jpeg",300,169,true],"large":["https:\/\/elfederalmendoza.com.ar\/wp-content\/uploads\/2023\/07\/WhatsApp-Image-2023-07-03-at-15.54.39.jpeg",640,360,false],"1536x1536":["https:\/\/elfederalmendoza.com.ar\/wp-content\/uploads\/2023\/07\/WhatsApp-Image-2023-07-03-at-15.54.39.jpeg",768,432,false],"2048x2048":["https:\/\/elfederalmendoza.com.ar\/wp-content\/uploads\/2023\/07\/WhatsApp-Image-2023-07-03-at-15.54.39.jpeg",768,432,false],"ultp_layout_landscape_large":["https:\/\/elfederalmendoza.com.ar\/wp-content\/uploads\/2023\/07\/WhatsApp-Image-2023-07-03-at-15.54.39.jpeg",768,432,false],"ultp_layout_landscape":["https:\/\/elfederalmendoza.com.ar\/wp-content\/uploads\/2023\/07\/WhatsApp-Image-2023-07-03-at-15.54.39.jpeg",768,432,false],"ultp_layout_portrait":["https:\/\/elfederalmendoza.com.ar\/wp-content\/uploads\/2023\/07\/WhatsApp-Image-2023-07-03-at-15.54.39-600x432.jpeg",600,432,true],"ultp_layout_square":["https:\/\/elfederalmendoza.com.ar\/wp-content\/uploads\/2023\/07\/WhatsApp-Image-2023-07-03-at-15.54.39-600x432.jpeg",600,432,true],"rpwe-thumbnail":["https:\/\/elfederalmendoza.com.ar\/wp-content\/uploads\/2023\/07\/WhatsApp-Image-2023-07-03-at-15.54.39-45x45.jpeg",45,45,true],"advps-thumb-one":["https:\/\/elfederalmendoza.com.ar\/wp-content\/uploads\/2023\/07\/WhatsApp-Image-2023-07-03-at-15.54.39-768x420.jpeg",768,420,true]},"rttpg_author":{"display_name":"Redacci\u00f3n El Federal","author_link":"https:\/\/elfederalmendoza.com.ar\/index.php\/author\/angelflores\/"},"rttpg_comment":0,"rttpg_category":"<a href=\"https:\/\/elfederalmendoza.com.ar\/index.php\/category\/arg\/\" rel=\"category tag\">Argentina<\/a>","rttpg_excerpt":"En un ins\u00f3lito giro,&nbsp;Marcela Acu\u00f1a&nbsp;escribi\u00f3 una carta desde su celda en el Departamento Violencia Familiar y de G\u00e9nero de Resistencia, Chaco, en la que&nbsp;apunt\u00f3 directamente contra su hijo C\u00e9sar Sena&nbsp;por el femicidio de Cecilia Strzyzowski, ocurrido el viernes 2 de junio en la casa de la familia. La carta fue distribuida por Patricia, su hermana.&hellip;","_links":{"self":[{"href":"https:\/\/elfederalmendoza.com.ar\/index.php\/wp-json\/wp\/v2\/posts\/24761","targetHints":{"allow":["GET"]}}],"collection":[{"href":"https:\/\/elfederalmendoza.com.ar\/index.php\/wp-json\/wp\/v2\/posts"}],"about":[{"href":"https:\/\/elfederalmendoza.com.ar\/index.php\/wp-json\/wp\/v2\/types\/post"}],"author":[{"embeddable":true,"href":"https:\/\/elfederalmendoza.com.ar\/index.php\/wp-json\/wp\/v2\/users\/2"}],"replies":[{"embeddable":true,"href":"https:\/\/elfederalmendoza.com.ar\/index.php\/wp-json\/wp\/v2\/comments?post=24761"}],"version-history":[{"count":1,"href":"https:\/\/elfederalmendoza.com.ar\/index.php\/wp-json\/wp\/v2\/posts\/24761\/revisions"}],"predecessor-version":[{"id":24764,"href":"https:\/\/elfederalmendoza.com.ar\/index.php\/wp-json\/wp\/v2\/posts\/24761\/revisions\/24764"}],"wp:featuredmedia":[{"embeddable":true,"href":"https:\/\/elfederalmendoza.com.ar\/index.php\/wp-json\/wp\/v2\/media\/24763"}],"wp:attachment":[{"href":"https:\/\/elfederalmendoza.com.ar\/index.php\/wp-json\/wp\/v2\/media?parent=24761"}],"wp:term":[{"taxonomy":"category","embeddable":true,"href":"https:\/\/elfederalmendoza.com.ar\/index.php\/wp-json\/wp\/v2\/categories?post=24761"},{"taxonomy":"post_tag","embeddable":true,"href":"https:\/\/elfederalmendoza.com.ar\/index.php\/wp-json\/wp\/v2\/tags?post=24761"}],"curies":[{"name":"wp","href":"https:\/\/api.w.org\/{rel}","templated":true}]}}