{"id":24766,"date":"2023-07-03T15:59:32","date_gmt":"2023-07-03T18:59:32","guid":{"rendered":"https:\/\/elfederalmendoza.com\/?p=24766"},"modified":"2023-07-03T15:59:40","modified_gmt":"2023-07-03T18:59:40","slug":"semana-clave-para-el-futuro-de-cacho-garay-se-define-si-el-y-si-complice-quedan-detenidos","status":"publish","type":"post","link":"https:\/\/elfederalmendoza.com.ar\/index.php\/2023\/07\/03\/semana-clave-para-el-futuro-de-cacho-garay-se-define-si-el-y-si-complice-quedan-detenidos\/","title":{"rendered":"Semana clave para el futuro de Cacho Garay: se define si \u00e9l y si c\u00f3mplice quedan detenidos"},"content":{"rendered":"\n<p>Esta semana, la \u00faltima previa a la feria judicial de invierno, ser\u00e1<strong>&nbsp;clave para la causa que investiga a Juan Cacho Garay como autor de un abuso sexual contra su ex pareja,<\/strong>&nbsp;expediente en el que tambi\u00e9n est\u00e1 detenida e imputada una ex pareja del humorista, Sandra Astudillo.<\/p>\n\n\n\n<p>Es que los distintos actores judiciales que intervienen en el expediente\u00a0<strong>deber\u00e1n decidir una serie de planteo<\/strong>s que han generado revuelo en los pasillos de tribunales.<\/p>\n\n\n\n<p>En primera instancia,\u00a0<strong>la nueva fiscal del caso, M\u00f3nica Fernandez Poblet, pidi\u00f3 que se revoque la prisi\u00f3n domiciliaria<\/strong>\u00a0para Cacho Garay y que este regrese a la c\u00e1rcel.<\/p>\n\n\n\n<p>Pero por el contrario, la defensa jug\u00f3 sus cartas y realiz\u00f3 graves denuncias. En primera instancia,&nbsp;<strong>recus\u00f3 a Fernandez Poblet al entender que fue designada a dedo<\/strong>, cuando en realidad, por ley, le correspond\u00eda actuar en el caso a la fiscal Mariana Pedot, siguiente en la lista de turnos a Daniel Carniello, quien fue separado de la causa.<\/p>\n\n\n\n<p>Justamente\u00a0<strong>la decisi\u00f3n de apartar a Carniello<\/strong>\u00a0fue rechazada por la defensa. El abogado Daniel Romero hizo saber que el fiscal estaba realizando un buen trabajo y\u00a0<strong>entiende que la decisi\u00f3n de la jueza Paula Quiroga estuvo \u201cmanipulada\u201d.<\/strong><\/p>\n\n\n\n<p>Y eso no es todo. Es que luego que Quiroga decidiera apartar a Carniello, deb\u00eda actuar otra jueza en el resto de la causa. Entonces<strong>&nbsp;ese trabaj\u00f3 recay\u00f3 en Alejandra Mauricio, quien debi\u00f3 inhibirse al estar \u201cpeleada\u201d con la fiscal Fernandez Poblet.<\/strong><\/p>\n\n\n\n<p>De esta forma,<strong>&nbsp;la causa es manejada por el juez Federico Mart\u00ednez, quien es rechazado por la defensa debido a que el magistrado fue compa\u00f1ero de trabajo de Fernandez Poblet.<\/strong><\/p>\n\n\n\n<p>Pero lo peor para la defensa pas\u00f3 la semana pasada. Es que el martes pasado la denunciante, Ver\u00f3nica Mac\u00edas, ampli\u00f3 su testimonial. Ese d\u00eda deb\u00eda responder preguntas de la defensa.<\/p>\n\n\n\n<p>No obstante, declar\u00f3 durante m\u00e1s de dos horas y respondi\u00f3 un sinf\u00edn de consultas de la fiscal\u00eda.&nbsp;<strong>Cuando lleg\u00f3 el turno de la defensa, la mujer asegur\u00f3 no estar en condiciones y sali\u00f3 de la sala<\/strong>. Para el abogado Romero, indagarla en ese momento era importante porque&nbsp;<strong>hab\u00eda incurrido \u00aben varias contradiciones\u00bb al relatar los hechos denunciados.<\/strong><\/p>\n\n\n\n<p>Y mientras esto ocurr\u00eda,&nbsp;<strong>la auxiliar de justicia borr\u00f3 accidentalmente la declaraci\u00f3n de Mac\u00edas.&nbsp;<\/strong>Esto gener\u00f3 enojo en la defensa, al entender que pudo haber existido una mala intenci\u00f3n en la trabajadora.<\/p>\n\n\n\n<h2 class=\"wp-block-heading\">Cu\u00e1ndo se define si Cacho Garay vuelve a prisi\u00f3n<\/h2>\n\n\n\n<p>Con este panorama de recusaciones y graves denuncias, esta semana habr\u00e1 una serie de&nbsp;<strong>actos que ser\u00e1n clave para la investigaci\u00f3n.<\/strong><\/p>\n\n\n\n<p>En primera instancia,&nbsp;<strong>Cacho Garay tiene turno para una serie de ex\u00e1menes f\u00edsicos&nbsp;<\/strong>cuyos resultados son clave para sostener la domiciliaria.<\/p>\n\n\n\n<p><strong>Luego, el mi\u00e9rcoles, se definir\u00e1 la prisi\u00f3n preventiva de Sandra Astudillo<\/strong>. La fiscal del caso ya pidi\u00f3 que la mujer quede detenida mientras dure el proceso en su contra.<\/p>\n\n\n\n<p><strong>Y el viernes pr\u00f3ximo ser\u00e1 el d\u00eda D para Garay.<\/strong>&nbsp;Ese d\u00eda, el \u00faltimo de actividad previo a la feria, se discutir\u00eda si el humorista viol\u00f3 la prohibici\u00f3n de acercamiento hacia la denunciante y por ende, si se le revoca la domiciliaria.<\/p>\n\n\n\n<p>En medio de todo esto, la justicia sigue elaborando pruebas para sostener la investigaci\u00f3n contra Cacho Garay y Sandra Astudillo.<\/p>\n\n\n\n<p><em>Fuente: Sitio Andino<\/em><\/p>\n","protected":false},"excerpt":{"rendered":"<p>Esta semana, la \u00faltima previa a la feria judicial de invierno, ser\u00e1&nbsp;clave para la causa que investiga a Juan Cacho Garay como autor de un abuso sexual contra su ex pareja,&nbsp;expediente en el que tambi\u00e9n est\u00e1 detenida e imputada una ex pareja del humorista, Sandra Astudillo. Es que los distintos actores judiciales que intervienen en<a class=\"read-more\" href=\"https:\/\/elfederalmendoza.com.ar\/index.php\/2023\/07\/03\/semana-clave-para-el-futuro-de-cacho-garay-se-define-si-el-y-si-complice-quedan-detenidos\/\"> [&hellip;]<\/a><\/p>\n","protected":false},"author":2,"featured_media":23423,"comment_status":"open","ping_status":"open","sticky":false,"template":"","format":"standard","meta":{"footnotes":""},"categories":[1],"tags":[],"class_list":["post-24766","post","type-post","status-publish","format-standard","has-post-thumbnail","hentry","category-mza"],"rttpg_featured_image_url":{"full":["https:\/\/elfederalmendoza.com.ar\/wp-content\/uploads\/2023\/06\/cacho-garay4.jpg",474,203,false],"landscape":["https:\/\/elfederalmendoza.com.ar\/wp-content\/uploads\/2023\/06\/cacho-garay4.jpg",474,203,false],"portraits":["https:\/\/elfederalmendoza.com.ar\/wp-content\/uploads\/2023\/06\/cacho-garay4.jpg",474,203,false],"thumbnail":["https:\/\/elfederalmendoza.com.ar\/wp-content\/uploads\/2023\/06\/cacho-garay4-150x150.jpg",150,150,true],"medium":["https:\/\/elfederalmendoza.com.ar\/wp-content\/uploads\/2023\/06\/cacho-garay4-300x128.jpg",300,128,true],"large":["https:\/\/elfederalmendoza.com.ar\/wp-content\/uploads\/2023\/06\/cacho-garay4.jpg",474,203,false],"1536x1536":["https:\/\/elfederalmendoza.com.ar\/wp-content\/uploads\/2023\/06\/cacho-garay4.jpg",474,203,false],"2048x2048":["https:\/\/elfederalmendoza.com.ar\/wp-content\/uploads\/2023\/06\/cacho-garay4.jpg",474,203,false],"ultp_layout_landscape_large":["https:\/\/elfederalmendoza.com.ar\/wp-content\/uploads\/2023\/06\/cacho-garay4.jpg",474,203,false],"ultp_layout_landscape":["https:\/\/elfederalmendoza.com.ar\/wp-content\/uploads\/2023\/06\/cacho-garay4.jpg",474,203,false],"ultp_layout_portrait":["https:\/\/elfederalmendoza.com.ar\/wp-content\/uploads\/2023\/06\/cacho-garay4.jpg",474,203,false],"ultp_layout_square":["https:\/\/elfederalmendoza.com.ar\/wp-content\/uploads\/2023\/06\/cacho-garay4.jpg",474,203,false],"rpwe-thumbnail":["https:\/\/elfederalmendoza.com.ar\/wp-content\/uploads\/2023\/06\/cacho-garay4-45x45.jpg",45,45,true],"advps-thumb-one":["https:\/\/elfederalmendoza.com.ar\/wp-content\/uploads\/2023\/06\/cacho-garay4.jpg",474,203,false]},"rttpg_author":{"display_name":"Redacci\u00f3n El Federal","author_link":"https:\/\/elfederalmendoza.com.ar\/index.php\/author\/angelflores\/"},"rttpg_comment":0,"rttpg_category":"<a href=\"https:\/\/elfederalmendoza.com.ar\/index.php\/category\/mza\/\" rel=\"category tag\">Mendoza<\/a>","rttpg_excerpt":"Esta semana, la \u00faltima previa a la feria judicial de invierno, ser\u00e1&nbsp;clave para la causa que investiga a Juan Cacho Garay como autor de un abuso sexual contra su ex pareja,&nbsp;expediente en el que tambi\u00e9n est\u00e1 detenida e imputada una ex pareja del humorista, Sandra Astudillo. Es que los distintos actores judiciales que intervienen en&hellip;","_links":{"self":[{"href":"https:\/\/elfederalmendoza.com.ar\/index.php\/wp-json\/wp\/v2\/posts\/24766","targetHints":{"allow":["GET"]}}],"collection":[{"href":"https:\/\/elfederalmendoza.com.ar\/index.php\/wp-json\/wp\/v2\/posts"}],"about":[{"href":"https:\/\/elfederalmendoza.com.ar\/index.php\/wp-json\/wp\/v2\/types\/post"}],"author":[{"embeddable":true,"href":"https:\/\/elfederalmendoza.com.ar\/index.php\/wp-json\/wp\/v2\/users\/2"}],"replies":[{"embeddable":true,"href":"https:\/\/elfederalmendoza.com.ar\/index.php\/wp-json\/wp\/v2\/comments?post=24766"}],"version-history":[{"count":2,"href":"https:\/\/elfederalmendoza.com.ar\/index.php\/wp-json\/wp\/v2\/posts\/24766\/revisions"}],"predecessor-version":[{"id":24771,"href":"https:\/\/elfederalmendoza.com.ar\/index.php\/wp-json\/wp\/v2\/posts\/24766\/revisions\/24771"}],"wp:featuredmedia":[{"embeddable":true,"href":"https:\/\/elfederalmendoza.com.ar\/index.php\/wp-json\/wp\/v2\/media\/23423"}],"wp:attachment":[{"href":"https:\/\/elfederalmendoza.com.ar\/index.php\/wp-json\/wp\/v2\/media?parent=24766"}],"wp:term":[{"taxonomy":"category","embeddable":true,"href":"https:\/\/elfederalmendoza.com.ar\/index.php\/wp-json\/wp\/v2\/categories?post=24766"},{"taxonomy":"post_tag","embeddable":true,"href":"https:\/\/elfederalmendoza.com.ar\/index.php\/wp-json\/wp\/v2\/tags?post=24766"}],"curies":[{"name":"wp","href":"https:\/\/api.w.org\/{rel}","templated":true}]}}