{"id":24772,"date":"2023-07-03T19:23:30","date_gmt":"2023-07-03T22:23:30","guid":{"rendered":"https:\/\/elfederalmendoza.com\/?p=24772"},"modified":"2023-07-03T19:23:30","modified_gmt":"2023-07-03T22:23:30","slug":"el-baqueano-y-potasio-rio-colorado-los-ejes-de-la-reunion-que-encabezo-el-gobernador-suarez","status":"publish","type":"post","link":"https:\/\/elfederalmendoza.com.ar\/index.php\/2023\/07\/03\/el-baqueano-y-potasio-rio-colorado-los-ejes-de-la-reunion-que-encabezo-el-gobernador-suarez\/","title":{"rendered":"El Baqueano y Potasio R\u00edo Colorado, los ejes de la reuni\u00f3n que encabez\u00f3 el gobernador Su\u00e1rez"},"content":{"rendered":"\n<p>El&nbsp;<strong>gobernador Rodolfo Su\u00e1rez&nbsp;<\/strong>encabez\u00f3 una nueva<strong>&nbsp;reuni\u00f3n de gabinete interministerial<\/strong>. En el encuentro tocaron diferentes temas relacionados a la gesti\u00f3n provincial. Acordaron un nuevo encuentro de gabinete para la pr\u00f3xima semana en el<strong>&nbsp;Sur de la provincia.<\/strong><\/p>\n\n\n\n<p>Estuvieron presentes los\u00a0<strong>ministros de Salud, Desarrollo Social y Deportes, Ana Mar\u00eda Nadal; Gobierno, Trabajo y Justicia, V\u00edctor Iba\u00f1ez; Cultura y Turismo, Nora Vicario; Hacienda y Finanzas, V\u00edctor Fayad; Seguridad, Ra\u00fal Levrino; Econom\u00eda y Energ\u00eda, Enrique Vaqui\u00e9 y de Planificaci\u00f3n P\u00fablica e Infraestructura, Mario Isgr\u00f3.<\/strong><\/p>\n\n\n\n<p>Tambi\u00e9n participaron el&nbsp;<strong>secretario de Ordenamiento Territorial, Humberto Mingorance; el director general de Escuelas, Jos\u00e9 Thomas; el coordinador de Gabinete, Claudio Romano y el asesor de la gobernaci\u00f3n, Gustavo Videla.<\/strong><\/p>\n\n\n\n<p>Durante el encuentro realizaron un repaso de los proyectos que se encuentran en ejecuci\u00f3n y de los que est\u00e1n pr\u00f3ximos a comenzar. Entre ellos hicieron referencia a la&nbsp;<strong>audiencia p\u00fablica El Baqueano<\/strong>, la situaci\u00f3n de&nbsp;<strong>Potasio Rio Colorado (PRC) y Hierro Indio<\/strong>. Asimismo, hicieron un balance de la situaci\u00f3n de la infraestructura tur\u00edstica, vial, educativa y de vivienda de la provincia.<\/p>\n","protected":false},"excerpt":{"rendered":"<p>El&nbsp;gobernador Rodolfo Su\u00e1rez&nbsp;encabez\u00f3 una nueva&nbsp;reuni\u00f3n de gabinete interministerial. En el encuentro tocaron diferentes temas relacionados a la gesti\u00f3n provincial. Acordaron un nuevo encuentro de gabinete para la pr\u00f3xima semana en el&nbsp;Sur de la provincia. Estuvieron presentes los\u00a0ministros de Salud, Desarrollo Social y Deportes, Ana Mar\u00eda Nadal; Gobierno, Trabajo y Justicia, V\u00edctor Iba\u00f1ez; Cultura y Turismo,<a class=\"read-more\" href=\"https:\/\/elfederalmendoza.com.ar\/index.php\/2023\/07\/03\/el-baqueano-y-potasio-rio-colorado-los-ejes-de-la-reunion-que-encabezo-el-gobernador-suarez\/\"> [&hellip;]<\/a><\/p>\n","protected":false},"author":2,"featured_media":24780,"comment_status":"open","ping_status":"open","sticky":false,"template":"","format":"standard","meta":{"footnotes":""},"categories":[1],"tags":[],"class_list":["post-24772","post","type-post","status-publish","format-standard","has-post-thumbnail","hentry","category-mza"],"rttpg_featured_image_url":{"full":["https:\/\/elfederalmendoza.com.ar\/wp-content\/uploads\/2023\/07\/WhatsApp-Image-2023-07-03-at-19.23.14.jpeg",1023,592,false],"landscape":["https:\/\/elfederalmendoza.com.ar\/wp-content\/uploads\/2023\/07\/WhatsApp-Image-2023-07-03-at-19.23.14.jpeg",1023,592,false],"portraits":["https:\/\/elfederalmendoza.com.ar\/wp-content\/uploads\/2023\/07\/WhatsApp-Image-2023-07-03-at-19.23.14.jpeg",1023,592,false],"thumbnail":["https:\/\/elfederalmendoza.com.ar\/wp-content\/uploads\/2023\/07\/WhatsApp-Image-2023-07-03-at-19.23.14-150x150.jpeg",150,150,true],"medium":["https:\/\/elfederalmendoza.com.ar\/wp-content\/uploads\/2023\/07\/WhatsApp-Image-2023-07-03-at-19.23.14-300x174.jpeg",300,174,true],"large":["https:\/\/elfederalmendoza.com.ar\/wp-content\/uploads\/2023\/07\/WhatsApp-Image-2023-07-03-at-19.23.14.jpeg",640,370,false],"1536x1536":["https:\/\/elfederalmendoza.com.ar\/wp-content\/uploads\/2023\/07\/WhatsApp-Image-2023-07-03-at-19.23.14.jpeg",1023,592,false],"2048x2048":["https:\/\/elfederalmendoza.com.ar\/wp-content\/uploads\/2023\/07\/WhatsApp-Image-2023-07-03-at-19.23.14.jpeg",1023,592,false],"ultp_layout_landscape_large":["https:\/\/elfederalmendoza.com.ar\/wp-content\/uploads\/2023\/07\/WhatsApp-Image-2023-07-03-at-19.23.14.jpeg",1023,592,false],"ultp_layout_landscape":["https:\/\/elfederalmendoza.com.ar\/wp-content\/uploads\/2023\/07\/WhatsApp-Image-2023-07-03-at-19.23.14-870x570.jpeg",870,570,true],"ultp_layout_portrait":["https:\/\/elfederalmendoza.com.ar\/wp-content\/uploads\/2023\/07\/WhatsApp-Image-2023-07-03-at-19.23.14-600x592.jpeg",600,592,true],"ultp_layout_square":["https:\/\/elfederalmendoza.com.ar\/wp-content\/uploads\/2023\/07\/WhatsApp-Image-2023-07-03-at-19.23.14-600x592.jpeg",600,592,true],"rpwe-thumbnail":["https:\/\/elfederalmendoza.com.ar\/wp-content\/uploads\/2023\/07\/WhatsApp-Image-2023-07-03-at-19.23.14-45x45.jpeg",45,45,true],"advps-thumb-one":["https:\/\/elfederalmendoza.com.ar\/wp-content\/uploads\/2023\/07\/WhatsApp-Image-2023-07-03-at-19.23.14-1023x420.jpeg",1023,420,true]},"rttpg_author":{"display_name":"Redacci\u00f3n El Federal","author_link":"https:\/\/elfederalmendoza.com.ar\/index.php\/author\/angelflores\/"},"rttpg_comment":0,"rttpg_category":"<a href=\"https:\/\/elfederalmendoza.com.ar\/index.php\/category\/mza\/\" rel=\"category tag\">Mendoza<\/a>","rttpg_excerpt":"El&nbsp;gobernador Rodolfo Su\u00e1rez&nbsp;encabez\u00f3 una nueva&nbsp;reuni\u00f3n de gabinete interministerial. En el encuentro tocaron diferentes temas relacionados a la gesti\u00f3n provincial. Acordaron un nuevo encuentro de gabinete para la pr\u00f3xima semana en el&nbsp;Sur de la provincia. Estuvieron presentes los\u00a0ministros de Salud, Desarrollo Social y Deportes, Ana Mar\u00eda Nadal; Gobierno, Trabajo y Justicia, V\u00edctor Iba\u00f1ez; Cultura y Turismo,&hellip;","_links":{"self":[{"href":"https:\/\/elfederalmendoza.com.ar\/index.php\/wp-json\/wp\/v2\/posts\/24772","targetHints":{"allow":["GET"]}}],"collection":[{"href":"https:\/\/elfederalmendoza.com.ar\/index.php\/wp-json\/wp\/v2\/posts"}],"about":[{"href":"https:\/\/elfederalmendoza.com.ar\/index.php\/wp-json\/wp\/v2\/types\/post"}],"author":[{"embeddable":true,"href":"https:\/\/elfederalmendoza.com.ar\/index.php\/wp-json\/wp\/v2\/users\/2"}],"replies":[{"embeddable":true,"href":"https:\/\/elfederalmendoza.com.ar\/index.php\/wp-json\/wp\/v2\/comments?post=24772"}],"version-history":[{"count":1,"href":"https:\/\/elfederalmendoza.com.ar\/index.php\/wp-json\/wp\/v2\/posts\/24772\/revisions"}],"predecessor-version":[{"id":24781,"href":"https:\/\/elfederalmendoza.com.ar\/index.php\/wp-json\/wp\/v2\/posts\/24772\/revisions\/24781"}],"wp:featuredmedia":[{"embeddable":true,"href":"https:\/\/elfederalmendoza.com.ar\/index.php\/wp-json\/wp\/v2\/media\/24780"}],"wp:attachment":[{"href":"https:\/\/elfederalmendoza.com.ar\/index.php\/wp-json\/wp\/v2\/media?parent=24772"}],"wp:term":[{"taxonomy":"category","embeddable":true,"href":"https:\/\/elfederalmendoza.com.ar\/index.php\/wp-json\/wp\/v2\/categories?post=24772"},{"taxonomy":"post_tag","embeddable":true,"href":"https:\/\/elfederalmendoza.com.ar\/index.php\/wp-json\/wp\/v2\/tags?post=24772"}],"curies":[{"name":"wp","href":"https:\/\/api.w.org\/{rel}","templated":true}]}}