{"id":24773,"date":"2023-07-03T18:15:36","date_gmt":"2023-07-03T21:15:36","guid":{"rendered":"https:\/\/elfederalmendoza.com\/?p=24773"},"modified":"2023-07-03T18:15:36","modified_gmt":"2023-07-03T21:15:36","slug":"en-una-carta-marcela-acuna-acusa-a-su-hijo-del-femicidio-de-cecilia-strzyzowski-por-que-si-fue-cesar-responsable-nos-incriminan-a-nosotros","status":"publish","type":"post","link":"https:\/\/elfederalmendoza.com.ar\/index.php\/2023\/07\/03\/en-una-carta-marcela-acuna-acusa-a-su-hijo-del-femicidio-de-cecilia-strzyzowski-por-que-si-fue-cesar-responsable-nos-incriminan-a-nosotros\/","title":{"rendered":"En una carta, Marcela Acu\u00f1a acusa a su hijo del femicidio de Cecilia Strzyzowski: \u00ab\u00bfPor qu\u00e9 si fue C\u00e9sar responsable nos incriminan a nosotros?\u00bb"},"content":{"rendered":"\n<p>\u00ab\u00bfPor qu\u00e9 si fue C\u00e9sar responsable nos incriminan a nosotros?\u00bb, se pregunta la madre de C\u00e9sar Sena, expareja de la v\u00edctima desaparecida en Chaco hace m\u00e1s de un mes.<\/p>\n\n\n\n<p><strong>Marcela Acu\u00f1a<\/strong>, quien es una de las siete personas detenidas en el marco de la investigaci\u00f3n del femicidio de&nbsp;<strong>Cecilia Strzyzowski<\/strong>, de quien no se sabe nada desde el 2 de junio en la provincia de Chaco, escribi\u00f3 una carta en la que acusa a su hijo&nbsp;<strong>C\u00e9sar Sena<\/strong>&nbsp;del crimen de la joven y&nbsp;<strong>dice que tanta ella como su marido, Emerenciano Sena son inocentes.<\/strong><\/p>\n\n\n\n<p>Acu\u00f1a escribi\u00f3 de pu\u00f1o y letra una misiva de dos carillas en el Departamento de Violencia Familiar y de G\u00e9nero donde permanece detenida desde el 9 de junio, acusada del femicidio de su exnuera luego de haber sido imputada por homicidio agravado por el concurso premeditado de dos o m\u00e1s personas en car\u00e1cter de coautores.<\/p>\n\n\n\n<p>La dirigente social y precandidata a intendente de Resistencia apunt\u00f3 contra los medios de comunicaci\u00f3n, el \u00abpartido judicial\u00bb y la Uni\u00f3n C\u00edvica Radical por lo que entiende se trata de una \u00abcausa armada\u00bb. La mujer se deslig\u00f3 por completo de la desaparici\u00f3n y posterior muerte de Strzyzowski, y asegur\u00f3 que a ella y su esposo quieren inculparlos \u00absin pruebas\u00bb.<\/p>\n\n\n\n<p><strong>\u00ab\u00bfPor qu\u00e9 si fue C\u00e9sar responsable nos incriminan a nosotros?\u00bb<\/strong>, se pregunta en la misiva y agrega que el Equipo Fiscal Especial \u00abnos tiene no solo encerrados, pase\u00e1ndonos como trofeos con esposas como delincuentes, sino que nos mete en una causa con una caratula que no se sostiene hacia nosotros con pruebas, solo con supuestos\u00bb.<\/p>\n\n\n\n<figure class=\"wp-block-image\"><img decoding=\"async\" src=\"https:\/\/media.diariopopular.com.ar\/p\/061b81c6e196d3e28e0c94ae885c382a\/adjuntos\/143\/imagenes\/008\/095\/0008095265\/1140x0\/smart\/carta-marcela-acuniajpg.jpg\" alt=\"\" title=\"\"\/><\/figure>\n\n\n\n<p>En la carta, Acu\u00f1a consider\u00f3 que su detenci\u00f3n y la de su esposo responde a haber dado \u00abdignidad junto a un proyecto nacional y popular que nos permiti\u00f3 hacerlo, no solo a nosotros, sino a cientos de dirigentes\u00bb.<\/p>\n\n\n\n<p><strong>\u00abEl punto exacto para atacarnos en serie a Emerenciano, a lo que \u00e9l significa, y a (Jorge) Capitanich, en un escenario electoral, donde lo que tienen son los grandes medios a su favor, y una justicia de calzoncillos flojos\u00bb que -dijo- \u00abest\u00e1 influenciada por los grupos econ\u00f3micos\u00bb.<\/strong><\/p>\n\n\n\n<p>Reclam\u00f3 su liberaci\u00f3n y en particular de la de Emerenciano Sena, quien a trav\u00e9s de su abogado present\u00f3 una eximici\u00f3n de prisi\u00f3n y seguir con r\u00e9gimen domiciliario argumentando que se encuentra delicado de salud a causa de la diabetes que padece. \u00abLibertad a Emerenciano. Domiciliaria ya\u00bb, exigi\u00f3.<\/p>\n\n\n\n<figure class=\"wp-block-image\"><img decoding=\"async\" src=\"https:\/\/media.diariopopular.com.ar\/p\/48e7a2e63c50eb53af154ce002a325d7\/adjuntos\/143\/imagenes\/008\/094\/0008094002\/1140x0\/smart\/cesar-sena-y-cecilia-el-ex-marido-es-uno-los-imputados-el-presunto-femicidio-los-analisis-adn-pueden-ser-clave.jpg\" alt=\"C&eacute;sar Sena es otro de los detenidos e imputados por el femicidio de su expareja, Cecilia Strzyzowski.\" title=\"C\u00e9sar Sena y Cecilia. El ex marido es uno de los imputados por el presunto femicidio. Los an\u00e1lisis de ADN pueden ser clave.\"\/><\/figure>\n\n\n\n<p>C\u00e9sar Sena es otro de los detenidos e imputados por el femicidio de su expareja, Cecilia Strzyzowski.<\/p>\n\n\n\n<h3 class=\"wp-block-heading\">El texto completo de la carta de Marcela Acu\u00f1a dice:<\/h3>\n\n\n\n<p><em>Presos con Emerenciano siendo inocentes; con una causa armada desde el partido judicial y radicales. No hay que confundir, una cosa es el hecho del femicidio de Cecilia, repudiable desde todo punto de vista, y otra cosa es el querer inculparnos desde una fiscal\u00eda que sin pruebas nos tiene no solo encerrados, pase\u00e1ndonos como trofeos con esposas como delincuentes, sino que nos mete en una causa con una caratula que no se sostiene hacia nosotros con pruebas, solo con supuestos.<\/em><\/p>\n\n\n\n<p><em>\u00bfPor qu\u00e9, si fue C\u00e9sar (mi hijo) responsable, nos incriminan a nosotros? Creo que por muchos motivos, principalmente la grieta que vivimos como patria, nosotros somos parte de una generaci\u00f3n nueva junto a Emerenciano. Hemos dados dignidad junto a un proyecto nacional y popular que nos permiti\u00f3 hacerlo, no solo a nosotros, sino a cientos de dirigentes que iniciaron, de alguna manera, MIRANDONOS EL CAMINO DE LA AUTOGESTION. Y este hecho para el pa\u00eds que no queremos volver (2002) es imperdonable.<\/em><\/p>\n\n\n\n<p><em>Encontraron el punto exacto para atacarnos en serie a Emerenciano, a lo que \u00e9l significa, y a Capitanich, en un escenario electoral, donde lo que tienen son los grandes medios a su favor, y una justicia de calzoncillos flojos que, indudablemente, influenciados por los grupos econ\u00f3micos que manejan los grandes medios, no dud\u00f3 en encerrarnos y prenderse a los desmanes del falso periodismo, sumado a las redes il\u00edcitas de difamaci\u00f3n, los cuales son muchos.<\/em><\/p>\n\n\n\n<p><em>Los radicales \u2026 ver (ilegible) , y por desgracia, tomaron el dolor de un pedido por bandera pol\u00edtica, mezclando todo y dando mucho para que se tergiverse los medios.<\/em><\/p>\n\n\n\n<p><em>Creo que a esto se sumaron los que responden directamente a la matricula ideol\u00f3gica de los dictadores militares, portales truchos que siempre en nombre de la patria anhelan matar de alguna manera a nosotros \u00ablos negros\u00bb y aqu\u00ed estamos en esa batalla donde los que estamos encerrados somos nosotros, no ellos, y nuestra vulnerabilidad, sin tener voz y privados de libertad, hace que seamos socialmente culpables.<\/em><\/p>\n\n\n\n<p><em>Condena social por ser pap\u00e1 y mam\u00e1 de C\u00e9sar, por ser piquetero, por ser socialistas, por haber tenido a mi padre detenido por razones pol\u00edticas, por haber levantado la bandera cubana con la argentina, por amar a un caudillo rojo (Emerenciano), por haber hecho Emerenciano m\u00e1s de 400 casas y estamentos p\u00fablicos, SINEM presos por haber creados bibliotecas, centros de recreaci\u00f3n, y tanto m\u00e1s.<\/em><\/p>\n\n\n\n<p><em>Todo esto nos hace culpables, clan, mafiosos para la justicia y para aquellos oportunistas que creen que van a volver a gobernar la provincia, y que con el encierro a Emerenciano y la exposici\u00f3n p\u00fablica van a ganar y gobernar.<\/em><\/p>\n\n\n\n<p><em>Somos inocentes y aquellos que act\u00faan con malicia, que Dios los perdone, han generado mucho dolor y eso todo Dios ve. No se usa el dolor ajeno para posicionarse en una sociedad que cree en los medios de comunicaci\u00f3n.<\/em><\/p>\n\n\n\n<p><em>Cambio de color de birome porque el fiscal dictamin\u00f3 que en mi encierro debo escribir lo menos posible, por lo cual debo pedir con anticipaci\u00f3n la birome, bajo la excusa de que es un riesgo.<\/em><\/p>\n\n\n\n<p><em>Asimismo, terminan de hacerme firmar la prisi\u00f3n preventiva, de seguro ser\u00e1 un logro para el fiscal que el d\u00eda que me conoci\u00f3 me dijo \u00abno vas a hacer lo que vos quer\u00e9s\u00bb, amenazante delante de polic\u00edas antes que estalle esta comedia dantesca organizada por \u00e9l y su grupo mafioso que quiere ver a Emerenciano derrotado, preso, y a torturar a una mujer como yo por haberse sentido desafiado.<\/em><\/p>\n\n\n\n<p><em>Peor va m\u00e1s all\u00e1, adem\u00e1s de la prisi\u00f3n preventiva ordeno que no tenga acceso a determinados libros, entre ellos dos que me trajo mi hija, uno de Montesquiu y otro sobre el proyecto nacional y popular donde se levanta la figura de Cristina Fern\u00e1ndez de Kirchner, nuestra vicepresidenta. Al parecer son libros prohibidos para m\u00ed, como la birome, como los diarios, radio y hasta el pedido de un MP3 con m\u00fasica cl\u00e1sica, todo es no por orden del fiscal de g\u00e9nero, C\u00e1ceres Olivera, hasta Cristina Kirchner.<\/em><\/p>\n\n\n\n<p><em>Una acci\u00f3n lo dice todo, sigo con mi huelga, libertad a Emerenciano. Domiciliaria ya.<\/em><\/p>\n","protected":false},"excerpt":{"rendered":"<p>\u00ab\u00bfPor qu\u00e9 si fue C\u00e9sar responsable nos incriminan a nosotros?\u00bb, se pregunta la madre de C\u00e9sar Sena, expareja de la v\u00edctima desaparecida en Chaco hace m\u00e1s de un mes. Marcela Acu\u00f1a, quien es una de las siete personas detenidas en el marco de la investigaci\u00f3n del femicidio de&nbsp;Cecilia Strzyzowski, de quien no se sabe nada<a class=\"read-more\" href=\"https:\/\/elfederalmendoza.com.ar\/index.php\/2023\/07\/03\/en-una-carta-marcela-acuna-acusa-a-su-hijo-del-femicidio-de-cecilia-strzyzowski-por-que-si-fue-cesar-responsable-nos-incriminan-a-nosotros\/\"> [&hellip;]<\/a><\/p>\n","protected":false},"author":2,"featured_media":24775,"comment_status":"open","ping_status":"open","sticky":false,"template":"","format":"standard","meta":{"footnotes":""},"categories":[5618],"tags":[],"class_list":["post-24773","post","type-post","status-publish","format-standard","has-post-thumbnail","hentry","category-arg"],"rttpg_featured_image_url":{"full":["https:\/\/elfederalmendoza.com.ar\/wp-content\/uploads\/2023\/07\/cesar.jpg",944,619,false],"landscape":["https:\/\/elfederalmendoza.com.ar\/wp-content\/uploads\/2023\/07\/cesar.jpg",944,619,false],"portraits":["https:\/\/elfederalmendoza.com.ar\/wp-content\/uploads\/2023\/07\/cesar.jpg",944,619,false],"thumbnail":["https:\/\/elfederalmendoza.com.ar\/wp-content\/uploads\/2023\/07\/cesar-150x150.jpg",150,150,true],"medium":["https:\/\/elfederalmendoza.com.ar\/wp-content\/uploads\/2023\/07\/cesar-300x197.jpg",300,197,true],"large":["https:\/\/elfederalmendoza.com.ar\/wp-content\/uploads\/2023\/07\/cesar.jpg",640,420,false],"1536x1536":["https:\/\/elfederalmendoza.com.ar\/wp-content\/uploads\/2023\/07\/cesar.jpg",944,619,false],"2048x2048":["https:\/\/elfederalmendoza.com.ar\/wp-content\/uploads\/2023\/07\/cesar.jpg",944,619,false],"ultp_layout_landscape_large":["https:\/\/elfederalmendoza.com.ar\/wp-content\/uploads\/2023\/07\/cesar.jpg",944,619,false],"ultp_layout_landscape":["https:\/\/elfederalmendoza.com.ar\/wp-content\/uploads\/2023\/07\/cesar-870x570.jpg",870,570,true],"ultp_layout_portrait":["https:\/\/elfederalmendoza.com.ar\/wp-content\/uploads\/2023\/07\/cesar-600x619.jpg",600,619,true],"ultp_layout_square":["https:\/\/elfederalmendoza.com.ar\/wp-content\/uploads\/2023\/07\/cesar-600x600.jpg",600,600,true],"rpwe-thumbnail":["https:\/\/elfederalmendoza.com.ar\/wp-content\/uploads\/2023\/07\/cesar-45x45.jpg",45,45,true],"advps-thumb-one":["https:\/\/elfederalmendoza.com.ar\/wp-content\/uploads\/2023\/07\/cesar-944x420.jpg",944,420,true]},"rttpg_author":{"display_name":"Redacci\u00f3n El Federal","author_link":"https:\/\/elfederalmendoza.com.ar\/index.php\/author\/angelflores\/"},"rttpg_comment":0,"rttpg_category":"<a href=\"https:\/\/elfederalmendoza.com.ar\/index.php\/category\/arg\/\" rel=\"category tag\">Argentina<\/a>","rttpg_excerpt":"\u00ab\u00bfPor qu\u00e9 si fue C\u00e9sar responsable nos incriminan a nosotros?\u00bb, se pregunta la madre de C\u00e9sar Sena, expareja de la v\u00edctima desaparecida en Chaco hace m\u00e1s de un mes. Marcela Acu\u00f1a, quien es una de las siete personas detenidas en el marco de la investigaci\u00f3n del femicidio de&nbsp;Cecilia Strzyzowski, de quien no se sabe nada&hellip;","_links":{"self":[{"href":"https:\/\/elfederalmendoza.com.ar\/index.php\/wp-json\/wp\/v2\/posts\/24773","targetHints":{"allow":["GET"]}}],"collection":[{"href":"https:\/\/elfederalmendoza.com.ar\/index.php\/wp-json\/wp\/v2\/posts"}],"about":[{"href":"https:\/\/elfederalmendoza.com.ar\/index.php\/wp-json\/wp\/v2\/types\/post"}],"author":[{"embeddable":true,"href":"https:\/\/elfederalmendoza.com.ar\/index.php\/wp-json\/wp\/v2\/users\/2"}],"replies":[{"embeddable":true,"href":"https:\/\/elfederalmendoza.com.ar\/index.php\/wp-json\/wp\/v2\/comments?post=24773"}],"version-history":[{"count":1,"href":"https:\/\/elfederalmendoza.com.ar\/index.php\/wp-json\/wp\/v2\/posts\/24773\/revisions"}],"predecessor-version":[{"id":24776,"href":"https:\/\/elfederalmendoza.com.ar\/index.php\/wp-json\/wp\/v2\/posts\/24773\/revisions\/24776"}],"wp:featuredmedia":[{"embeddable":true,"href":"https:\/\/elfederalmendoza.com.ar\/index.php\/wp-json\/wp\/v2\/media\/24775"}],"wp:attachment":[{"href":"https:\/\/elfederalmendoza.com.ar\/index.php\/wp-json\/wp\/v2\/media?parent=24773"}],"wp:term":[{"taxonomy":"category","embeddable":true,"href":"https:\/\/elfederalmendoza.com.ar\/index.php\/wp-json\/wp\/v2\/categories?post=24773"},{"taxonomy":"post_tag","embeddable":true,"href":"https:\/\/elfederalmendoza.com.ar\/index.php\/wp-json\/wp\/v2\/tags?post=24773"}],"curies":[{"name":"wp","href":"https:\/\/api.w.org\/{rel}","templated":true}]}}